{"id":85,"date":"2019-02-05T16:08:27","date_gmt":"2019-02-05T16:08:27","guid":{"rendered":"https:\/\/blog.desenzanoloft.com\/?p=85"},"modified":"2019-03-20T09:55:22","modified_gmt":"2019-03-20T09:55:22","slug":"colnago-cycling-festival-2019","status":"publish","type":"post","link":"https:\/\/blog.desenzanoloft.com\/pl\/colnago-cycling-festival-2019\/","title":{"rendered":"COLNAGO CYCLING FESTIVAL 2019"},"content":{"rendered":"<h2>COLNAGO CYCLING FESTIVAL 2019<\/h2>\n<p>COLNAGO CYCLING FESTIVAL 2019, anche quest&#8217;anno torna la spettacolare gran fondo ideata da Ernesto Colnago in persona, nella splendida cornice del Lago di Garda.<br \/>\nDiversi i programmi delle competizioni per grado di difficolt\u00e0, cos\u00ec da accontentare ogni concorrente.<br \/>\nPartenza e Arrivo a Desenzano del Garda, dal 5 al\u00a07 aprile 2019.<\/p>\n<p>PERCORSI:<\/p>\n<p>Percorso Medio:\u00a0110 km\u00a0di\u00a0lunghezza, i\u00a01.384 m\u00a0di\u00a0dislivello\u00a0e due importanti salite, quella di\u00a0San Michele\u00a0e quella delle\u00a0Coste.<\/p>\n<p>Percorso Lungo: in questa edizione l&#8217;itinerario costegger\u00e0 il\u00a0Lago\u00a0di\u00a0Garda,\u00a0e si allungher\u00e0 fino a toccare il\u00a0Lago\u00a0d\u2019Idro, con un rinnovamento che vi dar\u00e0 la possibilit\u00e0 di esplorare una tra le localit\u00e0 pi\u00f9 affascinanti del territorio della Provincia di Brescia! Novit\u00e0 anche per quanto riguarda le\u00a0salite\u00a0che caratterizzeranno il tracciato con tre nuove, ossia quella di\u00a0Navazzo, quella di\u00a0Valvestino\u00a0e quella pi\u00f9 dolce di\u00a0Preseglie. La\u00a0lunghezza\u00a0del percorso sar\u00e0 di\u00a0145 km, con un\u00a0dislivello\u00a0di\u00a02.130 m.<\/p>\n<p>Inoltre ci saranno eventi ciclistici per ciclo amatori, bambini e ragazzi e manifestazioni per coinvolgere l&#8217;intera famiglia e i visitatori nella citt\u00e0 di Desenzano del Garda.<\/p>\n<p>Programma completo:<\/p>\n<div class=\"vc_row wpb_row vc_row-fluid\">\n<div class=\"wpb_column vc_column_container vc_col-sm-6\">\n<div class=\"vc_column-inner\">\n<div class=\"wpb_wrapper\">\n<div class=\"wpb_text_column wpb_content_element \">\n<div class=\"wpb_wrapper\">\n<p><strong>Venerdi 5 Aprile<br \/>\n<\/strong>Ore 8.00\u00a0\u2013 Ritiro pettorali Randonne\u00e9<br \/>\nDalle 9.00 alle 9.30\u00a0\u2013 Partenza alla francese Randonne\u00e9 Giro del Lago di Garda<br \/>\nOre 10.00\u00a0\u2013 Apertura Area Expo<br \/>\nOre 13.00\u00a0\u2013 Orario previsto primi arrivi percorso corto Randonne\u00e9<br \/>\nOre 17.00\u00a0\u2013 Orario previsto primi arrivi percorso lungo Randonn\u00e9e<br \/>\nDalle 16.00 alle 19.00\u00a0\u2013 Distribuzione pettorali<\/p>\n<p><strong>Sabato 6 Aprile<br \/>\n<\/strong>Ore 10.00\u00a0\u2013 Apertura Area Expo<br \/>\nOre 10.00\u00a0\u2013 Apertura sala stampa<br \/>\nOre 11.00\u00a0\u2013 Progetto \u201cAuto&amp;Bici Amici\u201d curato dall\u2019Ass. AIMANC<br \/>\nDalle\u00a014.00 alle 19.00\u00a0\u2013 Distribuzione pettorali (Piazza Malvezzi, Desenzano d\/G)<br \/>\nOre 14.00\u00a0\u2013 Partenza Junior Bike \u2013 Prova abilit\u00e0<br \/>\nOre 17.30\u00a0\u2013 Premiazioni Junior Bike \u2013 Prova abilit\u00e0<br \/>\nOre 19.00\u00a0\u2013 Aperitivo con le autorit\u00e0 locali e Colnago<br \/>\nOre 21.30\u00a0\u2013 Spettacolo di fuochi d\u2019artificio.<\/p>\n<\/div>\n<\/div>\n<\/div>\n<\/div>\n<\/div>\n<\/div>\n<div class=\"vc_row wpb_row vc_row-fluid\">\n<div class=\"wpb_column vc_column_container vc_col-sm-6\">\n<div class=\"vc_column-inner\">\n<div class=\"wpb_wrapper\">\n<div class=\"wpb_text_column wpb_content_element \">\n<div class=\"wpb_wrapper\">\n<p><strong>Domenica 7 Aprile<br \/>\n<\/strong>Dalle 5.45 alle 6.20\u00a0\u2013 Distribuzione pettorali<br \/>\nOre 6.30\u00a0\u2013 Inizio ingresso griglie di partenza<br \/>\nOre 6.50\u00a0\u2013 Saluto delle Autorit\u00e0 alla stampa<br \/>\nOre 7.00\u00a0\u2013 Partenza percorso Granfondo, Mediofondo e Legend<br \/>\nOre 8.00\u00a0\u2013 Apertura Area Expo<br \/>\nOre 9.30\u00a0\u2013 Orario d\u2019arrivo previsto Garda Legend<br \/>\nOre 10.30\u00a0\u2013 Orario d\u2019arrivo previsto vincitore Mediofondo<br \/>\nOre 12.00\u00a0\u2013 Orario d\u2019arrivo previsto vincitore Granfondo<br \/>\nOre 13.00\u00a0\u2013 Interviste Stampa<br \/>\nOre 14.00\u00a0\u2013 Premiazioni \u201cLe Vetrine della Granfondo Colnago\u201d<br \/>\nOre 14.00\u00a0\u2013 Premiazioni di Categoria percorso Medio e Lungo<\/p>\n<\/div>\n<\/div>\n<\/div>\n<\/div>\n<\/div>\n<\/div>\n<p>Per info sulla manifestazione : <a href=\"http:\/\/www.colnagocyclingfestival.com\" target=\"_blank\">http:\/\/www.colnagocyclingfestival.com<\/a><\/p>\n<p style=\"text-align: left\"><strong>PERNOTTAMENTO:<\/strong><\/p>\n<p style=\"text-align: left\"><strong>I numerosi appartamenti gestiti da DesenzanoLoft, localizzati a Desenzano del Garda, Sirmione, Padenghe e in tutta la Valtenesi<\/strong><\/p>\n<p style=\"text-align: left\"><strong>Late Check Out gratuito fino alle 16<\/strong><\/p>\n<p><strong>Per prenotazioni strutture :<a href=\"https:\/\/www.desenzanoloft.com\/\" target=\"_blank\"> https:\/\/www.desenzanoloft.com\/<\/a><\/strong><\/p>\n<figure id=\"attachment_14\" aria-describedby=\"caption-attachment-14\" style=\"width: 300px\" class=\"wp-caption alignnone\"><a href=\"https:\/\/blog.desenzanoloft.com\/wp-content\/uploads\/sites\/40\/2017\/02\/img-3.jpg\"><img loading=\"lazy\" decoding=\"async\" class=\"wp-image-14 size-medium\" src=\"https:\/\/blog.desenzanoloft.com\/wp-content\/uploads\/sites\/40\/2017\/02\/img-3-360x240.jpg\" alt=\"img 3\" width=\"300\" height=\"200\" srcset=\"https:\/\/blog.desenzanoloft.com\/wp-content\/uploads\/2017\/02\/img-3-360x240.jpg 360w, https:\/\/blog.desenzanoloft.com\/wp-content\/uploads\/2017\/02\/img-3.jpg 850w\" sizes=\"auto, (max-width: 300px) 100vw, 300px\" \/><\/a><figcaption id=\"caption-attachment-14\" class=\"wp-caption-text\">Colnago Cycling Festival<\/figcaption><\/figure>\n","protected":false},"excerpt":{"rendered":"<p>COLNAGO CYCLING FESTIVAL 2019 COLNAGO CYCLING FESTIVAL 2019, anche quest&#8217;anno torna la spettacolare gran fondo ideata da Ernesto Colnago in&#8230;<\/p>\n","protected":false},"author":57,"featured_media":692,"comment_status":"open","ping_status":"open","sticky":false,"template":"","format":"standard","meta":{"footnotes":""},"categories":[2],"tags":[30,95,76,51,19,17,14,15,109,52,40,13,50,113,22,49,21],"class_list":["post-85","post","type-post","status-publish","format-standard","has-post-thumbnail","hentry","category-notizie-ed-eventi","tag-appartamenti","tag-casavacanze","tag-case-vacanza","tag-ciclismo","tag-colnago","tag-colnagocyclingfestival2018","tag-desenzanodelgarda","tag-desenzanoloft","tag-eventi","tag-granfondo","tag-lago-di-garda","tag-lagodigarda","tag-late-check-out","tag-manifestazioni","tag-padenghe","tag-propertymanager","tag-sirmione"],"yoast_head":"<!-- This site is optimized with the Yoast SEO plugin v27.5 - https:\/\/yoast.com\/product\/yoast-seo-wordpress\/ -->\n<title>COLNAGO CYCLING FESTIVAL 2019 - Blog<\/title>\n<meta name=\"description\" content=\"Torna COLNAGO CYCLING FESTIVAL 2019 , la granfondo del lago di Garda a Desenzano dal 5 al 7 aprile. Info su pernottamenti con late check out\" \/>\n<meta name=\"robots\" content=\"index, follow, max-snippet:-1, max-image-preview:large, max-video-preview:-1\" \/>\n<link rel=\"canonical\" href=\"https:\/\/blog.desenzanoloft.com\/pl\/colnago-cycling-festival-2019\/\" \/>\n<meta property=\"og:locale\" content=\"pl_PL\" \/>\n<meta property=\"og:type\" content=\"article\" \/>\n<meta property=\"og:title\" content=\"COLNAGO CYCLING FESTIVAL 2019 - Blog\" \/>\n<meta property=\"og:description\" content=\"Torna COLNAGO CYCLING FESTIVAL 2019 , la granfondo del lago di Garda a Desenzano dal 5 al 7 aprile. Info su pernottamenti con late check out\" \/>\n<meta property=\"og:url\" content=\"https:\/\/blog.desenzanoloft.com\/pl\/colnago-cycling-festival-2019\/\" \/>\n<meta property=\"og:site_name\" content=\"Blog\" \/>\n<meta property=\"article:author\" content=\"https:\/\/www.facebook.com\/CarloClaveriniDESENZANO\" \/>\n<meta property=\"article:published_time\" content=\"2019-02-05T16:08:27+00:00\" \/>\n<meta property=\"article:modified_time\" content=\"2019-03-20T09:55:22+00:00\" \/>\n<meta property=\"og:image\" content=\"https:\/\/blog.desenzanoloft.com\/wp-content\/uploads\/2018\/01\/colnago.jpg\" \/>\n\t<meta property=\"og:image:width\" content=\"960\" \/>\n\t<meta property=\"og:image:height\" content=\"351\" \/>\n\t<meta property=\"og:image:type\" content=\"image\/jpeg\" \/>\n<meta name=\"author\" content=\"desenzanoloft\" \/>\n<meta name=\"twitter:card\" content=\"summary_large_image\" \/>\n<meta name=\"twitter:label1\" content=\"Napisane przez\" \/>\n\t<meta name=\"twitter:data1\" content=\"desenzanoloft\" \/>\n\t<meta name=\"twitter:label2\" content=\"Szacowany czas czytania\" \/>\n\t<meta name=\"twitter:data2\" content=\"2 minuty\" \/>\n<script type=\"application\/ld+json\" class=\"yoast-schema-graph\">{\"@context\":\"https:\\\/\\\/schema.org\",\"@graph\":[{\"@type\":\"Article\",\"@id\":\"https:\\\/\\\/blog.desenzanoloft.com\\\/pl\\\/colnago-cycling-festival-2019\\\/#article\",\"isPartOf\":{\"@id\":\"https:\\\/\\\/blog.desenzanoloft.com\\\/pl\\\/colnago-cycling-festival-2019\\\/\"},\"author\":{\"name\":\"desenzanoloft\",\"@id\":\"https:\\\/\\\/blog.desenzanoloft.com\\\/pl\\\/#\\\/schema\\\/person\\\/3363b0dbf0bb9edb036fb68a61d6dd42\"},\"headline\":\"COLNAGO CYCLING FESTIVAL 2019\",\"datePublished\":\"2019-02-05T16:08:27+00:00\",\"dateModified\":\"2019-03-20T09:55:22+00:00\",\"mainEntityOfPage\":{\"@id\":\"https:\\\/\\\/blog.desenzanoloft.com\\\/pl\\\/colnago-cycling-festival-2019\\\/\"},\"wordCount\":403,\"commentCount\":0,\"image\":{\"@id\":\"https:\\\/\\\/blog.desenzanoloft.com\\\/pl\\\/colnago-cycling-festival-2019\\\/#primaryimage\"},\"thumbnailUrl\":\"https:\\\/\\\/blog.desenzanoloft.com\\\/wp-content\\\/uploads\\\/2018\\\/01\\\/colnago.jpg\",\"keywords\":[\"appartamenti\",\"casavacanze\",\"case vacanza\",\"ciclismo\",\"colnago\",\"colnagocyclingfestival2018\",\"desenzanodelgarda\",\"desenzanoloft\",\"eventi\",\"granfondo\",\"lago di garda\",\"lagodigarda\",\"late check out\",\"manifestazioni\",\"padenghe\",\"propertymanager\",\"sirmione\"],\"articleSection\":[\"notizie ed eventi\"],\"inLanguage\":\"pl-PL\",\"potentialAction\":[{\"@type\":\"CommentAction\",\"name\":\"Comment\",\"target\":[\"https:\\\/\\\/blog.desenzanoloft.com\\\/pl\\\/colnago-cycling-festival-2019\\\/#respond\"]}]},{\"@type\":\"WebPage\",\"@id\":\"https:\\\/\\\/blog.desenzanoloft.com\\\/pl\\\/colnago-cycling-festival-2019\\\/\",\"url\":\"https:\\\/\\\/blog.desenzanoloft.com\\\/pl\\\/colnago-cycling-festival-2019\\\/\",\"name\":\"COLNAGO CYCLING FESTIVAL 2019 - Blog\",\"isPartOf\":{\"@id\":\"https:\\\/\\\/blog.desenzanoloft.com\\\/pl\\\/#website\"},\"primaryImageOfPage\":{\"@id\":\"https:\\\/\\\/blog.desenzanoloft.com\\\/pl\\\/colnago-cycling-festival-2019\\\/#primaryimage\"},\"image\":{\"@id\":\"https:\\\/\\\/blog.desenzanoloft.com\\\/pl\\\/colnago-cycling-festival-2019\\\/#primaryimage\"},\"thumbnailUrl\":\"https:\\\/\\\/blog.desenzanoloft.com\\\/wp-content\\\/uploads\\\/2018\\\/01\\\/colnago.jpg\",\"datePublished\":\"2019-02-05T16:08:27+00:00\",\"dateModified\":\"2019-03-20T09:55:22+00:00\",\"author\":{\"@id\":\"https:\\\/\\\/blog.desenzanoloft.com\\\/pl\\\/#\\\/schema\\\/person\\\/3363b0dbf0bb9edb036fb68a61d6dd42\"},\"description\":\"Torna COLNAGO CYCLING FESTIVAL 2019 , la granfondo del lago di Garda a Desenzano dal 5 al 7 aprile. Info su pernottamenti con late check out\",\"breadcrumb\":{\"@id\":\"https:\\\/\\\/blog.desenzanoloft.com\\\/pl\\\/colnago-cycling-festival-2019\\\/#breadcrumb\"},\"inLanguage\":\"pl-PL\",\"potentialAction\":[{\"@type\":\"ReadAction\",\"target\":[\"https:\\\/\\\/blog.desenzanoloft.com\\\/pl\\\/colnago-cycling-festival-2019\\\/\"]}]},{\"@type\":\"ImageObject\",\"inLanguage\":\"pl-PL\",\"@id\":\"https:\\\/\\\/blog.desenzanoloft.com\\\/pl\\\/colnago-cycling-festival-2019\\\/#primaryimage\",\"url\":\"https:\\\/\\\/blog.desenzanoloft.com\\\/wp-content\\\/uploads\\\/2018\\\/01\\\/colnago.jpg\",\"contentUrl\":\"https:\\\/\\\/blog.desenzanoloft.com\\\/wp-content\\\/uploads\\\/2018\\\/01\\\/colnago.jpg\",\"width\":960,\"height\":351,\"caption\":\"COLNAGO CYCLING FESTIVAL 2019\"},{\"@type\":\"BreadcrumbList\",\"@id\":\"https:\\\/\\\/blog.desenzanoloft.com\\\/pl\\\/colnago-cycling-festival-2019\\\/#breadcrumb\",\"itemListElement\":[{\"@type\":\"ListItem\",\"position\":1,\"name\":\"Home\",\"item\":\"https:\\\/\\\/blog.desenzanoloft.com\\\/pl\\\/\"},{\"@type\":\"ListItem\",\"position\":2,\"name\":\"COLNAGO CYCLING FESTIVAL 2019\"}]},{\"@type\":\"WebSite\",\"@id\":\"https:\\\/\\\/blog.desenzanoloft.com\\\/pl\\\/#website\",\"url\":\"https:\\\/\\\/blog.desenzanoloft.com\\\/pl\\\/\",\"name\":\"Blog\",\"description\":\"Desenzanoloft\",\"potentialAction\":[{\"@type\":\"SearchAction\",\"target\":{\"@type\":\"EntryPoint\",\"urlTemplate\":\"https:\\\/\\\/blog.desenzanoloft.com\\\/pl\\\/?s={search_term_string}\"},\"query-input\":{\"@type\":\"PropertyValueSpecification\",\"valueRequired\":true,\"valueName\":\"search_term_string\"}}],\"inLanguage\":\"pl-PL\"},{\"@type\":\"Person\",\"@id\":\"https:\\\/\\\/blog.desenzanoloft.com\\\/pl\\\/#\\\/schema\\\/person\\\/3363b0dbf0bb9edb036fb68a61d6dd42\",\"name\":\"desenzanoloft\",\"image\":{\"@type\":\"ImageObject\",\"inLanguage\":\"pl-PL\",\"@id\":\"https:\\\/\\\/secure.gravatar.com\\\/avatar\\\/f0a7703b30e35f233c4ec0317086f2b943a1586f5929cc61eeceae263a3ac558?s=96&d=mm&r=g\",\"url\":\"https:\\\/\\\/secure.gravatar.com\\\/avatar\\\/f0a7703b30e35f233c4ec0317086f2b943a1586f5929cc61eeceae263a3ac558?s=96&d=mm&r=g\",\"contentUrl\":\"https:\\\/\\\/secure.gravatar.com\\\/avatar\\\/f0a7703b30e35f233c4ec0317086f2b943a1586f5929cc61eeceae263a3ac558?s=96&d=mm&r=g\",\"caption\":\"desenzanoloft\"},\"sameAs\":[\"https:\\\/\\\/www.desenzanoloft.com\\\/\",\"https:\\\/\\\/www.facebook.com\\\/CarloClaveriniDESENZANO\"],\"url\":\"https:\\\/\\\/blog.desenzanoloft.com\\\/pl\\\/author\\\/desenzanoloft\\\/\"}]}<\/script>\n<!-- \/ Yoast SEO plugin. -->","yoast_head_json":{"title":"COLNAGO CYCLING FESTIVAL 2019 - Blog","description":"Torna COLNAGO CYCLING FESTIVAL 2019 , la granfondo del lago di Garda a Desenzano dal 5 al 7 aprile. Info su pernottamenti con late check out","robots":{"index":"index","follow":"follow","max-snippet":"max-snippet:-1","max-image-preview":"max-image-preview:large","max-video-preview":"max-video-preview:-1"},"canonical":"https:\/\/blog.desenzanoloft.com\/pl\/colnago-cycling-festival-2019\/","og_locale":"pl_PL","og_type":"article","og_title":"COLNAGO CYCLING FESTIVAL 2019 - Blog","og_description":"Torna COLNAGO CYCLING FESTIVAL 2019 , la granfondo del lago di Garda a Desenzano dal 5 al 7 aprile. Info su pernottamenti con late check out","og_url":"https:\/\/blog.desenzanoloft.com\/pl\/colnago-cycling-festival-2019\/","og_site_name":"Blog","article_author":"https:\/\/www.facebook.com\/CarloClaveriniDESENZANO","article_published_time":"2019-02-05T16:08:27+00:00","article_modified_time":"2019-03-20T09:55:22+00:00","og_image":[{"width":960,"height":351,"url":"https:\/\/blog.desenzanoloft.com\/wp-content\/uploads\/2018\/01\/colnago.jpg","type":"image\/jpeg"}],"author":"desenzanoloft","twitter_card":"summary_large_image","twitter_misc":{"Napisane przez":"desenzanoloft","Szacowany czas czytania":"2 minuty"},"schema":{"@context":"https:\/\/schema.org","@graph":[{"@type":"Article","@id":"https:\/\/blog.desenzanoloft.com\/pl\/colnago-cycling-festival-2019\/#article","isPartOf":{"@id":"https:\/\/blog.desenzanoloft.com\/pl\/colnago-cycling-festival-2019\/"},"author":{"name":"desenzanoloft","@id":"https:\/\/blog.desenzanoloft.com\/pl\/#\/schema\/person\/3363b0dbf0bb9edb036fb68a61d6dd42"},"headline":"COLNAGO CYCLING FESTIVAL 2019","datePublished":"2019-02-05T16:08:27+00:00","dateModified":"2019-03-20T09:55:22+00:00","mainEntityOfPage":{"@id":"https:\/\/blog.desenzanoloft.com\/pl\/colnago-cycling-festival-2019\/"},"wordCount":403,"commentCount":0,"image":{"@id":"https:\/\/blog.desenzanoloft.com\/pl\/colnago-cycling-festival-2019\/#primaryimage"},"thumbnailUrl":"https:\/\/blog.desenzanoloft.com\/wp-content\/uploads\/2018\/01\/colnago.jpg","keywords":["appartamenti","casavacanze","case vacanza","ciclismo","colnago","colnagocyclingfestival2018","desenzanodelgarda","desenzanoloft","eventi","granfondo","lago di garda","lagodigarda","late check out","manifestazioni","padenghe","propertymanager","sirmione"],"articleSection":["notizie ed eventi"],"inLanguage":"pl-PL","potentialAction":[{"@type":"CommentAction","name":"Comment","target":["https:\/\/blog.desenzanoloft.com\/pl\/colnago-cycling-festival-2019\/#respond"]}]},{"@type":"WebPage","@id":"https:\/\/blog.desenzanoloft.com\/pl\/colnago-cycling-festival-2019\/","url":"https:\/\/blog.desenzanoloft.com\/pl\/colnago-cycling-festival-2019\/","name":"COLNAGO CYCLING FESTIVAL 2019 - Blog","isPartOf":{"@id":"https:\/\/blog.desenzanoloft.com\/pl\/#website"},"primaryImageOfPage":{"@id":"https:\/\/blog.desenzanoloft.com\/pl\/colnago-cycling-festival-2019\/#primaryimage"},"image":{"@id":"https:\/\/blog.desenzanoloft.com\/pl\/colnago-cycling-festival-2019\/#primaryimage"},"thumbnailUrl":"https:\/\/blog.desenzanoloft.com\/wp-content\/uploads\/2018\/01\/colnago.jpg","datePublished":"2019-02-05T16:08:27+00:00","dateModified":"2019-03-20T09:55:22+00:00","author":{"@id":"https:\/\/blog.desenzanoloft.com\/pl\/#\/schema\/person\/3363b0dbf0bb9edb036fb68a61d6dd42"},"description":"Torna COLNAGO CYCLING FESTIVAL 2019 , la granfondo del lago di Garda a Desenzano dal 5 al 7 aprile. Info su pernottamenti con late check out","breadcrumb":{"@id":"https:\/\/blog.desenzanoloft.com\/pl\/colnago-cycling-festival-2019\/#breadcrumb"},"inLanguage":"pl-PL","potentialAction":[{"@type":"ReadAction","target":["https:\/\/blog.desenzanoloft.com\/pl\/colnago-cycling-festival-2019\/"]}]},{"@type":"ImageObject","inLanguage":"pl-PL","@id":"https:\/\/blog.desenzanoloft.com\/pl\/colnago-cycling-festival-2019\/#primaryimage","url":"https:\/\/blog.desenzanoloft.com\/wp-content\/uploads\/2018\/01\/colnago.jpg","contentUrl":"https:\/\/blog.desenzanoloft.com\/wp-content\/uploads\/2018\/01\/colnago.jpg","width":960,"height":351,"caption":"COLNAGO CYCLING FESTIVAL 2019"},{"@type":"BreadcrumbList","@id":"https:\/\/blog.desenzanoloft.com\/pl\/colnago-cycling-festival-2019\/#breadcrumb","itemListElement":[{"@type":"ListItem","position":1,"name":"Home","item":"https:\/\/blog.desenzanoloft.com\/pl\/"},{"@type":"ListItem","position":2,"name":"COLNAGO CYCLING FESTIVAL 2019"}]},{"@type":"WebSite","@id":"https:\/\/blog.desenzanoloft.com\/pl\/#website","url":"https:\/\/blog.desenzanoloft.com\/pl\/","name":"Blog","description":"Desenzanoloft","potentialAction":[{"@type":"SearchAction","target":{"@type":"EntryPoint","urlTemplate":"https:\/\/blog.desenzanoloft.com\/pl\/?s={search_term_string}"},"query-input":{"@type":"PropertyValueSpecification","valueRequired":true,"valueName":"search_term_string"}}],"inLanguage":"pl-PL"},{"@type":"Person","@id":"https:\/\/blog.desenzanoloft.com\/pl\/#\/schema\/person\/3363b0dbf0bb9edb036fb68a61d6dd42","name":"desenzanoloft","image":{"@type":"ImageObject","inLanguage":"pl-PL","@id":"https:\/\/secure.gravatar.com\/avatar\/f0a7703b30e35f233c4ec0317086f2b943a1586f5929cc61eeceae263a3ac558?s=96&d=mm&r=g","url":"https:\/\/secure.gravatar.com\/avatar\/f0a7703b30e35f233c4ec0317086f2b943a1586f5929cc61eeceae263a3ac558?s=96&d=mm&r=g","contentUrl":"https:\/\/secure.gravatar.com\/avatar\/f0a7703b30e35f233c4ec0317086f2b943a1586f5929cc61eeceae263a3ac558?s=96&d=mm&r=g","caption":"desenzanoloft"},"sameAs":["https:\/\/www.desenzanoloft.com\/","https:\/\/www.facebook.com\/CarloClaveriniDESENZANO"],"url":"https:\/\/blog.desenzanoloft.com\/pl\/author\/desenzanoloft\/"}]}},"_links":{"self":[{"href":"https:\/\/blog.desenzanoloft.com\/pl\/wp-json\/wp\/v2\/posts\/85","targetHints":{"allow":["GET"]}}],"collection":[{"href":"https:\/\/blog.desenzanoloft.com\/pl\/wp-json\/wp\/v2\/posts"}],"about":[{"href":"https:\/\/blog.desenzanoloft.com\/pl\/wp-json\/wp\/v2\/types\/post"}],"author":[{"embeddable":true,"href":"https:\/\/blog.desenzanoloft.com\/pl\/wp-json\/wp\/v2\/users\/57"}],"replies":[{"embeddable":true,"href":"https:\/\/blog.desenzanoloft.com\/pl\/wp-json\/wp\/v2\/comments?post=85"}],"version-history":[{"count":4,"href":"https:\/\/blog.desenzanoloft.com\/pl\/wp-json\/wp\/v2\/posts\/85\/revisions"}],"predecessor-version":[{"id":723,"href":"https:\/\/blog.desenzanoloft.com\/pl\/wp-json\/wp\/v2\/posts\/85\/revisions\/723"}],"wp:featuredmedia":[{"embeddable":true,"href":"https:\/\/blog.desenzanoloft.com\/pl\/wp-json\/wp\/v2\/media\/692"}],"wp:attachment":[{"href":"https:\/\/blog.desenzanoloft.com\/pl\/wp-json\/wp\/v2\/media?parent=85"}],"wp:term":[{"taxonomy":"category","embeddable":true,"href":"https:\/\/blog.desenzanoloft.com\/pl\/wp-json\/wp\/v2\/categories?post=85"},{"taxonomy":"post_tag","embeddable":true,"href":"https:\/\/blog.desenzanoloft.com\/pl\/wp-json\/wp\/v2\/tags?post=85"}],"curies":[{"name":"wp","href":"https:\/\/api.w.org\/{rel}","templated":true}]}}