{"id":585,"date":"2018-11-21T11:00:26","date_gmt":"2018-11-21T11:00:26","guid":{"rendered":"https:\/\/blog.desenzanoloft.com\/?p=585"},"modified":"2018-11-23T08:27:49","modified_gmt":"2018-11-23T08:27:49","slug":"keesy-lago-di-garda","status":"publish","type":"post","link":"https:\/\/blog.desenzanoloft.com\/pl\/keesy-lago-di-garda\/","title":{"rendered":"KEESY lago di Garda"},"content":{"rendered":"<h2>KEESY lago di Garda<\/h2>\n<figure id=\"attachment_586\" aria-describedby=\"caption-attachment-586\" style=\"width: 150px\" class=\"wp-caption alignnone\"><a href=\"https:\/\/blog.desenzanoloft.com\/wp-content\/uploads\/sites\/40\/2018\/11\/IMG_2741.png\"><img loading=\"lazy\" decoding=\"async\" class=\"wp-image-586 size-thumbnail\" src=\"https:\/\/blog.desenzanoloft.com\/wp-content\/uploads\/sites\/40\/2018\/11\/IMG_2741-150x150.png\" alt=\"IMG_2741\" width=\"150\" height=\"150\" srcset=\"https:\/\/blog.desenzanoloft.com\/wp-content\/uploads\/2018\/11\/IMG_2741-150x150.png 150w, https:\/\/blog.desenzanoloft.com\/wp-content\/uploads\/2018\/11\/IMG_2741-64x64.png 64w, https:\/\/blog.desenzanoloft.com\/wp-content\/uploads\/2018\/11\/IMG_2741.png 1080w\" sizes=\"auto, (max-width: 150px) 100vw, 150px\" \/><\/a><figcaption id=\"caption-attachment-586\" class=\"wp-caption-text\">KEESY lago di Garda<\/figcaption><\/figure>\n<p>KEESY lago di Garda: ecco\u00a0la novit\u00e0 del 2019. Check in e Check out automatizzato<\/p>\n<p>Dopo un anno di trattativa, Desenzanoloft e Keesy intraprendono una partnership in esclusiva per 5 anni. Non \u00e8 necessario essere nostri clienti, ma ci rivolgiamo a tutti i proprietari di case vacanza gestite direttamente in proprio, bed and breakfast e alberghi da 1 a 3 stelle.<br \/>\nIniziamo a scoprire cos\u2019\u00e8 e come funziona Keesy e se siete interessati inviate una mail a:<a href=\"http:\/\/info@desenzanoloft.com\" target=\"_blank\"> info@desenzanoloft.com<\/a>.<\/p>\n<p>Location: Desenzano stazione<br \/>\nArea di competenza: da Sirmione a Limone, da Bagolino a Ponte di Legno.<\/p>\n<p>Gli interessati saranno invitati per una Convention a Palazzo del Turismo di Desenzano.<\/p>\n<p><strong>KEESY\u00a0lago di Garda: come funziona<\/strong><\/p>\n<p>Keesy ti offre un modo facile e automatizzato per gestire il check-in e il check-out dei tuoi ospiti e tanti servizi per semplificare la tua vita da Host.<\/p>\n<p>Hai un box a tua disposizione per lo scambio delle chiavi e ricevi il codice di accesso da condividere con i tuoi guest.<\/p>\n<p>Inserisci le informazioni relative alle tue strutture. Puoi completare la descrizione con foto e video e aggiungere suggerimenti sulla citt\u00e0. Pi\u00f9 informazioni inserisci pi\u00f9 saranno apprezzate dai tuoi ospiti<\/p>\n<p>Il tuo guest ricever\u00e0 una messaggio per effettuare il check-in online tramite il portale web o scaricando l&#8217;App e tu sarai informato sul suo check-in tramite una serie di notifiche<\/p>\n<p>Con il Box Plus hai un vantaggio in pi\u00f9: le tue chiavi sono custodite in un box riservato e il tuo ospite pu\u00f2 ritirarle in qualsiasi momento<\/p>\n<div id=\"pg-7-10\" class=\"panel-grid panel-has-style\">\n<div class=\"uk-container key-come panel-row-style panel-row-style-for-7-10\">\n<div id=\"pgc-7-10-0\" class=\"panel-grid-cell panel-grid-cell-mobile-last\">\n<div id=\"panel-7-10-0-0\" class=\"so-panel widget widget_sow-editor panel-first-child panel-last-child\">\n<div class=\"panel-widget-style panel-widget-style-for-7-10-0-0\">\n<div class=\"so-widget-sow-editor so-widget-sow-editor-base\">\n<div class=\"siteorigin-widget-tinymce textwidget\">\n<p>All&#8217;interno delle 24H di validit\u00e0 della tua prenotazione puoi recarti in uno dei nostri punti e depositare la chiave nel box, utilizzando il tuo codice personale<\/p>\n<\/div>\n<\/div>\n<\/div>\n<\/div>\n<\/div>\n<div id=\"pgc-7-10-1\" class=\"panel-grid-cell panel-grid-cell-empty\">Utilizzando il codice ricevuto da Keesy il tuo ospite accede al Point per ritirare la chiave. Se non effettuato online il guest pu\u00f2 fare il check-in al Point. Sarai informato sul suo check-in tramite una serie di notifiche<\/div>\n<\/div>\n<\/div>\n<div class=\"panel-grid-cell panel-grid-cell-empty\"><\/div>\n<div class=\"panel-grid-cell panel-grid-cell-empty\">Visita il sito internet:\u00a0<a href=\"https:\/\/www.keesy.com\/\" target=\"_blank\">www.keesy.com<\/a><\/div>\n<div class=\"panel-grid-cell panel-grid-cell-empty\"><\/div>\n<div class=\"panel-grid-cell panel-grid-cell-empty\">Per maggiori informazioni sulla nuova partnership chiamaci o mandaci una email<\/div>\n<div class=\"panel-grid-cell panel-grid-cell-empty\">tel:\u00a0+39 (0)30 7741707<br \/>\n<a href=\"mailto:info@desenzanoloft.com\" target=\"_blank\">info@desenzanoloft.com<\/a><\/div>\n<div id=\"pg-7-11\" class=\"panel-grid panel-has-style\"><\/div>\n","protected":false},"excerpt":{"rendered":"<p>KEESY lago di Garda KEESY lago di Garda: ecco\u00a0la novit\u00e0 del 2019. Check in e Check out automatizzato Dopo un&#8230;<\/p>\n","protected":false},"author":57,"featured_media":590,"comment_status":"open","ping_status":"open","sticky":false,"template":"","format":"standard","meta":{"footnotes":""},"categories":[2],"tags":[30,162,95,76,397,398,14,15,139,399,13,178,22,49,21,79,74],"class_list":["post-585","post","type-post","status-publish","format-standard","has-post-thumbnail","hentry","category-notizie-ed-eventi","tag-appartamenti","tag-casa-vacanze","tag-casavacanze","tag-case-vacanza","tag-check-in","tag-check-out","tag-desenzanodelgarda","tag-desenzanoloft","tag-garda","tag-keesy","tag-lagodigarda","tag-lonato-del-garda","tag-padenghe","tag-propertymanager","tag-sirmione","tag-vacanza","tag-vacanze"],"yoast_head":"<!-- This site is optimized with the Yoast SEO plugin v27.5 - https:\/\/yoast.com\/product\/yoast-seo-wordpress\/ -->\n<title>KEESY lago di Garda - Blog<\/title>\n<meta name=\"description\" content=\"KEESY lago di Garda: novit\u00e0 2019 sul lago di Garda, partnership tra keesy e Desenzanoloft per il check-in\/out automatizzato di nuova generazione\" \/>\n<meta name=\"robots\" content=\"index, follow, max-snippet:-1, max-image-preview:large, max-video-preview:-1\" \/>\n<link rel=\"canonical\" href=\"https:\/\/blog.desenzanoloft.com\/pl\/keesy-lago-di-garda\/\" \/>\n<meta property=\"og:locale\" content=\"pl_PL\" \/>\n<meta property=\"og:type\" content=\"article\" \/>\n<meta property=\"og:title\" content=\"KEESY lago di Garda - Blog\" \/>\n<meta property=\"og:description\" content=\"KEESY lago di Garda: novit\u00e0 2019 sul lago di Garda, partnership tra keesy e Desenzanoloft per il check-in\/out automatizzato di nuova generazione\" \/>\n<meta property=\"og:url\" content=\"https:\/\/blog.desenzanoloft.com\/pl\/keesy-lago-di-garda\/\" \/>\n<meta property=\"og:site_name\" content=\"Blog\" \/>\n<meta property=\"article:author\" content=\"https:\/\/www.facebook.com\/CarloClaveriniDESENZANO\" \/>\n<meta property=\"article:published_time\" content=\"2018-11-21T11:00:26+00:00\" \/>\n<meta property=\"article:modified_time\" content=\"2018-11-23T08:27:49+00:00\" \/>\n<meta property=\"og:image\" content=\"https:\/\/blog.desenzanoloft.com\/wp-content\/uploads\/2018\/11\/IMG_2737.jpg\" \/>\n\t<meta property=\"og:image:width\" content=\"744\" \/>\n\t<meta property=\"og:image:height\" content=\"745\" \/>\n\t<meta property=\"og:image:type\" content=\"image\/jpeg\" \/>\n<meta name=\"author\" content=\"desenzanoloft\" \/>\n<meta name=\"twitter:card\" content=\"summary_large_image\" \/>\n<meta name=\"twitter:label1\" content=\"Napisane przez\" \/>\n\t<meta name=\"twitter:data1\" content=\"desenzanoloft\" \/>\n\t<meta name=\"twitter:label2\" content=\"Szacowany czas czytania\" \/>\n\t<meta name=\"twitter:data2\" content=\"2 minuty\" \/>\n<script type=\"application\/ld+json\" class=\"yoast-schema-graph\">{\"@context\":\"https:\\\/\\\/schema.org\",\"@graph\":[{\"@type\":\"Article\",\"@id\":\"https:\\\/\\\/blog.desenzanoloft.com\\\/pl\\\/keesy-lago-di-garda\\\/#article\",\"isPartOf\":{\"@id\":\"https:\\\/\\\/blog.desenzanoloft.com\\\/pl\\\/keesy-lago-di-garda\\\/\"},\"author\":{\"name\":\"desenzanoloft\",\"@id\":\"https:\\\/\\\/blog.desenzanoloft.com\\\/pl\\\/#\\\/schema\\\/person\\\/3363b0dbf0bb9edb036fb68a61d6dd42\"},\"headline\":\"KEESY lago di Garda\",\"datePublished\":\"2018-11-21T11:00:26+00:00\",\"dateModified\":\"2018-11-23T08:27:49+00:00\",\"mainEntityOfPage\":{\"@id\":\"https:\\\/\\\/blog.desenzanoloft.com\\\/pl\\\/keesy-lago-di-garda\\\/\"},\"wordCount\":354,\"commentCount\":0,\"image\":{\"@id\":\"https:\\\/\\\/blog.desenzanoloft.com\\\/pl\\\/keesy-lago-di-garda\\\/#primaryimage\"},\"thumbnailUrl\":\"https:\\\/\\\/blog.desenzanoloft.com\\\/wp-content\\\/uploads\\\/2018\\\/11\\\/IMG_2737.jpg\",\"keywords\":[\"appartamenti\",\"casa vacanze\",\"casavacanze\",\"case vacanza\",\"check in\",\"check out\",\"desenzanodelgarda\",\"desenzanoloft\",\"garda\",\"keesy\",\"lagodigarda\",\"lonato del garda\",\"padenghe\",\"propertymanager\",\"sirmione\",\"vacanza\",\"vacanze\"],\"articleSection\":[\"notizie ed eventi\"],\"inLanguage\":\"pl-PL\",\"potentialAction\":[{\"@type\":\"CommentAction\",\"name\":\"Comment\",\"target\":[\"https:\\\/\\\/blog.desenzanoloft.com\\\/pl\\\/keesy-lago-di-garda\\\/#respond\"]}]},{\"@type\":\"WebPage\",\"@id\":\"https:\\\/\\\/blog.desenzanoloft.com\\\/pl\\\/keesy-lago-di-garda\\\/\",\"url\":\"https:\\\/\\\/blog.desenzanoloft.com\\\/pl\\\/keesy-lago-di-garda\\\/\",\"name\":\"KEESY lago di Garda - Blog\",\"isPartOf\":{\"@id\":\"https:\\\/\\\/blog.desenzanoloft.com\\\/pl\\\/#website\"},\"primaryImageOfPage\":{\"@id\":\"https:\\\/\\\/blog.desenzanoloft.com\\\/pl\\\/keesy-lago-di-garda\\\/#primaryimage\"},\"image\":{\"@id\":\"https:\\\/\\\/blog.desenzanoloft.com\\\/pl\\\/keesy-lago-di-garda\\\/#primaryimage\"},\"thumbnailUrl\":\"https:\\\/\\\/blog.desenzanoloft.com\\\/wp-content\\\/uploads\\\/2018\\\/11\\\/IMG_2737.jpg\",\"datePublished\":\"2018-11-21T11:00:26+00:00\",\"dateModified\":\"2018-11-23T08:27:49+00:00\",\"author\":{\"@id\":\"https:\\\/\\\/blog.desenzanoloft.com\\\/pl\\\/#\\\/schema\\\/person\\\/3363b0dbf0bb9edb036fb68a61d6dd42\"},\"description\":\"KEESY lago di Garda: novit\u00e0 2019 sul lago di Garda, partnership tra keesy e Desenzanoloft per il check-in\\\/out automatizzato di nuova generazione\",\"breadcrumb\":{\"@id\":\"https:\\\/\\\/blog.desenzanoloft.com\\\/pl\\\/keesy-lago-di-garda\\\/#breadcrumb\"},\"inLanguage\":\"pl-PL\",\"potentialAction\":[{\"@type\":\"ReadAction\",\"target\":[\"https:\\\/\\\/blog.desenzanoloft.com\\\/pl\\\/keesy-lago-di-garda\\\/\"]}]},{\"@type\":\"ImageObject\",\"inLanguage\":\"pl-PL\",\"@id\":\"https:\\\/\\\/blog.desenzanoloft.com\\\/pl\\\/keesy-lago-di-garda\\\/#primaryimage\",\"url\":\"https:\\\/\\\/blog.desenzanoloft.com\\\/wp-content\\\/uploads\\\/2018\\\/11\\\/IMG_2737.jpg\",\"contentUrl\":\"https:\\\/\\\/blog.desenzanoloft.com\\\/wp-content\\\/uploads\\\/2018\\\/11\\\/IMG_2737.jpg\",\"width\":744,\"height\":745},{\"@type\":\"BreadcrumbList\",\"@id\":\"https:\\\/\\\/blog.desenzanoloft.com\\\/pl\\\/keesy-lago-di-garda\\\/#breadcrumb\",\"itemListElement\":[{\"@type\":\"ListItem\",\"position\":1,\"name\":\"Home\",\"item\":\"https:\\\/\\\/blog.desenzanoloft.com\\\/pl\\\/\"},{\"@type\":\"ListItem\",\"position\":2,\"name\":\"KEESY lago di Garda\"}]},{\"@type\":\"WebSite\",\"@id\":\"https:\\\/\\\/blog.desenzanoloft.com\\\/pl\\\/#website\",\"url\":\"https:\\\/\\\/blog.desenzanoloft.com\\\/pl\\\/\",\"name\":\"Blog\",\"description\":\"Desenzanoloft\",\"potentialAction\":[{\"@type\":\"SearchAction\",\"target\":{\"@type\":\"EntryPoint\",\"urlTemplate\":\"https:\\\/\\\/blog.desenzanoloft.com\\\/pl\\\/?s={search_term_string}\"},\"query-input\":{\"@type\":\"PropertyValueSpecification\",\"valueRequired\":true,\"valueName\":\"search_term_string\"}}],\"inLanguage\":\"pl-PL\"},{\"@type\":\"Person\",\"@id\":\"https:\\\/\\\/blog.desenzanoloft.com\\\/pl\\\/#\\\/schema\\\/person\\\/3363b0dbf0bb9edb036fb68a61d6dd42\",\"name\":\"desenzanoloft\",\"image\":{\"@type\":\"ImageObject\",\"inLanguage\":\"pl-PL\",\"@id\":\"https:\\\/\\\/secure.gravatar.com\\\/avatar\\\/f0a7703b30e35f233c4ec0317086f2b943a1586f5929cc61eeceae263a3ac558?s=96&d=mm&r=g\",\"url\":\"https:\\\/\\\/secure.gravatar.com\\\/avatar\\\/f0a7703b30e35f233c4ec0317086f2b943a1586f5929cc61eeceae263a3ac558?s=96&d=mm&r=g\",\"contentUrl\":\"https:\\\/\\\/secure.gravatar.com\\\/avatar\\\/f0a7703b30e35f233c4ec0317086f2b943a1586f5929cc61eeceae263a3ac558?s=96&d=mm&r=g\",\"caption\":\"desenzanoloft\"},\"sameAs\":[\"https:\\\/\\\/www.desenzanoloft.com\\\/\",\"https:\\\/\\\/www.facebook.com\\\/CarloClaveriniDESENZANO\"],\"url\":\"https:\\\/\\\/blog.desenzanoloft.com\\\/pl\\\/author\\\/desenzanoloft\\\/\"}]}<\/script>\n<!-- \/ Yoast SEO plugin. -->","yoast_head_json":{"title":"KEESY lago di Garda - Blog","description":"KEESY lago di Garda: novit\u00e0 2019 sul lago di Garda, partnership tra keesy e Desenzanoloft per il check-in\/out automatizzato di nuova generazione","robots":{"index":"index","follow":"follow","max-snippet":"max-snippet:-1","max-image-preview":"max-image-preview:large","max-video-preview":"max-video-preview:-1"},"canonical":"https:\/\/blog.desenzanoloft.com\/pl\/keesy-lago-di-garda\/","og_locale":"pl_PL","og_type":"article","og_title":"KEESY lago di Garda - Blog","og_description":"KEESY lago di Garda: novit\u00e0 2019 sul lago di Garda, partnership tra keesy e Desenzanoloft per il check-in\/out automatizzato di nuova generazione","og_url":"https:\/\/blog.desenzanoloft.com\/pl\/keesy-lago-di-garda\/","og_site_name":"Blog","article_author":"https:\/\/www.facebook.com\/CarloClaveriniDESENZANO","article_published_time":"2018-11-21T11:00:26+00:00","article_modified_time":"2018-11-23T08:27:49+00:00","og_image":[{"width":744,"height":745,"url":"https:\/\/blog.desenzanoloft.com\/wp-content\/uploads\/2018\/11\/IMG_2737.jpg","type":"image\/jpeg"}],"author":"desenzanoloft","twitter_card":"summary_large_image","twitter_misc":{"Napisane przez":"desenzanoloft","Szacowany czas czytania":"2 minuty"},"schema":{"@context":"https:\/\/schema.org","@graph":[{"@type":"Article","@id":"https:\/\/blog.desenzanoloft.com\/pl\/keesy-lago-di-garda\/#article","isPartOf":{"@id":"https:\/\/blog.desenzanoloft.com\/pl\/keesy-lago-di-garda\/"},"author":{"name":"desenzanoloft","@id":"https:\/\/blog.desenzanoloft.com\/pl\/#\/schema\/person\/3363b0dbf0bb9edb036fb68a61d6dd42"},"headline":"KEESY lago di Garda","datePublished":"2018-11-21T11:00:26+00:00","dateModified":"2018-11-23T08:27:49+00:00","mainEntityOfPage":{"@id":"https:\/\/blog.desenzanoloft.com\/pl\/keesy-lago-di-garda\/"},"wordCount":354,"commentCount":0,"image":{"@id":"https:\/\/blog.desenzanoloft.com\/pl\/keesy-lago-di-garda\/#primaryimage"},"thumbnailUrl":"https:\/\/blog.desenzanoloft.com\/wp-content\/uploads\/2018\/11\/IMG_2737.jpg","keywords":["appartamenti","casa vacanze","casavacanze","case vacanza","check in","check out","desenzanodelgarda","desenzanoloft","garda","keesy","lagodigarda","lonato del garda","padenghe","propertymanager","sirmione","vacanza","vacanze"],"articleSection":["notizie ed eventi"],"inLanguage":"pl-PL","potentialAction":[{"@type":"CommentAction","name":"Comment","target":["https:\/\/blog.desenzanoloft.com\/pl\/keesy-lago-di-garda\/#respond"]}]},{"@type":"WebPage","@id":"https:\/\/blog.desenzanoloft.com\/pl\/keesy-lago-di-garda\/","url":"https:\/\/blog.desenzanoloft.com\/pl\/keesy-lago-di-garda\/","name":"KEESY lago di Garda - Blog","isPartOf":{"@id":"https:\/\/blog.desenzanoloft.com\/pl\/#website"},"primaryImageOfPage":{"@id":"https:\/\/blog.desenzanoloft.com\/pl\/keesy-lago-di-garda\/#primaryimage"},"image":{"@id":"https:\/\/blog.desenzanoloft.com\/pl\/keesy-lago-di-garda\/#primaryimage"},"thumbnailUrl":"https:\/\/blog.desenzanoloft.com\/wp-content\/uploads\/2018\/11\/IMG_2737.jpg","datePublished":"2018-11-21T11:00:26+00:00","dateModified":"2018-11-23T08:27:49+00:00","author":{"@id":"https:\/\/blog.desenzanoloft.com\/pl\/#\/schema\/person\/3363b0dbf0bb9edb036fb68a61d6dd42"},"description":"KEESY lago di Garda: novit\u00e0 2019 sul lago di Garda, partnership tra keesy e Desenzanoloft per il check-in\/out automatizzato di nuova generazione","breadcrumb":{"@id":"https:\/\/blog.desenzanoloft.com\/pl\/keesy-lago-di-garda\/#breadcrumb"},"inLanguage":"pl-PL","potentialAction":[{"@type":"ReadAction","target":["https:\/\/blog.desenzanoloft.com\/pl\/keesy-lago-di-garda\/"]}]},{"@type":"ImageObject","inLanguage":"pl-PL","@id":"https:\/\/blog.desenzanoloft.com\/pl\/keesy-lago-di-garda\/#primaryimage","url":"https:\/\/blog.desenzanoloft.com\/wp-content\/uploads\/2018\/11\/IMG_2737.jpg","contentUrl":"https:\/\/blog.desenzanoloft.com\/wp-content\/uploads\/2018\/11\/IMG_2737.jpg","width":744,"height":745},{"@type":"BreadcrumbList","@id":"https:\/\/blog.desenzanoloft.com\/pl\/keesy-lago-di-garda\/#breadcrumb","itemListElement":[{"@type":"ListItem","position":1,"name":"Home","item":"https:\/\/blog.desenzanoloft.com\/pl\/"},{"@type":"ListItem","position":2,"name":"KEESY lago di Garda"}]},{"@type":"WebSite","@id":"https:\/\/blog.desenzanoloft.com\/pl\/#website","url":"https:\/\/blog.desenzanoloft.com\/pl\/","name":"Blog","description":"Desenzanoloft","potentialAction":[{"@type":"SearchAction","target":{"@type":"EntryPoint","urlTemplate":"https:\/\/blog.desenzanoloft.com\/pl\/?s={search_term_string}"},"query-input":{"@type":"PropertyValueSpecification","valueRequired":true,"valueName":"search_term_string"}}],"inLanguage":"pl-PL"},{"@type":"Person","@id":"https:\/\/blog.desenzanoloft.com\/pl\/#\/schema\/person\/3363b0dbf0bb9edb036fb68a61d6dd42","name":"desenzanoloft","image":{"@type":"ImageObject","inLanguage":"pl-PL","@id":"https:\/\/secure.gravatar.com\/avatar\/f0a7703b30e35f233c4ec0317086f2b943a1586f5929cc61eeceae263a3ac558?s=96&d=mm&r=g","url":"https:\/\/secure.gravatar.com\/avatar\/f0a7703b30e35f233c4ec0317086f2b943a1586f5929cc61eeceae263a3ac558?s=96&d=mm&r=g","contentUrl":"https:\/\/secure.gravatar.com\/avatar\/f0a7703b30e35f233c4ec0317086f2b943a1586f5929cc61eeceae263a3ac558?s=96&d=mm&r=g","caption":"desenzanoloft"},"sameAs":["https:\/\/www.desenzanoloft.com\/","https:\/\/www.facebook.com\/CarloClaveriniDESENZANO"],"url":"https:\/\/blog.desenzanoloft.com\/pl\/author\/desenzanoloft\/"}]}},"_links":{"self":[{"href":"https:\/\/blog.desenzanoloft.com\/pl\/wp-json\/wp\/v2\/posts\/585","targetHints":{"allow":["GET"]}}],"collection":[{"href":"https:\/\/blog.desenzanoloft.com\/pl\/wp-json\/wp\/v2\/posts"}],"about":[{"href":"https:\/\/blog.desenzanoloft.com\/pl\/wp-json\/wp\/v2\/types\/post"}],"author":[{"embeddable":true,"href":"https:\/\/blog.desenzanoloft.com\/pl\/wp-json\/wp\/v2\/users\/57"}],"replies":[{"embeddable":true,"href":"https:\/\/blog.desenzanoloft.com\/pl\/wp-json\/wp\/v2\/comments?post=585"}],"version-history":[{"count":5,"href":"https:\/\/blog.desenzanoloft.com\/pl\/wp-json\/wp\/v2\/posts\/585\/revisions"}],"predecessor-version":[{"id":594,"href":"https:\/\/blog.desenzanoloft.com\/pl\/wp-json\/wp\/v2\/posts\/585\/revisions\/594"}],"wp:featuredmedia":[{"embeddable":true,"href":"https:\/\/blog.desenzanoloft.com\/pl\/wp-json\/wp\/v2\/media\/590"}],"wp:attachment":[{"href":"https:\/\/blog.desenzanoloft.com\/pl\/wp-json\/wp\/v2\/media?parent=585"}],"wp:term":[{"taxonomy":"category","embeddable":true,"href":"https:\/\/blog.desenzanoloft.com\/pl\/wp-json\/wp\/v2\/categories?post=585"},{"taxonomy":"post_tag","embeddable":true,"href":"https:\/\/blog.desenzanoloft.com\/pl\/wp-json\/wp\/v2\/tags?post=585"}],"curies":[{"name":"wp","href":"https:\/\/api.w.org\/{rel}","templated":true}]}}