{"id":567,"date":"2018-11-07T10:00:31","date_gmt":"2018-11-07T10:00:31","guid":{"rendered":"https:\/\/blog.desenzanoloft.com\/?p=567"},"modified":"2018-11-07T10:01:19","modified_gmt":"2018-11-07T10:01:19","slug":"desenzano-tra-le-100-mete-ditalia","status":"publish","type":"post","link":"https:\/\/blog.desenzanoloft.com\/pl\/desenzano-tra-le-100-mete-ditalia\/","title":{"rendered":"Desenzano tra le 100 mete d&#8217;Italia"},"content":{"rendered":"<h2>Desenzano tra le 100 mete d&#8217;Italia<\/h2>\n<p><a href=\"https:\/\/blog.desenzanoloft.com\/wp-content\/uploads\/sites\/40\/2018\/07\/WhatsApp-Image-2018-05-02-at-09.05.32.jpeg\"><img loading=\"lazy\" decoding=\"async\" class=\"alignnone size-thumbnail wp-image-363\" src=\"https:\/\/blog.desenzanoloft.com\/wp-content\/uploads\/sites\/40\/2018\/07\/WhatsApp-Image-2018-05-02-at-09.05.32-150x150.jpeg\" alt=\"WhatsApp Image 2018-05-02 at 09.05.32\" width=\"150\" height=\"150\" srcset=\"https:\/\/blog.desenzanoloft.com\/wp-content\/uploads\/2018\/07\/WhatsApp-Image-2018-05-02-at-09.05.32-150x150.jpeg 150w, https:\/\/blog.desenzanoloft.com\/wp-content\/uploads\/2018\/07\/WhatsApp-Image-2018-05-02-at-09.05.32-64x64.jpeg 64w\" sizes=\"auto, (max-width: 150px) 100vw, 150px\" \/><\/a><\/p>\n<p>Desenzano tra le 100 mete d&#8217;Italia: il Comune di Desenzano del Garda \u00e8 stato selezionato per l\u2019iniziativa\u00a0<b>\u201c100 Mete d\u2019Italia\u201d 2018<\/b>, evento nazionale creato per aumentare il livello di conoscenza delle specificit\u00e0 di 100 Comuni italiani, attraverso la stesura di un omonimo volume descrittivo, simbolo di eccellenza e di condivisione dei progetti da questi messi in atto.<\/p>\n<p><strong>100 Mete d\u2019Italia<\/strong>\u00a0ha come scopo principale quello di promuovere i valori dell\u2019italianit\u00e0 e di premiarne l\u2019originalit\u00e0, guidando il lettore in un cammino tra localit\u00e0 sorprendenti, raccontandone la storia; le meraviglie dell\u2019arte; l\u2019originalit\u00e0 dello stile; la qualit\u00e0 dei prodotti, alimentari e non solo; il gusto per l\u2019ospitalit\u00e0, la bellezza dei luoghi e il coraggio di fare fronte alle difficolt\u00e0.<\/p>\n<p>Per l\u2019edizione 2018, la selezione delle mete \u00e8 avvenuta a seguito della partecipazione al bando nazionale indetto per quelle amministrazioni che intendessero dare risalto alle peculiarit\u00e0 del proprio territorio. Dieci le tematiche che era possibile scegliere per essere presi in considerazione, dieci \u201cCapitoli\u201d denominati con nomi di piante: Desenzano sar\u00e0 dunque presente sulla pubblicazione del volume \u201c100 Mete d\u2019Italia\u201d 2018 grazie al capitolo sette, quello del Giacinto, che andava a premiare quelle<b>\u00a0<\/b>\u201cmete che sono state capaci di incentivare l\u2019attivit\u00e0 sportiva e artistica nell\u2019ambito delle loro comunit\u00e0 con manifestazioni canore, attivit\u00e0 agonistiche, esibizioni di danza e teatro; momenti di aggregazione sociale fondamentali per rafforzare una collettivit\u00e0 e renderla parte di un progetto\u201d.<\/p>\n<p>L&#8217;iniziativa, promossa da \u201cDell\u2019Anna Eventi\u201d in collaborazione con la casa editrice RDE, vedr\u00e0 il suo culmine il 6 dicembre 2018 quando presso il Senato della Repubblica a Roma verranno premiati i 10 Comuni che si sono ulteriormente contraddistinti tra i 100 selezionati con uno speciale riconoscimento \u201cPremio Meta d\u2019Italia\u201d.<\/p>\n<p>Info:\u00a0<a href=\"http:\/\/www.rdeditore.it\/jl\/100-mete-d-italia.html\" target=\"_blank\">www.rdeditore.it<\/a><\/p>\n<p>Noi della Desenzanoloft siamo davvero soddisfatti del raggiungimento di Desenzano tra le 100 mete d&#8217;Italia\u00a0e del lavoro svolto per essere sempre al Top tra le localit\u00e0 turistiche italiane.<\/p>\n<p>&nbsp;<\/p>\n<h5 align=\"left\"><\/h5>\n<h5><\/h5>\n","protected":false},"excerpt":{"rendered":"<p>Desenzano tra le 100 mete d&#8217;Italia Desenzano tra le 100 mete d&#8217;Italia: il Comune di Desenzano del Garda \u00e8 stato&#8230;<\/p>\n","protected":false},"author":57,"featured_media":568,"comment_status":"open","ping_status":"open","sticky":false,"template":"","format":"standard","meta":{"footnotes":""},"categories":[2],"tags":[30,162,76,14,15,388,7,48,40,13,20,178,387,386,22,79,74],"class_list":["post-567","post","type-post","status-publish","format-standard","has-post-thumbnail","hentry","category-notizie-ed-eventi","tag-appartamenti","tag-casa-vacanze","tag-case-vacanza","tag-desenzanodelgarda","tag-desenzanoloft","tag-eccellenza-italiana","tag-gardasee","tag-italia","tag-lago-di-garda","tag-lagodigarda","tag-lakegarda","tag-lonato-del-garda","tag-mete","tag-mete-ditalia","tag-padenghe","tag-vacanza","tag-vacanze"],"yoast_head":"<!-- This site is optimized with the Yoast SEO plugin v27.5 - https:\/\/yoast.com\/product\/yoast-seo-wordpress\/ -->\n<title>Desenzano tra le 100 mete d&#039;Italia - Blog<\/title>\n<meta name=\"description\" content=\"Desenzano tra le 100 mete d&#039;Italia: Desenzano \u00e8 stata selezionata per questo\u00a0evento\u00a0 creato per aumentare il livello di conoscenza del nostro territorio\" \/>\n<meta name=\"robots\" content=\"index, follow, max-snippet:-1, max-image-preview:large, max-video-preview:-1\" \/>\n<link rel=\"canonical\" href=\"https:\/\/blog.desenzanoloft.com\/pl\/desenzano-tra-le-100-mete-ditalia\/\" \/>\n<meta property=\"og:locale\" content=\"pl_PL\" \/>\n<meta property=\"og:type\" content=\"article\" \/>\n<meta property=\"og:title\" content=\"Desenzano tra le 100 mete d&#039;Italia - Blog\" \/>\n<meta property=\"og:description\" content=\"Desenzano tra le 100 mete d&#039;Italia: Desenzano \u00e8 stata selezionata per questo\u00a0evento\u00a0 creato per aumentare il livello di conoscenza del nostro territorio\" \/>\n<meta property=\"og:url\" content=\"https:\/\/blog.desenzanoloft.com\/pl\/desenzano-tra-le-100-mete-ditalia\/\" \/>\n<meta property=\"og:site_name\" content=\"Blog\" \/>\n<meta property=\"article:author\" content=\"https:\/\/www.facebook.com\/CarloClaveriniDESENZANO\" \/>\n<meta property=\"article:published_time\" content=\"2018-11-07T10:00:31+00:00\" \/>\n<meta property=\"article:modified_time\" content=\"2018-11-07T10:01:19+00:00\" \/>\n<meta property=\"og:image\" content=\"https:\/\/blog.desenzanoloft.com\/wp-content\/uploads\/2018\/11\/front100mete.jpg\" \/>\n\t<meta property=\"og:image:width\" content=\"1200\" \/>\n\t<meta property=\"og:image:height\" content=\"550\" \/>\n\t<meta property=\"og:image:type\" content=\"image\/jpeg\" \/>\n<meta name=\"author\" content=\"desenzanoloft\" \/>\n<meta name=\"twitter:card\" content=\"summary_large_image\" \/>\n<meta name=\"twitter:label1\" content=\"Napisane przez\" \/>\n\t<meta name=\"twitter:data1\" content=\"desenzanoloft\" \/>\n\t<meta name=\"twitter:label2\" content=\"Szacowany czas czytania\" \/>\n\t<meta name=\"twitter:data2\" content=\"2 minuty\" \/>\n<script type=\"application\/ld+json\" class=\"yoast-schema-graph\">{\"@context\":\"https:\\\/\\\/schema.org\",\"@graph\":[{\"@type\":\"Article\",\"@id\":\"https:\\\/\\\/blog.desenzanoloft.com\\\/pl\\\/desenzano-tra-le-100-mete-ditalia\\\/#article\",\"isPartOf\":{\"@id\":\"https:\\\/\\\/blog.desenzanoloft.com\\\/pl\\\/desenzano-tra-le-100-mete-ditalia\\\/\"},\"author\":{\"name\":\"desenzanoloft\",\"@id\":\"https:\\\/\\\/blog.desenzanoloft.com\\\/pl\\\/#\\\/schema\\\/person\\\/3363b0dbf0bb9edb036fb68a61d6dd42\"},\"headline\":\"Desenzano tra le 100 mete d&#8217;Italia\",\"datePublished\":\"2018-11-07T10:00:31+00:00\",\"dateModified\":\"2018-11-07T10:01:19+00:00\",\"mainEntityOfPage\":{\"@id\":\"https:\\\/\\\/blog.desenzanoloft.com\\\/pl\\\/desenzano-tra-le-100-mete-ditalia\\\/\"},\"wordCount\":325,\"commentCount\":0,\"image\":{\"@id\":\"https:\\\/\\\/blog.desenzanoloft.com\\\/pl\\\/desenzano-tra-le-100-mete-ditalia\\\/#primaryimage\"},\"thumbnailUrl\":\"https:\\\/\\\/blog.desenzanoloft.com\\\/wp-content\\\/uploads\\\/2018\\\/11\\\/front100mete.jpg\",\"keywords\":[\"appartamenti\",\"casa vacanze\",\"case vacanza\",\"desenzanodelgarda\",\"desenzanoloft\",\"eccellenza italiana\",\"gardasee\",\"italia\",\"lago di garda\",\"lagodigarda\",\"lakegarda\",\"lonato del garda\",\"mete\",\"mete d'italia\",\"padenghe\",\"vacanza\",\"vacanze\"],\"articleSection\":[\"notizie ed eventi\"],\"inLanguage\":\"pl-PL\",\"potentialAction\":[{\"@type\":\"CommentAction\",\"name\":\"Comment\",\"target\":[\"https:\\\/\\\/blog.desenzanoloft.com\\\/pl\\\/desenzano-tra-le-100-mete-ditalia\\\/#respond\"]}]},{\"@type\":\"WebPage\",\"@id\":\"https:\\\/\\\/blog.desenzanoloft.com\\\/pl\\\/desenzano-tra-le-100-mete-ditalia\\\/\",\"url\":\"https:\\\/\\\/blog.desenzanoloft.com\\\/pl\\\/desenzano-tra-le-100-mete-ditalia\\\/\",\"name\":\"Desenzano tra le 100 mete d'Italia - Blog\",\"isPartOf\":{\"@id\":\"https:\\\/\\\/blog.desenzanoloft.com\\\/pl\\\/#website\"},\"primaryImageOfPage\":{\"@id\":\"https:\\\/\\\/blog.desenzanoloft.com\\\/pl\\\/desenzano-tra-le-100-mete-ditalia\\\/#primaryimage\"},\"image\":{\"@id\":\"https:\\\/\\\/blog.desenzanoloft.com\\\/pl\\\/desenzano-tra-le-100-mete-ditalia\\\/#primaryimage\"},\"thumbnailUrl\":\"https:\\\/\\\/blog.desenzanoloft.com\\\/wp-content\\\/uploads\\\/2018\\\/11\\\/front100mete.jpg\",\"datePublished\":\"2018-11-07T10:00:31+00:00\",\"dateModified\":\"2018-11-07T10:01:19+00:00\",\"author\":{\"@id\":\"https:\\\/\\\/blog.desenzanoloft.com\\\/pl\\\/#\\\/schema\\\/person\\\/3363b0dbf0bb9edb036fb68a61d6dd42\"},\"description\":\"Desenzano tra le 100 mete d'Italia: Desenzano \u00e8 stata selezionata per questo\u00a0evento\u00a0 creato per aumentare il livello di conoscenza del nostro territorio\",\"breadcrumb\":{\"@id\":\"https:\\\/\\\/blog.desenzanoloft.com\\\/pl\\\/desenzano-tra-le-100-mete-ditalia\\\/#breadcrumb\"},\"inLanguage\":\"pl-PL\",\"potentialAction\":[{\"@type\":\"ReadAction\",\"target\":[\"https:\\\/\\\/blog.desenzanoloft.com\\\/pl\\\/desenzano-tra-le-100-mete-ditalia\\\/\"]}]},{\"@type\":\"ImageObject\",\"inLanguage\":\"pl-PL\",\"@id\":\"https:\\\/\\\/blog.desenzanoloft.com\\\/pl\\\/desenzano-tra-le-100-mete-ditalia\\\/#primaryimage\",\"url\":\"https:\\\/\\\/blog.desenzanoloft.com\\\/wp-content\\\/uploads\\\/2018\\\/11\\\/front100mete.jpg\",\"contentUrl\":\"https:\\\/\\\/blog.desenzanoloft.com\\\/wp-content\\\/uploads\\\/2018\\\/11\\\/front100mete.jpg\",\"width\":1200,\"height\":550,\"caption\":\"Desenzano tra le 100 mete d'Italia\"},{\"@type\":\"BreadcrumbList\",\"@id\":\"https:\\\/\\\/blog.desenzanoloft.com\\\/pl\\\/desenzano-tra-le-100-mete-ditalia\\\/#breadcrumb\",\"itemListElement\":[{\"@type\":\"ListItem\",\"position\":1,\"name\":\"Home\",\"item\":\"https:\\\/\\\/blog.desenzanoloft.com\\\/pl\\\/\"},{\"@type\":\"ListItem\",\"position\":2,\"name\":\"Desenzano tra le 100 mete d&#8217;Italia\"}]},{\"@type\":\"WebSite\",\"@id\":\"https:\\\/\\\/blog.desenzanoloft.com\\\/pl\\\/#website\",\"url\":\"https:\\\/\\\/blog.desenzanoloft.com\\\/pl\\\/\",\"name\":\"Blog\",\"description\":\"Desenzanoloft\",\"potentialAction\":[{\"@type\":\"SearchAction\",\"target\":{\"@type\":\"EntryPoint\",\"urlTemplate\":\"https:\\\/\\\/blog.desenzanoloft.com\\\/pl\\\/?s={search_term_string}\"},\"query-input\":{\"@type\":\"PropertyValueSpecification\",\"valueRequired\":true,\"valueName\":\"search_term_string\"}}],\"inLanguage\":\"pl-PL\"},{\"@type\":\"Person\",\"@id\":\"https:\\\/\\\/blog.desenzanoloft.com\\\/pl\\\/#\\\/schema\\\/person\\\/3363b0dbf0bb9edb036fb68a61d6dd42\",\"name\":\"desenzanoloft\",\"image\":{\"@type\":\"ImageObject\",\"inLanguage\":\"pl-PL\",\"@id\":\"https:\\\/\\\/secure.gravatar.com\\\/avatar\\\/f0a7703b30e35f233c4ec0317086f2b943a1586f5929cc61eeceae263a3ac558?s=96&d=mm&r=g\",\"url\":\"https:\\\/\\\/secure.gravatar.com\\\/avatar\\\/f0a7703b30e35f233c4ec0317086f2b943a1586f5929cc61eeceae263a3ac558?s=96&d=mm&r=g\",\"contentUrl\":\"https:\\\/\\\/secure.gravatar.com\\\/avatar\\\/f0a7703b30e35f233c4ec0317086f2b943a1586f5929cc61eeceae263a3ac558?s=96&d=mm&r=g\",\"caption\":\"desenzanoloft\"},\"sameAs\":[\"https:\\\/\\\/www.desenzanoloft.com\\\/\",\"https:\\\/\\\/www.facebook.com\\\/CarloClaveriniDESENZANO\"],\"url\":\"https:\\\/\\\/blog.desenzanoloft.com\\\/pl\\\/author\\\/desenzanoloft\\\/\"}]}<\/script>\n<!-- \/ Yoast SEO plugin. -->","yoast_head_json":{"title":"Desenzano tra le 100 mete d'Italia - Blog","description":"Desenzano tra le 100 mete d'Italia: Desenzano \u00e8 stata selezionata per questo\u00a0evento\u00a0 creato per aumentare il livello di conoscenza del nostro territorio","robots":{"index":"index","follow":"follow","max-snippet":"max-snippet:-1","max-image-preview":"max-image-preview:large","max-video-preview":"max-video-preview:-1"},"canonical":"https:\/\/blog.desenzanoloft.com\/pl\/desenzano-tra-le-100-mete-ditalia\/","og_locale":"pl_PL","og_type":"article","og_title":"Desenzano tra le 100 mete d'Italia - Blog","og_description":"Desenzano tra le 100 mete d'Italia: Desenzano \u00e8 stata selezionata per questo\u00a0evento\u00a0 creato per aumentare il livello di conoscenza del nostro territorio","og_url":"https:\/\/blog.desenzanoloft.com\/pl\/desenzano-tra-le-100-mete-ditalia\/","og_site_name":"Blog","article_author":"https:\/\/www.facebook.com\/CarloClaveriniDESENZANO","article_published_time":"2018-11-07T10:00:31+00:00","article_modified_time":"2018-11-07T10:01:19+00:00","og_image":[{"width":1200,"height":550,"url":"https:\/\/blog.desenzanoloft.com\/wp-content\/uploads\/2018\/11\/front100mete.jpg","type":"image\/jpeg"}],"author":"desenzanoloft","twitter_card":"summary_large_image","twitter_misc":{"Napisane przez":"desenzanoloft","Szacowany czas czytania":"2 minuty"},"schema":{"@context":"https:\/\/schema.org","@graph":[{"@type":"Article","@id":"https:\/\/blog.desenzanoloft.com\/pl\/desenzano-tra-le-100-mete-ditalia\/#article","isPartOf":{"@id":"https:\/\/blog.desenzanoloft.com\/pl\/desenzano-tra-le-100-mete-ditalia\/"},"author":{"name":"desenzanoloft","@id":"https:\/\/blog.desenzanoloft.com\/pl\/#\/schema\/person\/3363b0dbf0bb9edb036fb68a61d6dd42"},"headline":"Desenzano tra le 100 mete d&#8217;Italia","datePublished":"2018-11-07T10:00:31+00:00","dateModified":"2018-11-07T10:01:19+00:00","mainEntityOfPage":{"@id":"https:\/\/blog.desenzanoloft.com\/pl\/desenzano-tra-le-100-mete-ditalia\/"},"wordCount":325,"commentCount":0,"image":{"@id":"https:\/\/blog.desenzanoloft.com\/pl\/desenzano-tra-le-100-mete-ditalia\/#primaryimage"},"thumbnailUrl":"https:\/\/blog.desenzanoloft.com\/wp-content\/uploads\/2018\/11\/front100mete.jpg","keywords":["appartamenti","casa vacanze","case vacanza","desenzanodelgarda","desenzanoloft","eccellenza italiana","gardasee","italia","lago di garda","lagodigarda","lakegarda","lonato del garda","mete","mete d'italia","padenghe","vacanza","vacanze"],"articleSection":["notizie ed eventi"],"inLanguage":"pl-PL","potentialAction":[{"@type":"CommentAction","name":"Comment","target":["https:\/\/blog.desenzanoloft.com\/pl\/desenzano-tra-le-100-mete-ditalia\/#respond"]}]},{"@type":"WebPage","@id":"https:\/\/blog.desenzanoloft.com\/pl\/desenzano-tra-le-100-mete-ditalia\/","url":"https:\/\/blog.desenzanoloft.com\/pl\/desenzano-tra-le-100-mete-ditalia\/","name":"Desenzano tra le 100 mete d'Italia - Blog","isPartOf":{"@id":"https:\/\/blog.desenzanoloft.com\/pl\/#website"},"primaryImageOfPage":{"@id":"https:\/\/blog.desenzanoloft.com\/pl\/desenzano-tra-le-100-mete-ditalia\/#primaryimage"},"image":{"@id":"https:\/\/blog.desenzanoloft.com\/pl\/desenzano-tra-le-100-mete-ditalia\/#primaryimage"},"thumbnailUrl":"https:\/\/blog.desenzanoloft.com\/wp-content\/uploads\/2018\/11\/front100mete.jpg","datePublished":"2018-11-07T10:00:31+00:00","dateModified":"2018-11-07T10:01:19+00:00","author":{"@id":"https:\/\/blog.desenzanoloft.com\/pl\/#\/schema\/person\/3363b0dbf0bb9edb036fb68a61d6dd42"},"description":"Desenzano tra le 100 mete d'Italia: Desenzano \u00e8 stata selezionata per questo\u00a0evento\u00a0 creato per aumentare il livello di conoscenza del nostro territorio","breadcrumb":{"@id":"https:\/\/blog.desenzanoloft.com\/pl\/desenzano-tra-le-100-mete-ditalia\/#breadcrumb"},"inLanguage":"pl-PL","potentialAction":[{"@type":"ReadAction","target":["https:\/\/blog.desenzanoloft.com\/pl\/desenzano-tra-le-100-mete-ditalia\/"]}]},{"@type":"ImageObject","inLanguage":"pl-PL","@id":"https:\/\/blog.desenzanoloft.com\/pl\/desenzano-tra-le-100-mete-ditalia\/#primaryimage","url":"https:\/\/blog.desenzanoloft.com\/wp-content\/uploads\/2018\/11\/front100mete.jpg","contentUrl":"https:\/\/blog.desenzanoloft.com\/wp-content\/uploads\/2018\/11\/front100mete.jpg","width":1200,"height":550,"caption":"Desenzano tra le 100 mete d'Italia"},{"@type":"BreadcrumbList","@id":"https:\/\/blog.desenzanoloft.com\/pl\/desenzano-tra-le-100-mete-ditalia\/#breadcrumb","itemListElement":[{"@type":"ListItem","position":1,"name":"Home","item":"https:\/\/blog.desenzanoloft.com\/pl\/"},{"@type":"ListItem","position":2,"name":"Desenzano tra le 100 mete d&#8217;Italia"}]},{"@type":"WebSite","@id":"https:\/\/blog.desenzanoloft.com\/pl\/#website","url":"https:\/\/blog.desenzanoloft.com\/pl\/","name":"Blog","description":"Desenzanoloft","potentialAction":[{"@type":"SearchAction","target":{"@type":"EntryPoint","urlTemplate":"https:\/\/blog.desenzanoloft.com\/pl\/?s={search_term_string}"},"query-input":{"@type":"PropertyValueSpecification","valueRequired":true,"valueName":"search_term_string"}}],"inLanguage":"pl-PL"},{"@type":"Person","@id":"https:\/\/blog.desenzanoloft.com\/pl\/#\/schema\/person\/3363b0dbf0bb9edb036fb68a61d6dd42","name":"desenzanoloft","image":{"@type":"ImageObject","inLanguage":"pl-PL","@id":"https:\/\/secure.gravatar.com\/avatar\/f0a7703b30e35f233c4ec0317086f2b943a1586f5929cc61eeceae263a3ac558?s=96&d=mm&r=g","url":"https:\/\/secure.gravatar.com\/avatar\/f0a7703b30e35f233c4ec0317086f2b943a1586f5929cc61eeceae263a3ac558?s=96&d=mm&r=g","contentUrl":"https:\/\/secure.gravatar.com\/avatar\/f0a7703b30e35f233c4ec0317086f2b943a1586f5929cc61eeceae263a3ac558?s=96&d=mm&r=g","caption":"desenzanoloft"},"sameAs":["https:\/\/www.desenzanoloft.com\/","https:\/\/www.facebook.com\/CarloClaveriniDESENZANO"],"url":"https:\/\/blog.desenzanoloft.com\/pl\/author\/desenzanoloft\/"}]}},"_links":{"self":[{"href":"https:\/\/blog.desenzanoloft.com\/pl\/wp-json\/wp\/v2\/posts\/567","targetHints":{"allow":["GET"]}}],"collection":[{"href":"https:\/\/blog.desenzanoloft.com\/pl\/wp-json\/wp\/v2\/posts"}],"about":[{"href":"https:\/\/blog.desenzanoloft.com\/pl\/wp-json\/wp\/v2\/types\/post"}],"author":[{"embeddable":true,"href":"https:\/\/blog.desenzanoloft.com\/pl\/wp-json\/wp\/v2\/users\/57"}],"replies":[{"embeddable":true,"href":"https:\/\/blog.desenzanoloft.com\/pl\/wp-json\/wp\/v2\/comments?post=567"}],"version-history":[{"count":2,"href":"https:\/\/blog.desenzanoloft.com\/pl\/wp-json\/wp\/v2\/posts\/567\/revisions"}],"predecessor-version":[{"id":570,"href":"https:\/\/blog.desenzanoloft.com\/pl\/wp-json\/wp\/v2\/posts\/567\/revisions\/570"}],"wp:featuredmedia":[{"embeddable":true,"href":"https:\/\/blog.desenzanoloft.com\/pl\/wp-json\/wp\/v2\/media\/568"}],"wp:attachment":[{"href":"https:\/\/blog.desenzanoloft.com\/pl\/wp-json\/wp\/v2\/media?parent=567"}],"wp:term":[{"taxonomy":"category","embeddable":true,"href":"https:\/\/blog.desenzanoloft.com\/pl\/wp-json\/wp\/v2\/categories?post=567"},{"taxonomy":"post_tag","embeddable":true,"href":"https:\/\/blog.desenzanoloft.com\/pl\/wp-json\/wp\/v2\/tags?post=567"}],"curies":[{"name":"wp","href":"https:\/\/api.w.org\/{rel}","templated":true}]}}