{"id":514,"date":"2018-10-05T08:33:53","date_gmt":"2018-10-05T08:33:53","guid":{"rendered":"https:\/\/blog.desenzanoloft.com\/?p=514"},"modified":"2018-10-05T08:48:40","modified_gmt":"2018-10-05T08:48:40","slug":"affitti-case-vacanza","status":"publish","type":"post","link":"https:\/\/blog.desenzanoloft.com\/pl\/affitti-case-vacanza\/","title":{"rendered":"Affitti case vacanza"},"content":{"rendered":"<h2>Affitti case vacanza<\/h2>\n<p>Oggi vi proponiamo un articolo che tratta degli affitti case vacanza, ma purtroppo in negativo.<br \/>\nVogliamo farvi capire la differenza tra agenzie serie come la nostra, a cui affidarvi sia come proprietario di un immobile che non riesce a seguire la propria attivit\u00e0 per la gestione della sua casa vacanza, sia come turista alla ricerca della pi\u00f9 comoda soluzione per le proprie vacanza sul lago di Garda e agenzie o privati che affittano in nero.<\/p>\n<p><a href=\"https:\/\/blog.desenzanoloft.com\/wp-content\/uploads\/sites\/40\/2018\/10\/Guardia-di-Finanza-730x487-720627.jpg\"><img loading=\"lazy\" decoding=\"async\" class=\"alignnone size-thumbnail wp-image-515\" src=\"https:\/\/blog.desenzanoloft.com\/wp-content\/uploads\/sites\/40\/2018\/10\/Guardia-di-Finanza-730x487-720627-150x150.jpg\" alt=\"Guardia-di-Finanza-730x487-720627\" width=\"150\" height=\"150\" srcset=\"https:\/\/blog.desenzanoloft.com\/wp-content\/uploads\/2018\/10\/Guardia-di-Finanza-730x487-720627-150x150.jpg 150w, https:\/\/blog.desenzanoloft.com\/wp-content\/uploads\/2018\/10\/Guardia-di-Finanza-730x487-720627-64x64.jpg 64w\" sizes=\"auto, (max-width: 150px) 100vw, 150px\" \/><\/a><\/p>\n<p>L&#8217;articolo del 4 ottobre 2018 pubblicato sul sito della Rai, nel TGR Trento, \u00e8 consultabile con Video anche al seguente Link<\/p>\n<p><a href=\"https:\/\/www.rainews.it\/tgr\/trento\/video\/2018\/10\/tnt-affitti-nero-finanza-gdf-Trentino-ea0a29d1-6668-43e6-b28a-528eb2c3f421.html?wt_mc=2.social.tw.redtgrtaatn_tnt-affitti-nero-finanza-gdf-Trentino.&amp;wt=\" target=\"_blank\">https:\/\/www.rainews.it\/tgr\/trento<\/a><\/p>\n<p><em><strong>Affitti in nero, oltre 100 casi scoperti dalla Finanza in regione<\/strong><\/em><\/p>\n<div class=\"sommario\"><em>Oltre due terzi degli episodi in Trentino, pi\u00f9 di 1,3 milioni di base imponibile sottratta al fisco. Fenomeno diffuso soprattutto nelle localit\u00e0 turistiche, ma non mancano gli appartamenti affittati agli studenti universitari a Trento<\/em><\/div>\n<div class=\"firma\"><em>di\u00a0Lucio Fava del Piano<\/em><\/div>\n<hr \/>\n<div class=\"text\"><em><strong>Sono 112 i casi di affitti in nero scoperti dalla Guardia di Finanza<\/strong>\u00a0del Trentino Alto Adige sul territorio regionale a partire da gennaio 2017, per una base imponibile sottratta al fisco che supera il milione e 300mila euro.<\/em><em>\u00c8 il risultato dell&#8217;attivit\u00e0 di contrasto alle locazioni irregolari condotta dalle Fiamme gialle:\u00a0<strong>oltre due terzi dei casi riguardano il Trentino<\/strong>, il resto la provincia di Bolzano.<\/em><em>Risultati raggiunti grazie a un&#8217;attivit\u00e0 di indagine che coniuga presenza sul territorio e uso di strumenti informatici, il che permette di attivare controlli molto mirati, come spiega il\u00a0<strong>comandante provinciale del Trentino Roberto Ribaudo<\/strong>:\u00a0&#8222;l&#8217;incorocio delle banche dati \u00e8 molto utile perch\u00e9 evidenzia delle situazioni di criticit\u00e0 che poi non necessariamente sfociano in sanzioni o controlli&#8221;.<\/em><\/p>\n<p><em>Ma quali sono le aree in cui si concentrano le locazioni irregolari? Risponde ancora Ribaudo: &#8222;Prevalente, sicuramente, \u00e8 l&#8217;aspetto legato alla vocazione turistica del territorio, mentre qui a Trento, citt\u00e0 dove vi \u00e8 un ateneo di rilevanti dimensioni, un piccolo spaccato \u00e8 costituito dagli affitti in nero agli studenti&#8221;.<\/em><\/p>\n<p><em>E a proposito di universitari, il comando provinciale della Finanza ha\u00a0<strong>siglato con l&#8217;ateneo di Trento un protocollo d&#8217;intesa<\/strong>\u00a0finalizzato a sviluppare forme di controllo sulla situazione reddituale e patrimoniale degli studenti che beneficiano di prestazioni agevolate da parte dell&#8217;universit\u00e0.<\/em><\/p>\n<\/div>\n<div class=\"text\"><\/div>\n<div class=\"text\">\n<p>Vi ricordiamo quindi che se hai un immobile da mettere a reddito, abiti fuori zona e non riesci a seguire la tua propriet\u00e0, puo rivolgerti a noi. LA DESENZANOLOFT e\u2019 composta da un team qualificato ed esperto, visioniamo il tuo appartamento\/casa\/villa\/cottage\/residence e dopo una valutazione dettagliata saremo in grato di dirti quanto potrai guadagnare settimanalmente.<br \/>\nGli appartamenti promossi dalla nostra agenzia sono presenti circa su 70 siti internazionali in tutte le lingue del mondo, ci occupiamo di tutto:<\/p>\n<ul>\n<li>Valutazione e visualizzazione dell immobile<\/li>\n<li>Servizio fotografico<\/li>\n<li>Pubblicit\u00e0 e marketing<\/li>\n<li>Accoglienza clienti<\/li>\n<li>Fornitura di biancheria da letto e da bagno per tutti gli occupanti<\/li>\n<li>Pulizie iniziali e finali<\/li>\n<li>Registrazione degli ospiti presso le questure di competenza<\/li>\n<li>Fornitura di voucher promozionali ai vacanzieri<\/li>\n<li>Fornitura di posto auto laddove il tuo immobile non ne fosse provvisto<\/li>\n<li>Gestione , incasso ed erogazione dei pagamenti<\/li>\n<li>Consulenza fiscale ed amministrativa<\/li>\n<li>Servizio di assistenza ai turisti h 24<\/li>\n<li>Fornitura di credenziali di collegamento al nostro pannello di prenotazioni on line (tramite questa funzione il proprietario potra\u2019 sempre<\/li>\n<li>conoscere lo status di : prenotazioni in corso , prenotazioni da venire gia\u2019 confermate , liquidazioni avvenute , tariffe etc. )<\/li>\n<\/ul>\n<p>&nbsp;<\/p>\n<\/div>\n<div class=\"text\"><\/div>\n<div class=\"text\"><\/div>\n","protected":false},"excerpt":{"rendered":"<p>Affitti case vacanza Oggi vi proponiamo un articolo che tratta degli affitti case vacanza, ma purtroppo in negativo. Vogliamo farvi&#8230;<\/p>\n","protected":false},"author":57,"featured_media":519,"comment_status":"open","ping_status":"open","sticky":false,"template":"","format":"standard","meta":{"footnotes":""},"categories":[2],"tags":[363,30,162,95,76,14,15,271,89,40,13,171,22,49,21,79,74],"class_list":["post-514","post","type-post","status-publish","format-standard","has-post-thumbnail","hentry","category-notizie-ed-eventi","tag-affitti","tag-appartamenti","tag-casa-vacanze","tag-casavacanze","tag-case-vacanza","tag-desenzanodelgarda","tag-desenzanoloft","tag-estate","tag-holiday","tag-lago-di-garda","tag-lagodigarda","tag-lonato","tag-padenghe","tag-propertymanager","tag-sirmione","tag-vacanza","tag-vacanze"],"yoast_head":"<!-- This site is optimized with the Yoast SEO plugin v27.5 - https:\/\/yoast.com\/product\/yoast-seo-wordpress\/ -->\n<title>Affitti case vacanza - Blog<\/title>\n<meta name=\"description\" content=\"Affitti case vacanza: quante agenzie sono serie e in regola? Affidatevi ad agenzie come la nostra, sia come proprietari di appartamenti che come turisti\" \/>\n<meta name=\"robots\" content=\"index, follow, max-snippet:-1, max-image-preview:large, max-video-preview:-1\" \/>\n<link rel=\"canonical\" href=\"https:\/\/blog.desenzanoloft.com\/pl\/affitti-case-vacanza\/\" \/>\n<meta property=\"og:locale\" content=\"pl_PL\" \/>\n<meta property=\"og:type\" content=\"article\" \/>\n<meta property=\"og:title\" content=\"Affitti case vacanza - Blog\" \/>\n<meta property=\"og:description\" content=\"Affitti case vacanza: quante agenzie sono serie e in regola? Affidatevi ad agenzie come la nostra, sia come proprietari di appartamenti che come turisti\" \/>\n<meta property=\"og:url\" content=\"https:\/\/blog.desenzanoloft.com\/pl\/affitti-case-vacanza\/\" \/>\n<meta property=\"og:site_name\" content=\"Blog\" \/>\n<meta property=\"article:author\" content=\"https:\/\/www.facebook.com\/CarloClaveriniDESENZANO\" \/>\n<meta property=\"article:published_time\" content=\"2018-10-05T08:33:53+00:00\" \/>\n<meta property=\"article:modified_time\" content=\"2018-10-05T08:48:40+00:00\" \/>\n<meta property=\"og:image\" content=\"https:\/\/blog.desenzanoloft.com\/wp-content\/uploads\/2018\/10\/IMG_1930.jpg\" \/>\n\t<meta property=\"og:image:width\" content=\"617\" \/>\n\t<meta property=\"og:image:height\" content=\"599\" \/>\n\t<meta property=\"og:image:type\" content=\"image\/jpeg\" \/>\n<meta name=\"author\" content=\"desenzanoloft\" \/>\n<meta name=\"twitter:card\" content=\"summary_large_image\" \/>\n<meta name=\"twitter:label1\" content=\"Napisane przez\" \/>\n\t<meta name=\"twitter:data1\" content=\"desenzanoloft\" \/>\n\t<meta name=\"twitter:label2\" content=\"Szacowany czas czytania\" \/>\n\t<meta name=\"twitter:data2\" content=\"3 minuty\" \/>\n<script type=\"application\/ld+json\" class=\"yoast-schema-graph\">{\"@context\":\"https:\\\/\\\/schema.org\",\"@graph\":[{\"@type\":\"Article\",\"@id\":\"https:\\\/\\\/blog.desenzanoloft.com\\\/pl\\\/affitti-case-vacanza\\\/#article\",\"isPartOf\":{\"@id\":\"https:\\\/\\\/blog.desenzanoloft.com\\\/pl\\\/affitti-case-vacanza\\\/\"},\"author\":{\"name\":\"desenzanoloft\",\"@id\":\"https:\\\/\\\/blog.desenzanoloft.com\\\/pl\\\/#\\\/schema\\\/person\\\/3363b0dbf0bb9edb036fb68a61d6dd42\"},\"headline\":\"Affitti case vacanza\",\"datePublished\":\"2018-10-05T08:33:53+00:00\",\"dateModified\":\"2018-10-05T08:48:40+00:00\",\"mainEntityOfPage\":{\"@id\":\"https:\\\/\\\/blog.desenzanoloft.com\\\/pl\\\/affitti-case-vacanza\\\/\"},\"wordCount\":552,\"commentCount\":0,\"image\":{\"@id\":\"https:\\\/\\\/blog.desenzanoloft.com\\\/pl\\\/affitti-case-vacanza\\\/#primaryimage\"},\"thumbnailUrl\":\"https:\\\/\\\/blog.desenzanoloft.com\\\/wp-content\\\/uploads\\\/2018\\\/10\\\/IMG_1930.jpg\",\"keywords\":[\"affitti\",\"appartamenti\",\"casa vacanze\",\"casavacanze\",\"case vacanza\",\"desenzanodelgarda\",\"desenzanoloft\",\"estate\",\"holiday\",\"lago di garda\",\"lagodigarda\",\"lonato\",\"padenghe\",\"propertymanager\",\"sirmione\",\"vacanza\",\"vacanze\"],\"articleSection\":[\"notizie ed eventi\"],\"inLanguage\":\"pl-PL\",\"potentialAction\":[{\"@type\":\"CommentAction\",\"name\":\"Comment\",\"target\":[\"https:\\\/\\\/blog.desenzanoloft.com\\\/pl\\\/affitti-case-vacanza\\\/#respond\"]}]},{\"@type\":\"WebPage\",\"@id\":\"https:\\\/\\\/blog.desenzanoloft.com\\\/pl\\\/affitti-case-vacanza\\\/\",\"url\":\"https:\\\/\\\/blog.desenzanoloft.com\\\/pl\\\/affitti-case-vacanza\\\/\",\"name\":\"Affitti case vacanza - Blog\",\"isPartOf\":{\"@id\":\"https:\\\/\\\/blog.desenzanoloft.com\\\/pl\\\/#website\"},\"primaryImageOfPage\":{\"@id\":\"https:\\\/\\\/blog.desenzanoloft.com\\\/pl\\\/affitti-case-vacanza\\\/#primaryimage\"},\"image\":{\"@id\":\"https:\\\/\\\/blog.desenzanoloft.com\\\/pl\\\/affitti-case-vacanza\\\/#primaryimage\"},\"thumbnailUrl\":\"https:\\\/\\\/blog.desenzanoloft.com\\\/wp-content\\\/uploads\\\/2018\\\/10\\\/IMG_1930.jpg\",\"datePublished\":\"2018-10-05T08:33:53+00:00\",\"dateModified\":\"2018-10-05T08:48:40+00:00\",\"author\":{\"@id\":\"https:\\\/\\\/blog.desenzanoloft.com\\\/pl\\\/#\\\/schema\\\/person\\\/3363b0dbf0bb9edb036fb68a61d6dd42\"},\"description\":\"Affitti case vacanza: quante agenzie sono serie e in regola? Affidatevi ad agenzie come la nostra, sia come proprietari di appartamenti che come turisti\",\"breadcrumb\":{\"@id\":\"https:\\\/\\\/blog.desenzanoloft.com\\\/pl\\\/affitti-case-vacanza\\\/#breadcrumb\"},\"inLanguage\":\"pl-PL\",\"potentialAction\":[{\"@type\":\"ReadAction\",\"target\":[\"https:\\\/\\\/blog.desenzanoloft.com\\\/pl\\\/affitti-case-vacanza\\\/\"]}]},{\"@type\":\"ImageObject\",\"inLanguage\":\"pl-PL\",\"@id\":\"https:\\\/\\\/blog.desenzanoloft.com\\\/pl\\\/affitti-case-vacanza\\\/#primaryimage\",\"url\":\"https:\\\/\\\/blog.desenzanoloft.com\\\/wp-content\\\/uploads\\\/2018\\\/10\\\/IMG_1930.jpg\",\"contentUrl\":\"https:\\\/\\\/blog.desenzanoloft.com\\\/wp-content\\\/uploads\\\/2018\\\/10\\\/IMG_1930.jpg\",\"width\":617,\"height\":599},{\"@type\":\"BreadcrumbList\",\"@id\":\"https:\\\/\\\/blog.desenzanoloft.com\\\/pl\\\/affitti-case-vacanza\\\/#breadcrumb\",\"itemListElement\":[{\"@type\":\"ListItem\",\"position\":1,\"name\":\"Home\",\"item\":\"https:\\\/\\\/blog.desenzanoloft.com\\\/pl\\\/\"},{\"@type\":\"ListItem\",\"position\":2,\"name\":\"Affitti case vacanza\"}]},{\"@type\":\"WebSite\",\"@id\":\"https:\\\/\\\/blog.desenzanoloft.com\\\/pl\\\/#website\",\"url\":\"https:\\\/\\\/blog.desenzanoloft.com\\\/pl\\\/\",\"name\":\"Blog\",\"description\":\"Desenzanoloft\",\"potentialAction\":[{\"@type\":\"SearchAction\",\"target\":{\"@type\":\"EntryPoint\",\"urlTemplate\":\"https:\\\/\\\/blog.desenzanoloft.com\\\/pl\\\/?s={search_term_string}\"},\"query-input\":{\"@type\":\"PropertyValueSpecification\",\"valueRequired\":true,\"valueName\":\"search_term_string\"}}],\"inLanguage\":\"pl-PL\"},{\"@type\":\"Person\",\"@id\":\"https:\\\/\\\/blog.desenzanoloft.com\\\/pl\\\/#\\\/schema\\\/person\\\/3363b0dbf0bb9edb036fb68a61d6dd42\",\"name\":\"desenzanoloft\",\"image\":{\"@type\":\"ImageObject\",\"inLanguage\":\"pl-PL\",\"@id\":\"https:\\\/\\\/secure.gravatar.com\\\/avatar\\\/f0a7703b30e35f233c4ec0317086f2b943a1586f5929cc61eeceae263a3ac558?s=96&d=mm&r=g\",\"url\":\"https:\\\/\\\/secure.gravatar.com\\\/avatar\\\/f0a7703b30e35f233c4ec0317086f2b943a1586f5929cc61eeceae263a3ac558?s=96&d=mm&r=g\",\"contentUrl\":\"https:\\\/\\\/secure.gravatar.com\\\/avatar\\\/f0a7703b30e35f233c4ec0317086f2b943a1586f5929cc61eeceae263a3ac558?s=96&d=mm&r=g\",\"caption\":\"desenzanoloft\"},\"sameAs\":[\"https:\\\/\\\/www.desenzanoloft.com\\\/\",\"https:\\\/\\\/www.facebook.com\\\/CarloClaveriniDESENZANO\"],\"url\":\"https:\\\/\\\/blog.desenzanoloft.com\\\/pl\\\/author\\\/desenzanoloft\\\/\"}]}<\/script>\n<!-- \/ Yoast SEO plugin. -->","yoast_head_json":{"title":"Affitti case vacanza - Blog","description":"Affitti case vacanza: quante agenzie sono serie e in regola? Affidatevi ad agenzie come la nostra, sia come proprietari di appartamenti che come turisti","robots":{"index":"index","follow":"follow","max-snippet":"max-snippet:-1","max-image-preview":"max-image-preview:large","max-video-preview":"max-video-preview:-1"},"canonical":"https:\/\/blog.desenzanoloft.com\/pl\/affitti-case-vacanza\/","og_locale":"pl_PL","og_type":"article","og_title":"Affitti case vacanza - Blog","og_description":"Affitti case vacanza: quante agenzie sono serie e in regola? Affidatevi ad agenzie come la nostra, sia come proprietari di appartamenti che come turisti","og_url":"https:\/\/blog.desenzanoloft.com\/pl\/affitti-case-vacanza\/","og_site_name":"Blog","article_author":"https:\/\/www.facebook.com\/CarloClaveriniDESENZANO","article_published_time":"2018-10-05T08:33:53+00:00","article_modified_time":"2018-10-05T08:48:40+00:00","og_image":[{"width":617,"height":599,"url":"https:\/\/blog.desenzanoloft.com\/wp-content\/uploads\/2018\/10\/IMG_1930.jpg","type":"image\/jpeg"}],"author":"desenzanoloft","twitter_card":"summary_large_image","twitter_misc":{"Napisane przez":"desenzanoloft","Szacowany czas czytania":"3 minuty"},"schema":{"@context":"https:\/\/schema.org","@graph":[{"@type":"Article","@id":"https:\/\/blog.desenzanoloft.com\/pl\/affitti-case-vacanza\/#article","isPartOf":{"@id":"https:\/\/blog.desenzanoloft.com\/pl\/affitti-case-vacanza\/"},"author":{"name":"desenzanoloft","@id":"https:\/\/blog.desenzanoloft.com\/pl\/#\/schema\/person\/3363b0dbf0bb9edb036fb68a61d6dd42"},"headline":"Affitti case vacanza","datePublished":"2018-10-05T08:33:53+00:00","dateModified":"2018-10-05T08:48:40+00:00","mainEntityOfPage":{"@id":"https:\/\/blog.desenzanoloft.com\/pl\/affitti-case-vacanza\/"},"wordCount":552,"commentCount":0,"image":{"@id":"https:\/\/blog.desenzanoloft.com\/pl\/affitti-case-vacanza\/#primaryimage"},"thumbnailUrl":"https:\/\/blog.desenzanoloft.com\/wp-content\/uploads\/2018\/10\/IMG_1930.jpg","keywords":["affitti","appartamenti","casa vacanze","casavacanze","case vacanza","desenzanodelgarda","desenzanoloft","estate","holiday","lago di garda","lagodigarda","lonato","padenghe","propertymanager","sirmione","vacanza","vacanze"],"articleSection":["notizie ed eventi"],"inLanguage":"pl-PL","potentialAction":[{"@type":"CommentAction","name":"Comment","target":["https:\/\/blog.desenzanoloft.com\/pl\/affitti-case-vacanza\/#respond"]}]},{"@type":"WebPage","@id":"https:\/\/blog.desenzanoloft.com\/pl\/affitti-case-vacanza\/","url":"https:\/\/blog.desenzanoloft.com\/pl\/affitti-case-vacanza\/","name":"Affitti case vacanza - Blog","isPartOf":{"@id":"https:\/\/blog.desenzanoloft.com\/pl\/#website"},"primaryImageOfPage":{"@id":"https:\/\/blog.desenzanoloft.com\/pl\/affitti-case-vacanza\/#primaryimage"},"image":{"@id":"https:\/\/blog.desenzanoloft.com\/pl\/affitti-case-vacanza\/#primaryimage"},"thumbnailUrl":"https:\/\/blog.desenzanoloft.com\/wp-content\/uploads\/2018\/10\/IMG_1930.jpg","datePublished":"2018-10-05T08:33:53+00:00","dateModified":"2018-10-05T08:48:40+00:00","author":{"@id":"https:\/\/blog.desenzanoloft.com\/pl\/#\/schema\/person\/3363b0dbf0bb9edb036fb68a61d6dd42"},"description":"Affitti case vacanza: quante agenzie sono serie e in regola? Affidatevi ad agenzie come la nostra, sia come proprietari di appartamenti che come turisti","breadcrumb":{"@id":"https:\/\/blog.desenzanoloft.com\/pl\/affitti-case-vacanza\/#breadcrumb"},"inLanguage":"pl-PL","potentialAction":[{"@type":"ReadAction","target":["https:\/\/blog.desenzanoloft.com\/pl\/affitti-case-vacanza\/"]}]},{"@type":"ImageObject","inLanguage":"pl-PL","@id":"https:\/\/blog.desenzanoloft.com\/pl\/affitti-case-vacanza\/#primaryimage","url":"https:\/\/blog.desenzanoloft.com\/wp-content\/uploads\/2018\/10\/IMG_1930.jpg","contentUrl":"https:\/\/blog.desenzanoloft.com\/wp-content\/uploads\/2018\/10\/IMG_1930.jpg","width":617,"height":599},{"@type":"BreadcrumbList","@id":"https:\/\/blog.desenzanoloft.com\/pl\/affitti-case-vacanza\/#breadcrumb","itemListElement":[{"@type":"ListItem","position":1,"name":"Home","item":"https:\/\/blog.desenzanoloft.com\/pl\/"},{"@type":"ListItem","position":2,"name":"Affitti case vacanza"}]},{"@type":"WebSite","@id":"https:\/\/blog.desenzanoloft.com\/pl\/#website","url":"https:\/\/blog.desenzanoloft.com\/pl\/","name":"Blog","description":"Desenzanoloft","potentialAction":[{"@type":"SearchAction","target":{"@type":"EntryPoint","urlTemplate":"https:\/\/blog.desenzanoloft.com\/pl\/?s={search_term_string}"},"query-input":{"@type":"PropertyValueSpecification","valueRequired":true,"valueName":"search_term_string"}}],"inLanguage":"pl-PL"},{"@type":"Person","@id":"https:\/\/blog.desenzanoloft.com\/pl\/#\/schema\/person\/3363b0dbf0bb9edb036fb68a61d6dd42","name":"desenzanoloft","image":{"@type":"ImageObject","inLanguage":"pl-PL","@id":"https:\/\/secure.gravatar.com\/avatar\/f0a7703b30e35f233c4ec0317086f2b943a1586f5929cc61eeceae263a3ac558?s=96&d=mm&r=g","url":"https:\/\/secure.gravatar.com\/avatar\/f0a7703b30e35f233c4ec0317086f2b943a1586f5929cc61eeceae263a3ac558?s=96&d=mm&r=g","contentUrl":"https:\/\/secure.gravatar.com\/avatar\/f0a7703b30e35f233c4ec0317086f2b943a1586f5929cc61eeceae263a3ac558?s=96&d=mm&r=g","caption":"desenzanoloft"},"sameAs":["https:\/\/www.desenzanoloft.com\/","https:\/\/www.facebook.com\/CarloClaveriniDESENZANO"],"url":"https:\/\/blog.desenzanoloft.com\/pl\/author\/desenzanoloft\/"}]}},"_links":{"self":[{"href":"https:\/\/blog.desenzanoloft.com\/pl\/wp-json\/wp\/v2\/posts\/514","targetHints":{"allow":["GET"]}}],"collection":[{"href":"https:\/\/blog.desenzanoloft.com\/pl\/wp-json\/wp\/v2\/posts"}],"about":[{"href":"https:\/\/blog.desenzanoloft.com\/pl\/wp-json\/wp\/v2\/types\/post"}],"author":[{"embeddable":true,"href":"https:\/\/blog.desenzanoloft.com\/pl\/wp-json\/wp\/v2\/users\/57"}],"replies":[{"embeddable":true,"href":"https:\/\/blog.desenzanoloft.com\/pl\/wp-json\/wp\/v2\/comments?post=514"}],"version-history":[{"count":3,"href":"https:\/\/blog.desenzanoloft.com\/pl\/wp-json\/wp\/v2\/posts\/514\/revisions"}],"predecessor-version":[{"id":520,"href":"https:\/\/blog.desenzanoloft.com\/pl\/wp-json\/wp\/v2\/posts\/514\/revisions\/520"}],"wp:featuredmedia":[{"embeddable":true,"href":"https:\/\/blog.desenzanoloft.com\/pl\/wp-json\/wp\/v2\/media\/519"}],"wp:attachment":[{"href":"https:\/\/blog.desenzanoloft.com\/pl\/wp-json\/wp\/v2\/media?parent=514"}],"wp:term":[{"taxonomy":"category","embeddable":true,"href":"https:\/\/blog.desenzanoloft.com\/pl\/wp-json\/wp\/v2\/categories?post=514"},{"taxonomy":"post_tag","embeddable":true,"href":"https:\/\/blog.desenzanoloft.com\/pl\/wp-json\/wp\/v2\/tags?post=514"}],"curies":[{"name":"wp","href":"https:\/\/api.w.org\/{rel}","templated":true}]}}