{"id":361,"date":"2018-07-03T08:15:41","date_gmt":"2018-07-03T08:15:41","guid":{"rendered":"https:\/\/blog.desenzanoloft.com\/?p=361"},"modified":"2018-08-13T09:22:46","modified_gmt":"2018-08-13T09:22:46","slug":"lago-di-garda-da-record","status":"publish","type":"post","link":"https:\/\/blog.desenzanoloft.com\/pl\/lago-di-garda-da-record\/","title":{"rendered":"Lago di Garda da record"},"content":{"rendered":"<p>Lago di Garda da record<\/p>\n<p>Nel 2017 siamo stati tra i primi in Italia, come andr\u00e0 il 2018?<\/p>\n<p>Tratto dall&#8217;articolo de &#8222;il sole 24 ore&#8221;<\/p>\n<div class=\"title\"><strong>Vacanze al lago: il Garda guida la classifica in Italia<\/strong><\/div>\n<div class=\"author\">di Carlo Andrea Finotto<\/div>\n<div class=\"author\">del 15 agosto 2017<\/div>\n<div class=\"body\">\n<p><em>Il doppio della Sardegna, oltre una volta e mezza la Liguria: il lago di Garda, con i suoi 24 milioni di presenze annue \u2013 in aumento \u2013 \u00e8 tra le principali mete turistiche italiane. Non ha dubbi Marco Michielli, presidente di Federalberghi Veneto e di Confturismo Veneto. Proprio il fronte veronese richiama il maggior numero di turisti diretti sulle sponde del Benaco: \u00abSiamo stabilmente tra i best seller d\u2019Italia \u2013 sottolinea \u2013 e registriamo una crescita \u201cspagnola\u201d\u00bb, afferma Michielli utilizzando un aggettivo suggestivo per indicare un incremento esuberante.<\/em><\/p>\n<p><em>Accessibilit\u00e0 autostradale, vicinanza con l\u2019aeroporto di Verona, attrattive collaterali come diversi parchi a tema \u2013 tra cui Gardaland \u2013 portano \u00able sole presenze venete sul lago verso i 14 milioni annui\u00bb chiarisce il presidente regionale di Federalberghi. Cifra a cui si devono aggiungere almeno un paio di miolini legati al Trentino e \u00abcirca 8 milioni di presenze per quanto riguarda la sponda lombarda\u00bb afferma Massimo Ghidelli, direttore di Bresciatourism.<\/em><\/p>\n<p><em>Garda, Iseo, Como e Lecco, sponda varesina del Lago Maggiore fanno a buon diritto della Lombardia la \u201cregione dei grandi laghi\u201d, con presenze annue nell\u2019ordine di grandezza dei 15 milioni sommando le quote di presenze ricavate dagli ultimi dati utili per le parti lombarde dei laghi principali. Certo, n\u00e9 Como che pure vanta l\u2019onda lunga dell\u2019effetto \u201ccalamita\u201d di George Clooney, n\u00e9 il Lago Maggiore possono competere numericamente con il Garda, non fosse altro che per il fatto \u00abche \u00e8 uno dei pi\u00f9 grandi d\u2019Europa\u00bb ricorda Michielli ed \u00e8 vicinissimo ai tedeschi, da sempre principale presenza straniera della zona. \u00abPer chi arriva qui dal nord Europa \u2013 sottolinea Massimo Ghidelli \u2013 \u00e8 il primo posto dove si incontra un clima mediterraneo, con ulivi e agrumi\u00bb e dove, per tradizione e conformazione si incontrano diverse tipologie di ricettivit\u00e0. Non \u00e8 un caso che le presenze di turisti tedeschi siano state nel 2016 oltre la met\u00e0 di quelle straniere totali: di gran lunga la prima nazionalit\u00e0, considerando che la seconda, quella olandese, \u00e8 circa un quinto (dati At Riviera del Garda).<\/em><\/p>\n<p><em>La sponda lombarda, ricorda il direttore di Bresciatourism, ha meno presenze di quella veneta ma conta oltre una decina di strutture 5 stelle, tra cui uno dei migliori 5 stelle superior in circolazione. E come accade con l\u2019ex sede del ministero degli esteri della repubblica sociale, a Sal\u00f2, spesso le location hanno un invidiabile richiamo storico-culturale. Strutture ricettive a parte, richiamo e fascino sono innegabili per quanto riguarda il Vittoriale di Gardone Riviera. Ma non mancano neppure sul Lago di Como \u2013 con dimore storiche destinate a eventi come Villa Olmo o Villa Erba \u2013 e sul Lago Maggiore, come sottolinea Gian Maria Vincenzi, presidente di Federalberghi Verbano Cusio Ossola e vicepresidente vicario a livello piemontese. \u00abQui c\u2019\u00e8 una tradizione di strutture storiche, gestite da generazioni dalle stesse famiglie\u00bb precisa. E il pensiero va all\u2019infilata unica di strutture di lussosul lungolago di Stresa. \u00abA una clientela tradizionalmente proveniente dal Nord Europa \u2013 dice Vincenzi \u2013 si sta affiancando ora una importante quota di turisti provenienti dagli Stati Uniti e dai Paesi arabi\u00bb. Attratti dall\u2019allure e dal patrimonio delle isole Borromee e presto, aggiunge il presidente di Federalberghi \u00absaranno visitabili anche gli isolotti dei \u201ccastelli di Cannero\u201d, mai aperti prima\u00bb. La famiglia Borromeo \u00absta investendo molto nell\u2019area\u00bb sottolinea Vincenzi. Come accade nella parte novarese del lago, con il progetto di restauro delle storiche mura della Rocca di Arona dove \u2013 dopo Londra, New York, Dubai e Firenze \u2013 \u00e8 stata esposta fino a pochi giorni fa la riproduzione in 3D dell\u2019arco di Palmira, il monumento storico siriano risalente a 2mila anni fa e distrutto nel 2015 dai fondamentalisti dello stato islamico durante la guerra in Siria.\u00abUn evento che ha richiamato numerosi turisti \u2013 spiega Emilio Zanetta, presidente di Federalberghi Novara \u2013 e che rientra in quella serie di iniziative culturali che puntano a focalizzare l\u2019attenzione sul nostro territorio\u00bb. Come accade con le Settimane musicali di Stresa, ad esempio, o con il Festival di Bellagio (fino al 22 ottobre) sul Lago di Como.<\/em><\/p>\n<p><em>Proprio il Lario \u2013 sar\u00e0 per il gi\u00e0 citato \u201ceffetto Clooney? \u2013 vanta peraltro il primato di essere in cima alla classifica stilata dal portale Gate-away.com, specializzato nelle vendite di immobili di lusso all\u2019estero, per quanto riguarda le \u201caree preferite\u201d dai facoltosi clienti. E ai primi posti della graduatoria c\u2019\u00e8 pure il lago d\u2019Iseo. A correre, per\u00f2, non \u00e8 solo la domanda di immobili di pregio vista lago, ma \u00abanche il cosiddetto effetto Airbnb\u00bb come lo chiama Zanetta, che precisa: \u00abQui, tra l\u2019ago d\u2019Orta e Lago Maggiore, solo nell\u2019ultimo anno gli affitti di appartamenti e immobili per le vacanze sono quintuplicati. Una maggiore regolamentazione oltre a quella gi\u00e0 introdotta \u00e8 sicuramente necessaria\u00bb.<\/em><\/p>\n<p><em>Il fenomeno preoccupa non poco la categoria degli albergatori, gi\u00e0 provata dagli anni di crisi. Proprio le difficolt\u00e0, per\u00f2, hanno spinto a maggiori sinergie le diverse aree confinanti: \u00abL\u2019Italia \u00e8 sempre quella dei Comuni e dei campanili \u2013 commenta Marco Michielli \u2013 ma negli ultimi anni la situazione si sta evolvendo: oggi la situazione \u00e8 diversa rispetto a una decina di anni fa e le collaborazioni ci sono. Del resto disponiamo di un asset fenomenale e unico, diviso su tre regioni, sarebbe sciocco rischiare di non approfittarne per farsi la guerra\u00bb.<\/em><\/p>\n<\/div>\n<div class=\"time\">\u00a0<strong>DesenzanoLoft<\/strong>\u00a0rappresenta una scelta importante\u00a0per il pernottamento sul basso lago di Garda per le vostre vacanze specialiContattateci direttamente o visitate il nostro sito internet nella sezione\u00a0<a href=\"https:\/\/www.desenzanoloft.com\/affitti\/affitti-affitti-d0\/\" target=\"_blank\">CASE VACANZE<\/a>, per scegliere l\u2019alloggio pi\u00f9 adatto alle vostre esigenze sul lago di Garda.Siamo a disposizione anche per la prenotazione di biglietteria ferroviaria, aerea e di navigazione oltre alla semplice informazione sugli spostamenti con i mezzi pubblici della zona.<\/p>\n<p>Direttamente da noi potrete acquistare biglietti per i parchi di divertimento tra cui Gardaland, di cui siamo biglietteria ufficiale.<\/p>\n<p>Contatti:\u00a0info@desenzanoloft.com \u2013 Tel:\u00a0tel 0307741707 \u2013 Facebook:\u00a0<a href=\"https:\/\/www.facebook.com\/CarloClaveriniDESENZANO\/\" target=\"_blank\">DesenzanoLoft rent vacation Appartament<\/a><\/p>\n<\/div>\n<div id=\"lig_ilsole24ore_impresa\"><\/div>\n","protected":false},"excerpt":{"rendered":"<p>Lago di Garda da record Nel 2017 siamo stati tra i primi in Italia, come andr\u00e0 il 2018? Tratto dall&#8217;articolo&#8230;<\/p>\n","protected":false},"author":57,"featured_media":363,"comment_status":"open","ping_status":"open","sticky":false,"template":"","format":"standard","meta":{"footnotes":""},"categories":[2],"tags":[30,162,95,76,14,15,271,270,40,13,59,171,21,269,205,79,74],"class_list":["post-361","post","type-post","status-publish","format-standard","has-post-thumbnail","hentry","category-notizie-ed-eventi","tag-appartamenti","tag-casa-vacanze","tag-casavacanze","tag-case-vacanza","tag-desenzanodelgarda","tag-desenzanoloft","tag-estate","tag-flussi-turisitici","tag-lago-di-garda","tag-lagodigarda","tag-lake-garda","tag-lonato","tag-sirmione","tag-statistiche","tag-summer","tag-vacanza","tag-vacanze"],"yoast_head":"<!-- This site is optimized with the Yoast SEO plugin v27.5 - https:\/\/yoast.com\/product\/yoast-seo-wordpress\/ -->\n<title>Lago di Garda da record - Blog<\/title>\n<meta name=\"description\" content=\"Lago di Garda da record: nel 2017 siamo stati tra i primi in Italia, come andr\u00e0 il 2018? In attesa dei primi dati del 2018, analizziamo l&#039;anno passato.\" \/>\n<meta name=\"robots\" content=\"index, follow, max-snippet:-1, max-image-preview:large, max-video-preview:-1\" \/>\n<link rel=\"canonical\" href=\"https:\/\/blog.desenzanoloft.com\/pl\/lago-di-garda-da-record\/\" \/>\n<meta property=\"og:locale\" content=\"pl_PL\" \/>\n<meta property=\"og:type\" content=\"article\" \/>\n<meta property=\"og:title\" content=\"Lago di Garda da record - Blog\" \/>\n<meta property=\"og:description\" content=\"Lago di Garda da record: nel 2017 siamo stati tra i primi in Italia, come andr\u00e0 il 2018? In attesa dei primi dati del 2018, analizziamo l&#039;anno passato.\" \/>\n<meta property=\"og:url\" content=\"https:\/\/blog.desenzanoloft.com\/pl\/lago-di-garda-da-record\/\" \/>\n<meta property=\"og:site_name\" content=\"Blog\" \/>\n<meta property=\"article:author\" content=\"https:\/\/www.facebook.com\/CarloClaveriniDESENZANO\" \/>\n<meta property=\"article:published_time\" content=\"2018-07-03T08:15:41+00:00\" \/>\n<meta property=\"article:modified_time\" content=\"2018-08-13T09:22:46+00:00\" \/>\n<meta property=\"og:image\" content=\"https:\/\/blog.desenzanoloft.com\/wp-content\/uploads\/2018\/07\/WhatsApp-Image-2018-05-02-at-09.05.32.jpeg\" \/>\n\t<meta property=\"og:image:width\" content=\"1600\" \/>\n\t<meta property=\"og:image:height\" content=\"1198\" \/>\n\t<meta property=\"og:image:type\" content=\"image\/jpeg\" \/>\n<meta name=\"author\" content=\"desenzanoloft\" \/>\n<meta name=\"twitter:card\" content=\"summary_large_image\" \/>\n<meta name=\"twitter:label1\" content=\"Napisane przez\" \/>\n\t<meta name=\"twitter:data1\" content=\"desenzanoloft\" \/>\n\t<meta name=\"twitter:label2\" content=\"Szacowany czas czytania\" \/>\n\t<meta name=\"twitter:data2\" content=\"5 minut\" \/>\n<script type=\"application\/ld+json\" class=\"yoast-schema-graph\">{\"@context\":\"https:\\\/\\\/schema.org\",\"@graph\":[{\"@type\":\"Article\",\"@id\":\"https:\\\/\\\/blog.desenzanoloft.com\\\/pl\\\/lago-di-garda-da-record\\\/#article\",\"isPartOf\":{\"@id\":\"https:\\\/\\\/blog.desenzanoloft.com\\\/pl\\\/lago-di-garda-da-record\\\/\"},\"author\":{\"name\":\"desenzanoloft\",\"@id\":\"https:\\\/\\\/blog.desenzanoloft.com\\\/pl\\\/#\\\/schema\\\/person\\\/3363b0dbf0bb9edb036fb68a61d6dd42\"},\"headline\":\"Lago di Garda da record\",\"datePublished\":\"2018-07-03T08:15:41+00:00\",\"dateModified\":\"2018-08-13T09:22:46+00:00\",\"mainEntityOfPage\":{\"@id\":\"https:\\\/\\\/blog.desenzanoloft.com\\\/pl\\\/lago-di-garda-da-record\\\/\"},\"wordCount\":991,\"commentCount\":0,\"image\":{\"@id\":\"https:\\\/\\\/blog.desenzanoloft.com\\\/pl\\\/lago-di-garda-da-record\\\/#primaryimage\"},\"thumbnailUrl\":\"https:\\\/\\\/blog.desenzanoloft.com\\\/wp-content\\\/uploads\\\/2018\\\/07\\\/WhatsApp-Image-2018-05-02-at-09.05.32.jpeg\",\"keywords\":[\"appartamenti\",\"casa vacanze\",\"casavacanze\",\"case vacanza\",\"desenzanodelgarda\",\"desenzanoloft\",\"estate\",\"flussi turisitici\",\"lago di garda\",\"lagodigarda\",\"lake Garda\",\"lonato\",\"sirmione\",\"statistiche\",\"summer\",\"vacanza\",\"vacanze\"],\"articleSection\":[\"notizie ed eventi\"],\"inLanguage\":\"pl-PL\",\"potentialAction\":[{\"@type\":\"CommentAction\",\"name\":\"Comment\",\"target\":[\"https:\\\/\\\/blog.desenzanoloft.com\\\/pl\\\/lago-di-garda-da-record\\\/#respond\"]}]},{\"@type\":\"WebPage\",\"@id\":\"https:\\\/\\\/blog.desenzanoloft.com\\\/pl\\\/lago-di-garda-da-record\\\/\",\"url\":\"https:\\\/\\\/blog.desenzanoloft.com\\\/pl\\\/lago-di-garda-da-record\\\/\",\"name\":\"Lago di Garda da record - Blog\",\"isPartOf\":{\"@id\":\"https:\\\/\\\/blog.desenzanoloft.com\\\/pl\\\/#website\"},\"primaryImageOfPage\":{\"@id\":\"https:\\\/\\\/blog.desenzanoloft.com\\\/pl\\\/lago-di-garda-da-record\\\/#primaryimage\"},\"image\":{\"@id\":\"https:\\\/\\\/blog.desenzanoloft.com\\\/pl\\\/lago-di-garda-da-record\\\/#primaryimage\"},\"thumbnailUrl\":\"https:\\\/\\\/blog.desenzanoloft.com\\\/wp-content\\\/uploads\\\/2018\\\/07\\\/WhatsApp-Image-2018-05-02-at-09.05.32.jpeg\",\"datePublished\":\"2018-07-03T08:15:41+00:00\",\"dateModified\":\"2018-08-13T09:22:46+00:00\",\"author\":{\"@id\":\"https:\\\/\\\/blog.desenzanoloft.com\\\/pl\\\/#\\\/schema\\\/person\\\/3363b0dbf0bb9edb036fb68a61d6dd42\"},\"description\":\"Lago di Garda da record: nel 2017 siamo stati tra i primi in Italia, come andr\u00e0 il 2018? In attesa dei primi dati del 2018, analizziamo l'anno passato.\",\"breadcrumb\":{\"@id\":\"https:\\\/\\\/blog.desenzanoloft.com\\\/pl\\\/lago-di-garda-da-record\\\/#breadcrumb\"},\"inLanguage\":\"pl-PL\",\"potentialAction\":[{\"@type\":\"ReadAction\",\"target\":[\"https:\\\/\\\/blog.desenzanoloft.com\\\/pl\\\/lago-di-garda-da-record\\\/\"]}]},{\"@type\":\"ImageObject\",\"inLanguage\":\"pl-PL\",\"@id\":\"https:\\\/\\\/blog.desenzanoloft.com\\\/pl\\\/lago-di-garda-da-record\\\/#primaryimage\",\"url\":\"https:\\\/\\\/blog.desenzanoloft.com\\\/wp-content\\\/uploads\\\/2018\\\/07\\\/WhatsApp-Image-2018-05-02-at-09.05.32.jpeg\",\"contentUrl\":\"https:\\\/\\\/blog.desenzanoloft.com\\\/wp-content\\\/uploads\\\/2018\\\/07\\\/WhatsApp-Image-2018-05-02-at-09.05.32.jpeg\",\"width\":1600,\"height\":1198},{\"@type\":\"BreadcrumbList\",\"@id\":\"https:\\\/\\\/blog.desenzanoloft.com\\\/pl\\\/lago-di-garda-da-record\\\/#breadcrumb\",\"itemListElement\":[{\"@type\":\"ListItem\",\"position\":1,\"name\":\"Home\",\"item\":\"https:\\\/\\\/blog.desenzanoloft.com\\\/pl\\\/\"},{\"@type\":\"ListItem\",\"position\":2,\"name\":\"Lago di Garda da record\"}]},{\"@type\":\"WebSite\",\"@id\":\"https:\\\/\\\/blog.desenzanoloft.com\\\/pl\\\/#website\",\"url\":\"https:\\\/\\\/blog.desenzanoloft.com\\\/pl\\\/\",\"name\":\"Blog\",\"description\":\"Desenzanoloft\",\"potentialAction\":[{\"@type\":\"SearchAction\",\"target\":{\"@type\":\"EntryPoint\",\"urlTemplate\":\"https:\\\/\\\/blog.desenzanoloft.com\\\/pl\\\/?s={search_term_string}\"},\"query-input\":{\"@type\":\"PropertyValueSpecification\",\"valueRequired\":true,\"valueName\":\"search_term_string\"}}],\"inLanguage\":\"pl-PL\"},{\"@type\":\"Person\",\"@id\":\"https:\\\/\\\/blog.desenzanoloft.com\\\/pl\\\/#\\\/schema\\\/person\\\/3363b0dbf0bb9edb036fb68a61d6dd42\",\"name\":\"desenzanoloft\",\"image\":{\"@type\":\"ImageObject\",\"inLanguage\":\"pl-PL\",\"@id\":\"https:\\\/\\\/secure.gravatar.com\\\/avatar\\\/f0a7703b30e35f233c4ec0317086f2b943a1586f5929cc61eeceae263a3ac558?s=96&d=mm&r=g\",\"url\":\"https:\\\/\\\/secure.gravatar.com\\\/avatar\\\/f0a7703b30e35f233c4ec0317086f2b943a1586f5929cc61eeceae263a3ac558?s=96&d=mm&r=g\",\"contentUrl\":\"https:\\\/\\\/secure.gravatar.com\\\/avatar\\\/f0a7703b30e35f233c4ec0317086f2b943a1586f5929cc61eeceae263a3ac558?s=96&d=mm&r=g\",\"caption\":\"desenzanoloft\"},\"sameAs\":[\"https:\\\/\\\/www.desenzanoloft.com\\\/\",\"https:\\\/\\\/www.facebook.com\\\/CarloClaveriniDESENZANO\"],\"url\":\"https:\\\/\\\/blog.desenzanoloft.com\\\/pl\\\/author\\\/desenzanoloft\\\/\"}]}<\/script>\n<!-- \/ Yoast SEO plugin. -->","yoast_head_json":{"title":"Lago di Garda da record - Blog","description":"Lago di Garda da record: nel 2017 siamo stati tra i primi in Italia, come andr\u00e0 il 2018? In attesa dei primi dati del 2018, analizziamo l'anno passato.","robots":{"index":"index","follow":"follow","max-snippet":"max-snippet:-1","max-image-preview":"max-image-preview:large","max-video-preview":"max-video-preview:-1"},"canonical":"https:\/\/blog.desenzanoloft.com\/pl\/lago-di-garda-da-record\/","og_locale":"pl_PL","og_type":"article","og_title":"Lago di Garda da record - Blog","og_description":"Lago di Garda da record: nel 2017 siamo stati tra i primi in Italia, come andr\u00e0 il 2018? In attesa dei primi dati del 2018, analizziamo l'anno passato.","og_url":"https:\/\/blog.desenzanoloft.com\/pl\/lago-di-garda-da-record\/","og_site_name":"Blog","article_author":"https:\/\/www.facebook.com\/CarloClaveriniDESENZANO","article_published_time":"2018-07-03T08:15:41+00:00","article_modified_time":"2018-08-13T09:22:46+00:00","og_image":[{"width":1600,"height":1198,"url":"https:\/\/blog.desenzanoloft.com\/wp-content\/uploads\/2018\/07\/WhatsApp-Image-2018-05-02-at-09.05.32.jpeg","type":"image\/jpeg"}],"author":"desenzanoloft","twitter_card":"summary_large_image","twitter_misc":{"Napisane przez":"desenzanoloft","Szacowany czas czytania":"5 minut"},"schema":{"@context":"https:\/\/schema.org","@graph":[{"@type":"Article","@id":"https:\/\/blog.desenzanoloft.com\/pl\/lago-di-garda-da-record\/#article","isPartOf":{"@id":"https:\/\/blog.desenzanoloft.com\/pl\/lago-di-garda-da-record\/"},"author":{"name":"desenzanoloft","@id":"https:\/\/blog.desenzanoloft.com\/pl\/#\/schema\/person\/3363b0dbf0bb9edb036fb68a61d6dd42"},"headline":"Lago di Garda da record","datePublished":"2018-07-03T08:15:41+00:00","dateModified":"2018-08-13T09:22:46+00:00","mainEntityOfPage":{"@id":"https:\/\/blog.desenzanoloft.com\/pl\/lago-di-garda-da-record\/"},"wordCount":991,"commentCount":0,"image":{"@id":"https:\/\/blog.desenzanoloft.com\/pl\/lago-di-garda-da-record\/#primaryimage"},"thumbnailUrl":"https:\/\/blog.desenzanoloft.com\/wp-content\/uploads\/2018\/07\/WhatsApp-Image-2018-05-02-at-09.05.32.jpeg","keywords":["appartamenti","casa vacanze","casavacanze","case vacanza","desenzanodelgarda","desenzanoloft","estate","flussi turisitici","lago di garda","lagodigarda","lake Garda","lonato","sirmione","statistiche","summer","vacanza","vacanze"],"articleSection":["notizie ed eventi"],"inLanguage":"pl-PL","potentialAction":[{"@type":"CommentAction","name":"Comment","target":["https:\/\/blog.desenzanoloft.com\/pl\/lago-di-garda-da-record\/#respond"]}]},{"@type":"WebPage","@id":"https:\/\/blog.desenzanoloft.com\/pl\/lago-di-garda-da-record\/","url":"https:\/\/blog.desenzanoloft.com\/pl\/lago-di-garda-da-record\/","name":"Lago di Garda da record - Blog","isPartOf":{"@id":"https:\/\/blog.desenzanoloft.com\/pl\/#website"},"primaryImageOfPage":{"@id":"https:\/\/blog.desenzanoloft.com\/pl\/lago-di-garda-da-record\/#primaryimage"},"image":{"@id":"https:\/\/blog.desenzanoloft.com\/pl\/lago-di-garda-da-record\/#primaryimage"},"thumbnailUrl":"https:\/\/blog.desenzanoloft.com\/wp-content\/uploads\/2018\/07\/WhatsApp-Image-2018-05-02-at-09.05.32.jpeg","datePublished":"2018-07-03T08:15:41+00:00","dateModified":"2018-08-13T09:22:46+00:00","author":{"@id":"https:\/\/blog.desenzanoloft.com\/pl\/#\/schema\/person\/3363b0dbf0bb9edb036fb68a61d6dd42"},"description":"Lago di Garda da record: nel 2017 siamo stati tra i primi in Italia, come andr\u00e0 il 2018? In attesa dei primi dati del 2018, analizziamo l'anno passato.","breadcrumb":{"@id":"https:\/\/blog.desenzanoloft.com\/pl\/lago-di-garda-da-record\/#breadcrumb"},"inLanguage":"pl-PL","potentialAction":[{"@type":"ReadAction","target":["https:\/\/blog.desenzanoloft.com\/pl\/lago-di-garda-da-record\/"]}]},{"@type":"ImageObject","inLanguage":"pl-PL","@id":"https:\/\/blog.desenzanoloft.com\/pl\/lago-di-garda-da-record\/#primaryimage","url":"https:\/\/blog.desenzanoloft.com\/wp-content\/uploads\/2018\/07\/WhatsApp-Image-2018-05-02-at-09.05.32.jpeg","contentUrl":"https:\/\/blog.desenzanoloft.com\/wp-content\/uploads\/2018\/07\/WhatsApp-Image-2018-05-02-at-09.05.32.jpeg","width":1600,"height":1198},{"@type":"BreadcrumbList","@id":"https:\/\/blog.desenzanoloft.com\/pl\/lago-di-garda-da-record\/#breadcrumb","itemListElement":[{"@type":"ListItem","position":1,"name":"Home","item":"https:\/\/blog.desenzanoloft.com\/pl\/"},{"@type":"ListItem","position":2,"name":"Lago di Garda da record"}]},{"@type":"WebSite","@id":"https:\/\/blog.desenzanoloft.com\/pl\/#website","url":"https:\/\/blog.desenzanoloft.com\/pl\/","name":"Blog","description":"Desenzanoloft","potentialAction":[{"@type":"SearchAction","target":{"@type":"EntryPoint","urlTemplate":"https:\/\/blog.desenzanoloft.com\/pl\/?s={search_term_string}"},"query-input":{"@type":"PropertyValueSpecification","valueRequired":true,"valueName":"search_term_string"}}],"inLanguage":"pl-PL"},{"@type":"Person","@id":"https:\/\/blog.desenzanoloft.com\/pl\/#\/schema\/person\/3363b0dbf0bb9edb036fb68a61d6dd42","name":"desenzanoloft","image":{"@type":"ImageObject","inLanguage":"pl-PL","@id":"https:\/\/secure.gravatar.com\/avatar\/f0a7703b30e35f233c4ec0317086f2b943a1586f5929cc61eeceae263a3ac558?s=96&d=mm&r=g","url":"https:\/\/secure.gravatar.com\/avatar\/f0a7703b30e35f233c4ec0317086f2b943a1586f5929cc61eeceae263a3ac558?s=96&d=mm&r=g","contentUrl":"https:\/\/secure.gravatar.com\/avatar\/f0a7703b30e35f233c4ec0317086f2b943a1586f5929cc61eeceae263a3ac558?s=96&d=mm&r=g","caption":"desenzanoloft"},"sameAs":["https:\/\/www.desenzanoloft.com\/","https:\/\/www.facebook.com\/CarloClaveriniDESENZANO"],"url":"https:\/\/blog.desenzanoloft.com\/pl\/author\/desenzanoloft\/"}]}},"_links":{"self":[{"href":"https:\/\/blog.desenzanoloft.com\/pl\/wp-json\/wp\/v2\/posts\/361","targetHints":{"allow":["GET"]}}],"collection":[{"href":"https:\/\/blog.desenzanoloft.com\/pl\/wp-json\/wp\/v2\/posts"}],"about":[{"href":"https:\/\/blog.desenzanoloft.com\/pl\/wp-json\/wp\/v2\/types\/post"}],"author":[{"embeddable":true,"href":"https:\/\/blog.desenzanoloft.com\/pl\/wp-json\/wp\/v2\/users\/57"}],"replies":[{"embeddable":true,"href":"https:\/\/blog.desenzanoloft.com\/pl\/wp-json\/wp\/v2\/comments?post=361"}],"version-history":[{"count":2,"href":"https:\/\/blog.desenzanoloft.com\/pl\/wp-json\/wp\/v2\/posts\/361\/revisions"}],"predecessor-version":[{"id":419,"href":"https:\/\/blog.desenzanoloft.com\/pl\/wp-json\/wp\/v2\/posts\/361\/revisions\/419"}],"wp:featuredmedia":[{"embeddable":true,"href":"https:\/\/blog.desenzanoloft.com\/pl\/wp-json\/wp\/v2\/media\/363"}],"wp:attachment":[{"href":"https:\/\/blog.desenzanoloft.com\/pl\/wp-json\/wp\/v2\/media?parent=361"}],"wp:term":[{"taxonomy":"category","embeddable":true,"href":"https:\/\/blog.desenzanoloft.com\/pl\/wp-json\/wp\/v2\/categories?post=361"},{"taxonomy":"post_tag","embeddable":true,"href":"https:\/\/blog.desenzanoloft.com\/pl\/wp-json\/wp\/v2\/tags?post=361"}],"curies":[{"name":"wp","href":"https:\/\/api.w.org\/{rel}","templated":true}]}}