{"id":320,"date":"2018-06-04T08:17:19","date_gmt":"2018-06-04T08:17:19","guid":{"rendered":"https:\/\/blog.desenzanoloft.com\/?p=320"},"modified":"2018-06-04T08:37:12","modified_gmt":"2018-06-04T08:37:12","slug":"rent-a-vespa-desenzano","status":"publish","type":"post","link":"https:\/\/blog.desenzanoloft.com\/pl\/rent-a-vespa-desenzano\/","title":{"rendered":"RENT A VESPA DESENZANO"},"content":{"rendered":"<p>RENT A VESPA DESENZANO<\/p>\n<p>A Desenzano del Garda, sulla sponda bresciana dell&#8217;incantevole lago di Garda, nasce da poche settimane, il servizio di noleggio Vespa.<\/p>\n<p>&nbsp;<\/p>\n<figure id=\"attachment_321\" aria-describedby=\"caption-attachment-321\" style=\"width: 150px\" class=\"wp-caption alignnone\"><a href=\"https:\/\/blog.desenzanoloft.com\/wp-content\/uploads\/sites\/40\/2018\/06\/30688309_164025760976663_2134402444872065732_n.jpg\"><img loading=\"lazy\" decoding=\"async\" class=\"size-thumbnail wp-image-321\" src=\"https:\/\/blog.desenzanoloft.com\/wp-content\/uploads\/sites\/40\/2018\/06\/30688309_164025760976663_2134402444872065732_n-150x150.jpg\" alt=\"Rent a Vespa\" width=\"150\" height=\"150\" srcset=\"https:\/\/blog.desenzanoloft.com\/wp-content\/uploads\/2018\/06\/30688309_164025760976663_2134402444872065732_n-150x150.jpg 150w, https:\/\/blog.desenzanoloft.com\/wp-content\/uploads\/2018\/06\/30688309_164025760976663_2134402444872065732_n-64x64.jpg 64w, https:\/\/blog.desenzanoloft.com\/wp-content\/uploads\/2018\/06\/30688309_164025760976663_2134402444872065732_n.jpg 642w\" sizes=\"auto, (max-width: 150px) 100vw, 150px\" \/><\/a><figcaption id=\"caption-attachment-321\" class=\"wp-caption-text\">Rent a Vespa<\/figcaption><\/figure>\n<p>La Vespa \u00e8 un&#8217;icona di stile italiano senza tempo che va oltre le semplici tendenze.\u00a0Grazie al design e tecnologia unica, \u00e8 stato un simbolo per 70 anni, perch\u00e9 \u00e8 unico e sempre inaspettata.<br \/>\nCon le sue linee morbide ed essenziali e la sua perfetta funzionalit\u00e0, \u00e8 frutto di una rivoluzione tecnologica che ha letteralmente stravolto il concetto di mobilit\u00e0 a met\u00e0 del secolo scorso. E&#8217; nata dall&#8217;incontro di due grandi uomini,\u00a0Enrico Piaggio, abile imprenditore e\u00a0Corradino D\u2019Ascanio, progettista geniale.<br \/>\nOggi la vespa oltre a rappresentare il marchio Italia nel mondo, \u00e8 portabandiera del &#8222;sogno italiano&#8221;. Nessun turista resta immune alla possibilit\u00e0 di affittare anche solo per un giorno il mitico due ruote per immergersi nello spirito delle pellicole cinematografiche di un tempo quali &#8222;Vacanze romane&#8221; , nel nostro caso &#8222;vacanze gardesane&#8221;. Noleggiare la Vespa sul lago significa fare un&#8217;esperienza indimenticabile, senza lo stress delle code e della ricerca del parcheggio, per raggiungere le pi\u00f9 rinomate localit\u00e0 lungo la costa o per fermarsi nelle splendide spiagge.<\/p>\n<p>Tipologie di Vespa noleggiabili:<\/p>\n<h4><strong>Piaggio Vespa Sprint 50:\u00a0Tradizionale e senza tempo<br \/>\n<\/strong><strong>\u20ac 70 al giorno\u00a0<\/strong><\/h4>\n<h4>Piaggio Vespa Sprint 50S\u00a0Sportivo e fidato<br \/>\n\u20ac 80 al giorno<\/h4>\n<h4>Piaggio Vespa Sprint 125S\u00a0Stile e tecnologia<br \/>\n\u20ac 90 al giorno *<\/h4>\n<p class=\"p1\">5% di sconto per 3-6 giorni \/\/ 10% di sconto per 7 giorni o pi\u00f9<\/p>\n<p class=\"p1\">* Assicurazione, casco di sicurezza e il blocco sono incluse nel prezzo di affitto.<\/p>\n<p class=\"p1\">Convenzione con DesenzanoLoft: per i nostri ospiti sconto del 10% sul noleggio delle Vespe<br \/>\nNon esitate a contattarci per maggiori informazioni.<\/p>\n<p class=\"p1\">Contatti Rent a Vespa:<\/p>\n<div class=\"et_pb_module et_pb_blurb et_pb_blurb_19 et_pb_bg_layout_light  et_pb_text_align_left  et_pb_blurb_position_left\">\n<div class=\"et_pb_blurb_content\">\n<div class=\"et_pb_blurb_container\">\n<h4 class=\"et_pb_module_header\">E-mail:\u00a0<a href=\"mailto:rentavespa@rentavespa.it\">rentavespa@rentavespa.it<br \/>\n<\/a>Telefono:\u00a0+39 0309120278<br \/>\nFacebook: <a href=\"https:\/\/www.facebook.com\/RentaVespaDesenzano\/\">rent a vespa<\/a><br \/>\nPiazza del Duomo 26 A, 25015 Desenzano del Garda<\/h4>\n<figure style=\"width: 150px\" class=\"wp-caption alignleft\"><a href=\"https:\/\/blog.desenzanoloft.com\/wp-content\/uploads\/sites\/40\/2018\/06\/33965099_175783759800863_2973545797645238272_n.jpg\"><img loading=\"lazy\" decoding=\"async\" class=\"wp-image-322 size-thumbnail\" src=\"https:\/\/blog.desenzanoloft.com\/wp-content\/uploads\/sites\/40\/2018\/06\/33965099_175783759800863_2973545797645238272_n-150x150.jpg\" alt=\"33965099_175783759800863_2973545797645238272_n\" width=\"150\" height=\"150\" srcset=\"https:\/\/blog.desenzanoloft.com\/wp-content\/uploads\/2018\/06\/33965099_175783759800863_2973545797645238272_n-150x150.jpg 150w, https:\/\/blog.desenzanoloft.com\/wp-content\/uploads\/2018\/06\/33965099_175783759800863_2973545797645238272_n-64x64.jpg 64w, https:\/\/blog.desenzanoloft.com\/wp-content\/uploads\/2018\/06\/33965099_175783759800863_2973545797645238272_n.jpg 960w\" sizes=\"auto, (max-width: 150px) 100vw, 150px\" \/><\/a><figcaption class=\"wp-caption-text\">RENT A VESPA DESENZANO<\/figcaption><\/figure>\n<\/div>\n<\/div>\n<\/div>\n","protected":false},"excerpt":{"rendered":"<p>RENT A VESPA DESENZANO A Desenzano del Garda, sulla sponda bresciana dell&#8217;incantevole lago di Garda, nasce da poche settimane, il&#8230;<\/p>\n","protected":false},"author":57,"featured_media":323,"comment_status":"open","ping_status":"open","sticky":false,"template":"","format":"standard","meta":{"footnotes":""},"categories":[2],"tags":[30,162,95,76,14,15,109,16,7,220,89,40,13,59,249,79,248],"class_list":["post-320","post","type-post","status-publish","format-standard","has-post-thumbnail","hentry","category-notizie-ed-eventi","tag-appartamenti","tag-casa-vacanze","tag-casavacanze","tag-case-vacanza","tag-desenzanodelgarda","tag-desenzanoloft","tag-eventi","tag-gardaland","tag-gardasee","tag-gardone-riviera","tag-holiday","tag-lago-di-garda","tag-lagodigarda","tag-lake-garda","tag-noleggio","tag-vacanza","tag-vespa"],"yoast_head":"<!-- This site is optimized with the Yoast SEO plugin v27.5 - https:\/\/yoast.com\/product\/yoast-seo-wordpress\/ -->\n<title>RENT A VESPA DESENZANO - Blog<\/title>\n<meta name=\"description\" content=\"RENT A VESPA DESENZANO:\u00a0A Desenzano del Garda, sulla sponda bresciana del lago di Garda, nasce da poche settimane, il servizio di noleggio Vespa.\" \/>\n<meta name=\"robots\" content=\"index, follow, max-snippet:-1, max-image-preview:large, max-video-preview:-1\" \/>\n<link rel=\"canonical\" href=\"https:\/\/blog.desenzanoloft.com\/pl\/rent-a-vespa-desenzano\/\" \/>\n<meta property=\"og:locale\" content=\"pl_PL\" \/>\n<meta property=\"og:type\" content=\"article\" \/>\n<meta property=\"og:title\" content=\"RENT A VESPA DESENZANO - Blog\" \/>\n<meta property=\"og:description\" content=\"RENT A VESPA DESENZANO:\u00a0A Desenzano del Garda, sulla sponda bresciana del lago di Garda, nasce da poche settimane, il servizio di noleggio Vespa.\" \/>\n<meta property=\"og:url\" content=\"https:\/\/blog.desenzanoloft.com\/pl\/rent-a-vespa-desenzano\/\" \/>\n<meta property=\"og:site_name\" content=\"Blog\" \/>\n<meta property=\"article:author\" content=\"https:\/\/www.facebook.com\/CarloClaveriniDESENZANO\" \/>\n<meta property=\"article:published_time\" content=\"2018-06-04T08:17:19+00:00\" \/>\n<meta property=\"article:modified_time\" content=\"2018-06-04T08:37:12+00:00\" \/>\n<meta property=\"og:image\" content=\"https:\/\/blog.desenzanoloft.com\/wp-content\/uploads\/2018\/06\/WhatsApp-Image-2018-05-30-at-105333.jpg\" \/>\n\t<meta property=\"og:image:width\" content=\"1600\" \/>\n\t<meta property=\"og:image:height\" content=\"953\" \/>\n\t<meta property=\"og:image:type\" content=\"image\/jpeg\" \/>\n<meta name=\"author\" content=\"desenzanoloft\" \/>\n<meta name=\"twitter:card\" content=\"summary_large_image\" \/>\n<meta name=\"twitter:label1\" content=\"Napisane przez\" \/>\n\t<meta name=\"twitter:data1\" content=\"desenzanoloft\" \/>\n\t<meta name=\"twitter:label2\" content=\"Szacowany czas czytania\" \/>\n\t<meta name=\"twitter:data2\" content=\"2 minuty\" \/>\n<script type=\"application\/ld+json\" class=\"yoast-schema-graph\">{\"@context\":\"https:\\\/\\\/schema.org\",\"@graph\":[{\"@type\":\"Article\",\"@id\":\"https:\\\/\\\/blog.desenzanoloft.com\\\/pl\\\/rent-a-vespa-desenzano\\\/#article\",\"isPartOf\":{\"@id\":\"https:\\\/\\\/blog.desenzanoloft.com\\\/pl\\\/rent-a-vespa-desenzano\\\/\"},\"author\":{\"name\":\"desenzanoloft\",\"@id\":\"https:\\\/\\\/blog.desenzanoloft.com\\\/pl\\\/#\\\/schema\\\/person\\\/3363b0dbf0bb9edb036fb68a61d6dd42\"},\"headline\":\"RENT A VESPA DESENZANO\",\"datePublished\":\"2018-06-04T08:17:19+00:00\",\"dateModified\":\"2018-06-04T08:37:12+00:00\",\"mainEntityOfPage\":{\"@id\":\"https:\\\/\\\/blog.desenzanoloft.com\\\/pl\\\/rent-a-vespa-desenzano\\\/\"},\"wordCount\":309,\"commentCount\":0,\"image\":{\"@id\":\"https:\\\/\\\/blog.desenzanoloft.com\\\/pl\\\/rent-a-vespa-desenzano\\\/#primaryimage\"},\"thumbnailUrl\":\"https:\\\/\\\/blog.desenzanoloft.com\\\/wp-content\\\/uploads\\\/2018\\\/06\\\/WhatsApp-Image-2018-05-30-at-105333.jpg\",\"keywords\":[\"appartamenti\",\"casa vacanze\",\"casavacanze\",\"case vacanza\",\"desenzanodelgarda\",\"desenzanoloft\",\"eventi\",\"gardaland\",\"gardasee\",\"gardone riviera\",\"holiday\",\"lago di garda\",\"lagodigarda\",\"lake Garda\",\"noleggio\",\"vacanza\",\"vespa\"],\"articleSection\":[\"notizie ed eventi\"],\"inLanguage\":\"pl-PL\",\"potentialAction\":[{\"@type\":\"CommentAction\",\"name\":\"Comment\",\"target\":[\"https:\\\/\\\/blog.desenzanoloft.com\\\/pl\\\/rent-a-vespa-desenzano\\\/#respond\"]}]},{\"@type\":\"WebPage\",\"@id\":\"https:\\\/\\\/blog.desenzanoloft.com\\\/pl\\\/rent-a-vespa-desenzano\\\/\",\"url\":\"https:\\\/\\\/blog.desenzanoloft.com\\\/pl\\\/rent-a-vespa-desenzano\\\/\",\"name\":\"RENT A VESPA DESENZANO - Blog\",\"isPartOf\":{\"@id\":\"https:\\\/\\\/blog.desenzanoloft.com\\\/pl\\\/#website\"},\"primaryImageOfPage\":{\"@id\":\"https:\\\/\\\/blog.desenzanoloft.com\\\/pl\\\/rent-a-vespa-desenzano\\\/#primaryimage\"},\"image\":{\"@id\":\"https:\\\/\\\/blog.desenzanoloft.com\\\/pl\\\/rent-a-vespa-desenzano\\\/#primaryimage\"},\"thumbnailUrl\":\"https:\\\/\\\/blog.desenzanoloft.com\\\/wp-content\\\/uploads\\\/2018\\\/06\\\/WhatsApp-Image-2018-05-30-at-105333.jpg\",\"datePublished\":\"2018-06-04T08:17:19+00:00\",\"dateModified\":\"2018-06-04T08:37:12+00:00\",\"author\":{\"@id\":\"https:\\\/\\\/blog.desenzanoloft.com\\\/pl\\\/#\\\/schema\\\/person\\\/3363b0dbf0bb9edb036fb68a61d6dd42\"},\"description\":\"RENT A VESPA DESENZANO:\u00a0A Desenzano del Garda, sulla sponda bresciana del lago di Garda, nasce da poche settimane, il servizio di noleggio Vespa.\",\"breadcrumb\":{\"@id\":\"https:\\\/\\\/blog.desenzanoloft.com\\\/pl\\\/rent-a-vespa-desenzano\\\/#breadcrumb\"},\"inLanguage\":\"pl-PL\",\"potentialAction\":[{\"@type\":\"ReadAction\",\"target\":[\"https:\\\/\\\/blog.desenzanoloft.com\\\/pl\\\/rent-a-vespa-desenzano\\\/\"]}]},{\"@type\":\"ImageObject\",\"inLanguage\":\"pl-PL\",\"@id\":\"https:\\\/\\\/blog.desenzanoloft.com\\\/pl\\\/rent-a-vespa-desenzano\\\/#primaryimage\",\"url\":\"https:\\\/\\\/blog.desenzanoloft.com\\\/wp-content\\\/uploads\\\/2018\\\/06\\\/WhatsApp-Image-2018-05-30-at-105333.jpg\",\"contentUrl\":\"https:\\\/\\\/blog.desenzanoloft.com\\\/wp-content\\\/uploads\\\/2018\\\/06\\\/WhatsApp-Image-2018-05-30-at-105333.jpg\",\"width\":1600,\"height\":953},{\"@type\":\"BreadcrumbList\",\"@id\":\"https:\\\/\\\/blog.desenzanoloft.com\\\/pl\\\/rent-a-vespa-desenzano\\\/#breadcrumb\",\"itemListElement\":[{\"@type\":\"ListItem\",\"position\":1,\"name\":\"Home\",\"item\":\"https:\\\/\\\/blog.desenzanoloft.com\\\/pl\\\/\"},{\"@type\":\"ListItem\",\"position\":2,\"name\":\"RENT A VESPA DESENZANO\"}]},{\"@type\":\"WebSite\",\"@id\":\"https:\\\/\\\/blog.desenzanoloft.com\\\/pl\\\/#website\",\"url\":\"https:\\\/\\\/blog.desenzanoloft.com\\\/pl\\\/\",\"name\":\"Blog\",\"description\":\"Desenzanoloft\",\"potentialAction\":[{\"@type\":\"SearchAction\",\"target\":{\"@type\":\"EntryPoint\",\"urlTemplate\":\"https:\\\/\\\/blog.desenzanoloft.com\\\/pl\\\/?s={search_term_string}\"},\"query-input\":{\"@type\":\"PropertyValueSpecification\",\"valueRequired\":true,\"valueName\":\"search_term_string\"}}],\"inLanguage\":\"pl-PL\"},{\"@type\":\"Person\",\"@id\":\"https:\\\/\\\/blog.desenzanoloft.com\\\/pl\\\/#\\\/schema\\\/person\\\/3363b0dbf0bb9edb036fb68a61d6dd42\",\"name\":\"desenzanoloft\",\"image\":{\"@type\":\"ImageObject\",\"inLanguage\":\"pl-PL\",\"@id\":\"https:\\\/\\\/secure.gravatar.com\\\/avatar\\\/f0a7703b30e35f233c4ec0317086f2b943a1586f5929cc61eeceae263a3ac558?s=96&d=mm&r=g\",\"url\":\"https:\\\/\\\/secure.gravatar.com\\\/avatar\\\/f0a7703b30e35f233c4ec0317086f2b943a1586f5929cc61eeceae263a3ac558?s=96&d=mm&r=g\",\"contentUrl\":\"https:\\\/\\\/secure.gravatar.com\\\/avatar\\\/f0a7703b30e35f233c4ec0317086f2b943a1586f5929cc61eeceae263a3ac558?s=96&d=mm&r=g\",\"caption\":\"desenzanoloft\"},\"sameAs\":[\"https:\\\/\\\/www.desenzanoloft.com\\\/\",\"https:\\\/\\\/www.facebook.com\\\/CarloClaveriniDESENZANO\"],\"url\":\"https:\\\/\\\/blog.desenzanoloft.com\\\/pl\\\/author\\\/desenzanoloft\\\/\"}]}<\/script>\n<!-- \/ Yoast SEO plugin. -->","yoast_head_json":{"title":"RENT A VESPA DESENZANO - Blog","description":"RENT A VESPA DESENZANO:\u00a0A Desenzano del Garda, sulla sponda bresciana del lago di Garda, nasce da poche settimane, il servizio di noleggio Vespa.","robots":{"index":"index","follow":"follow","max-snippet":"max-snippet:-1","max-image-preview":"max-image-preview:large","max-video-preview":"max-video-preview:-1"},"canonical":"https:\/\/blog.desenzanoloft.com\/pl\/rent-a-vespa-desenzano\/","og_locale":"pl_PL","og_type":"article","og_title":"RENT A VESPA DESENZANO - Blog","og_description":"RENT A VESPA DESENZANO:\u00a0A Desenzano del Garda, sulla sponda bresciana del lago di Garda, nasce da poche settimane, il servizio di noleggio Vespa.","og_url":"https:\/\/blog.desenzanoloft.com\/pl\/rent-a-vespa-desenzano\/","og_site_name":"Blog","article_author":"https:\/\/www.facebook.com\/CarloClaveriniDESENZANO","article_published_time":"2018-06-04T08:17:19+00:00","article_modified_time":"2018-06-04T08:37:12+00:00","og_image":[{"width":1600,"height":953,"url":"https:\/\/blog.desenzanoloft.com\/wp-content\/uploads\/2018\/06\/WhatsApp-Image-2018-05-30-at-105333.jpg","type":"image\/jpeg"}],"author":"desenzanoloft","twitter_card":"summary_large_image","twitter_misc":{"Napisane przez":"desenzanoloft","Szacowany czas czytania":"2 minuty"},"schema":{"@context":"https:\/\/schema.org","@graph":[{"@type":"Article","@id":"https:\/\/blog.desenzanoloft.com\/pl\/rent-a-vespa-desenzano\/#article","isPartOf":{"@id":"https:\/\/blog.desenzanoloft.com\/pl\/rent-a-vespa-desenzano\/"},"author":{"name":"desenzanoloft","@id":"https:\/\/blog.desenzanoloft.com\/pl\/#\/schema\/person\/3363b0dbf0bb9edb036fb68a61d6dd42"},"headline":"RENT A VESPA DESENZANO","datePublished":"2018-06-04T08:17:19+00:00","dateModified":"2018-06-04T08:37:12+00:00","mainEntityOfPage":{"@id":"https:\/\/blog.desenzanoloft.com\/pl\/rent-a-vespa-desenzano\/"},"wordCount":309,"commentCount":0,"image":{"@id":"https:\/\/blog.desenzanoloft.com\/pl\/rent-a-vespa-desenzano\/#primaryimage"},"thumbnailUrl":"https:\/\/blog.desenzanoloft.com\/wp-content\/uploads\/2018\/06\/WhatsApp-Image-2018-05-30-at-105333.jpg","keywords":["appartamenti","casa vacanze","casavacanze","case vacanza","desenzanodelgarda","desenzanoloft","eventi","gardaland","gardasee","gardone riviera","holiday","lago di garda","lagodigarda","lake Garda","noleggio","vacanza","vespa"],"articleSection":["notizie ed eventi"],"inLanguage":"pl-PL","potentialAction":[{"@type":"CommentAction","name":"Comment","target":["https:\/\/blog.desenzanoloft.com\/pl\/rent-a-vespa-desenzano\/#respond"]}]},{"@type":"WebPage","@id":"https:\/\/blog.desenzanoloft.com\/pl\/rent-a-vespa-desenzano\/","url":"https:\/\/blog.desenzanoloft.com\/pl\/rent-a-vespa-desenzano\/","name":"RENT A VESPA DESENZANO - Blog","isPartOf":{"@id":"https:\/\/blog.desenzanoloft.com\/pl\/#website"},"primaryImageOfPage":{"@id":"https:\/\/blog.desenzanoloft.com\/pl\/rent-a-vespa-desenzano\/#primaryimage"},"image":{"@id":"https:\/\/blog.desenzanoloft.com\/pl\/rent-a-vespa-desenzano\/#primaryimage"},"thumbnailUrl":"https:\/\/blog.desenzanoloft.com\/wp-content\/uploads\/2018\/06\/WhatsApp-Image-2018-05-30-at-105333.jpg","datePublished":"2018-06-04T08:17:19+00:00","dateModified":"2018-06-04T08:37:12+00:00","author":{"@id":"https:\/\/blog.desenzanoloft.com\/pl\/#\/schema\/person\/3363b0dbf0bb9edb036fb68a61d6dd42"},"description":"RENT A VESPA DESENZANO:\u00a0A Desenzano del Garda, sulla sponda bresciana del lago di Garda, nasce da poche settimane, il servizio di noleggio Vespa.","breadcrumb":{"@id":"https:\/\/blog.desenzanoloft.com\/pl\/rent-a-vespa-desenzano\/#breadcrumb"},"inLanguage":"pl-PL","potentialAction":[{"@type":"ReadAction","target":["https:\/\/blog.desenzanoloft.com\/pl\/rent-a-vespa-desenzano\/"]}]},{"@type":"ImageObject","inLanguage":"pl-PL","@id":"https:\/\/blog.desenzanoloft.com\/pl\/rent-a-vespa-desenzano\/#primaryimage","url":"https:\/\/blog.desenzanoloft.com\/wp-content\/uploads\/2018\/06\/WhatsApp-Image-2018-05-30-at-105333.jpg","contentUrl":"https:\/\/blog.desenzanoloft.com\/wp-content\/uploads\/2018\/06\/WhatsApp-Image-2018-05-30-at-105333.jpg","width":1600,"height":953},{"@type":"BreadcrumbList","@id":"https:\/\/blog.desenzanoloft.com\/pl\/rent-a-vespa-desenzano\/#breadcrumb","itemListElement":[{"@type":"ListItem","position":1,"name":"Home","item":"https:\/\/blog.desenzanoloft.com\/pl\/"},{"@type":"ListItem","position":2,"name":"RENT A VESPA DESENZANO"}]},{"@type":"WebSite","@id":"https:\/\/blog.desenzanoloft.com\/pl\/#website","url":"https:\/\/blog.desenzanoloft.com\/pl\/","name":"Blog","description":"Desenzanoloft","potentialAction":[{"@type":"SearchAction","target":{"@type":"EntryPoint","urlTemplate":"https:\/\/blog.desenzanoloft.com\/pl\/?s={search_term_string}"},"query-input":{"@type":"PropertyValueSpecification","valueRequired":true,"valueName":"search_term_string"}}],"inLanguage":"pl-PL"},{"@type":"Person","@id":"https:\/\/blog.desenzanoloft.com\/pl\/#\/schema\/person\/3363b0dbf0bb9edb036fb68a61d6dd42","name":"desenzanoloft","image":{"@type":"ImageObject","inLanguage":"pl-PL","@id":"https:\/\/secure.gravatar.com\/avatar\/f0a7703b30e35f233c4ec0317086f2b943a1586f5929cc61eeceae263a3ac558?s=96&d=mm&r=g","url":"https:\/\/secure.gravatar.com\/avatar\/f0a7703b30e35f233c4ec0317086f2b943a1586f5929cc61eeceae263a3ac558?s=96&d=mm&r=g","contentUrl":"https:\/\/secure.gravatar.com\/avatar\/f0a7703b30e35f233c4ec0317086f2b943a1586f5929cc61eeceae263a3ac558?s=96&d=mm&r=g","caption":"desenzanoloft"},"sameAs":["https:\/\/www.desenzanoloft.com\/","https:\/\/www.facebook.com\/CarloClaveriniDESENZANO"],"url":"https:\/\/blog.desenzanoloft.com\/pl\/author\/desenzanoloft\/"}]}},"_links":{"self":[{"href":"https:\/\/blog.desenzanoloft.com\/pl\/wp-json\/wp\/v2\/posts\/320","targetHints":{"allow":["GET"]}}],"collection":[{"href":"https:\/\/blog.desenzanoloft.com\/pl\/wp-json\/wp\/v2\/posts"}],"about":[{"href":"https:\/\/blog.desenzanoloft.com\/pl\/wp-json\/wp\/v2\/types\/post"}],"author":[{"embeddable":true,"href":"https:\/\/blog.desenzanoloft.com\/pl\/wp-json\/wp\/v2\/users\/57"}],"replies":[{"embeddable":true,"href":"https:\/\/blog.desenzanoloft.com\/pl\/wp-json\/wp\/v2\/comments?post=320"}],"version-history":[{"count":4,"href":"https:\/\/blog.desenzanoloft.com\/pl\/wp-json\/wp\/v2\/posts\/320\/revisions"}],"predecessor-version":[{"id":327,"href":"https:\/\/blog.desenzanoloft.com\/pl\/wp-json\/wp\/v2\/posts\/320\/revisions\/327"}],"wp:featuredmedia":[{"embeddable":true,"href":"https:\/\/blog.desenzanoloft.com\/pl\/wp-json\/wp\/v2\/media\/323"}],"wp:attachment":[{"href":"https:\/\/blog.desenzanoloft.com\/pl\/wp-json\/wp\/v2\/media?parent=320"}],"wp:term":[{"taxonomy":"category","embeddable":true,"href":"https:\/\/blog.desenzanoloft.com\/pl\/wp-json\/wp\/v2\/categories?post=320"},{"taxonomy":"post_tag","embeddable":true,"href":"https:\/\/blog.desenzanoloft.com\/pl\/wp-json\/wp\/v2\/tags?post=320"}],"curies":[{"name":"wp","href":"https:\/\/api.w.org\/{rel}","templated":true}]}}