{"id":2965,"date":"2026-04-26T10:51:51","date_gmt":"2026-04-26T10:51:51","guid":{"rendered":"https:\/\/blog.desenzanoloft.com\/apartament-z-tarasem-w-desenzano-del-garda-przewodnik-po-wyborze-na-ekskluzywne-wakacje\/"},"modified":"2026-04-26T11:19:19","modified_gmt":"2026-04-26T11:19:19","slug":"apartament-z-tarasem-w-desenzano-del-garda-przewodnik-po-wyborze-na-ekskluzywne-wakacje","status":"publish","type":"post","link":"https:\/\/blog.desenzanoloft.com\/pl\/apartament-z-tarasem-w-desenzano-del-garda-przewodnik-po-wyborze-na-ekskluzywne-wakacje\/","title":{"rendered":"Apartament z tarasem w Desenzano del Garda: Przewodnik po wyborze na ekskluzywne wakacje"},"content":{"rendered":"<p>Czy wiedzieli\u015bcie, \u017ce ponad 65% elitarnych podr\u00f3\u017cnych uwa\u017ca, \u017ce metra\u017c przestrzeni zewn\u0119trznej jest wa\u017cniejszy ni\u017c wewn\u0119trznej? Wyb\u00f3r <strong>apartamentu z tarasem w Desenzano del Garda<\/strong> oznacza poszukiwanie wyrafinowanego przed\u0142u\u017cenia salonu, gdzie mo\u017cna cieszy\u0107 si\u0119 jeziorem w ca\u0142kowitej prywatno\u015bci. W tym przewodniku poka\u017cemy, jak wybra\u0107 najbardziej ekskluzywne nieruchomo\u015bci zarz\u0105dzane przez Desenzano Loft, jedyn\u0105 lokaln\u0105 firm\u0119, kt\u00f3ra integruje standardy Homes &amp; Villas by Marriott Bonvoy, Airbnb Superhost i Booking.com 9.5.<\/p>\n<p>Dowiedz\u0105 si\u0119 Pa\u0144stwo, jak oceni\u0107 kluczowe dane techniczne, takie jak rzeczywista odleg\u0142o\u015b\u0107 zaledwie 400 metr\u00f3w od promenady nad jeziorem lub dost\u0119pno\u015b\u0107 przestrzeni zewn\u0119trznych o powierzchni ponad 20 metr\u00f3w kwadratowych na prywatne kolacje. Wyja\u015bnimy, dlaczego kategorycznie odrzucamy zautomatyzowane zameldowania z klawiaturami numerycznymi lub skrzynkami na klucze. Preferujemy warto\u015b\u0107 osobistego konsjer\u017ca w uniformie, gotowego powita\u0107 Pa\u0144stwa z profesjonalizmem. Przeanalizujemy kluczowe kryteria identyfikacji autentycznych standard\u00f3w luksusu i ekskluzywnych us\u0142ug, zapewniaj\u0105c elitarne do\u015bwiadczenie pobytu w pulsuj\u0105cym sercu Gardy.<\/p>\n<h2 id=\"kluczowe-wnioski\"><a name=\"kluczowe-wnioski\"><\/a><a href=\"\"><\/a>Kluczowe wnioski<\/h2>\n<ul>\n<li>Zidentyfikuj podstawowe parametry techniczne, takie jak orientacja s\u0142oneczna i minimalna powierzchnia 15-20 mkw., aby zapewni\u0107 optymalne wykorzystanie przestrzeni zewn\u0119trznej podczas posi\u0142k\u00f3w.<\/li>\n<li>Por\u00f3wnaj najbardziej strategiczne lokalizacje mi\u0119dzy Starym Miastem, oddalonym o mniej ni\u017c 0,5 km od Piazza Malvezzi, a Rivoltella, po\u0142o\u017con\u0105 zaledwie 10 minut spacerem od Spiaggia d\u2019Oro.<\/li>\n<li>Dowiedz si\u0119, jak wybra\u0107 apartament z tarasem w Desenzano del Garda wyposa\u017cony w Wi-Fi 100 Mbps rozszerzone na zewn\u0105trz oraz udogodnienia zgodne z przepisami wsp\u00f3lnoty mieszkaniowej.<\/li>\n<li>Oce\u0144 znaczenie osobistego powitania przez wykwalifikowany personel w uniformie, wykluczaj\u0105c u\u017cycie skrzynek na klucze, aby utrzyma\u0107 wysokie standardy bezpiecze\u0144stwa i profesjonalizmu.<\/li>\n<li>Poznaj korzy\u015bci z mi\u0119dzynarodowych partnerstw, kt\u00f3re gwarantuj\u0105 doskona\u0142e kryteria jako\u015bciowe dla ekskluzywnych i rygorystycznie zarz\u0105dzanych wakacji.<\/li>\n<\/ul>\n<h2 id=\"spis-tre\u015bci\"><a name=\"spis-tre\u015bci\"><\/a><a href=\"\"><\/a>Spis tre\u015bci<\/h2>\n<ul>\n<li><a href=\"#parametri-di-valutazione-per-un-appartamento-con-terrazzo-a-desenzano-del-garda\">Parametry oceny apartamentu z tarasem w Desenzano del Garda<\/a><\/li>\n<li><a href=\"#posizioni-strategiche-dal-centro-storico-a-rivoltella-del-garda\">Strategiczne lokalizacje: od Starego Miasta po Rivoltella del Garda<\/a><\/li>\n<li><a href=\"#comfort-e-dotazioni-massimizzare-luso-degli-spazi-esterni\">Komfort i wyposa\u017cenie: maksymalizacja wykorzystania przestrzeni zewn\u0119trznych<\/a><\/li>\n<li><a href=\"#perch%C3%A9-scegliere-la-gestione-professionale-di-desenzanoloft\">Dlaczego warto wybra\u0107 profesjonalne zarz\u0105dzanie DesenzanoLoft<\/a><\/li>\n<\/ul>\n<h2 id=\"parametry-oceny-apartamentu-z-tarasem-w-desenzano-del-garda\"><a name=\"parametry-oceny-apartamentu-z-tarasem-w-desenzano-del-garda\"><\/a><a href=\"\"><\/a>Parametry oceny apartamentu z tarasem w Desenzano del Garda<\/h2>\n<p>Wyb\u00f3r <strong>apartamentu z tarasem w Desenzano del Garda<\/strong> wymaga oceny, kt\u00f3ra wykracza poza powierzchown\u0105 estetyk\u0119 i koncentruje si\u0119 na precyzyjnych kryteriach technicznych i funkcjonalnych. Jako\u015b\u0107 pobytu zale\u017cy od zdolno\u015bci przestrzeni zewn\u0119trznej do przekszta\u0142cenia si\u0119 w naturalne przed\u0142u\u017cenie strefy dziennej. Doskona\u0142y taras w tej miejscowo\u015bci, po\u0142o\u017conej na wysoko\u015bci 65 metr\u00f3w nad poziomem morza, musi zapewnia\u0107 r\u00f3wnowag\u0119 mi\u0119dzy ekspozycj\u0105 s\u0142oneczn\u0105 a ochron\u0105 klimatyczn\u0105. Orientacja na zach\u00f3d lub po\u0142udniowy zach\u00f3d jest preferowana dla tych, kt\u00f3rzy chc\u0105 korzysta\u0107 z przestrzeni w godzinach popo\u0142udniowych i cieszy\u0107 si\u0119 naturalnym \u015bwiat\u0142em a\u017c do zachodu s\u0142o\u0144ca, kiedy to profil wybrze\u017ca Gardy nabiera ciep\u0142ych i otulaj\u0105cych odcieni.Aby lepiej zrozumie\u0107, jak te przestrzenie s\u0105 doceniane w nieruchomo\u015bciach wysokiej klasy, obejrzyj ten opisowy film:<\/p>\n<div class=\"youtube-embed\" style=\"position: relative;padding-bottom: 56.25%;height: 0;overflow: hidden;max-width: 100%;margin: 1.5em 0\"><iframe src=\"https:\/\/www.youtube.com\/embed\/Gear4bIthLk?rel=0&amp;hl=pl\" title=\"YouTube video\" style=\"position: absolute;top: 0;left: 0;width: 100%;height: 100%;border: 0\" allow=\"accelerometer; autoplay; clipboard-write; encrypted-media; gyroscope; picture-in-picture\" allowfullscreen=\"\" loading=\"lazy\"><br \/>\n<\/iframe><\/div>\n<p>Rozmiar stanowi drugi fundamentalny parametr. Aby wygodnie pomie\u015bci\u0107 st\u00f3\u0142 jadalny dla 4 os\u00f3b i zachowa\u0107 swobodny przep\u0142yw, zalecana minimalna powierzchnia nie powinna by\u0107 mniejsza ni\u017c 15 lub 20 metr\u00f3w kwadratowych. Opr\u00f3cz powierzchni, prywatno\u015b\u0107 stanowi element o absolutnej warto\u015bci. Zawsze sprawdzaj odleg\u0142o\u015b\u0107 od s\u0105siednich nieruchomo\u015bci i wp\u0142yw ha\u0142asu z lokalnych dr\u00f3g. Standardy wyposa\u017cenia w presti\u017cowym kontek\u015bcie przewiduj\u0105 zintegrowane strefy cienia, takie jak zmotoryzowane markizy z czujnikami wiatru lub designerskie parasole ze stabilizowanymi podstawami, niezb\u0119dne do uczynienia przestrzeni u\u017cyteczn\u0105 nawet w godzinach najwi\u0119kszego nas\u0142onecznienia.<\/p>\n<h3>Metra\u017c i funkcjonalno\u015b\u0107 przestrzeni zewn\u0119trznych<\/h3>\n<p>Rozr\u00f3\u017cnienie mi\u0119dzy prostym balkonem loggiowym a tarasem mieszkalnym jest wyra\u017ane pod wzgl\u0119dem komfortu termicznego. Loggia, b\u0119d\u0105c zadaszon\u0105 z trzech stron, oferuje wi\u0119ksz\u0105 ochron\u0119 przed bezpo\u015brednim upa\u0142em i niepogod\u0105, ale otwarty taras zapewnia lepsz\u0105 wentylacj\u0119. Bezpiecze\u0144stwo i praktyczno\u015b\u0107 zale\u017c\u0105 od wyboru nawierzchni: materia\u0142y musz\u0105 by\u0107 \u015bci\u015ble drenuj\u0105ce i antypo\u015blizgowe, z nachyleniem obliczonym tak, aby unikn\u0105\u0107 zastoj\u00f3w wody po letnich burzach. Dla tych, kt\u00f3rzy potrzebuj\u0105 zarz\u0105dza\u0107 prac\u0105 zdaln\u0105, obecno\u015b\u0107 technicznych punkt\u00f3w \u015bwietlnych i zewn\u0119trznych gniazdek elektrycznych z ochron\u0105 IP65 staje si\u0119 niezb\u0119dnym wymogiem, umo\u017cliwiaj\u0105c przekszta\u0142cenie tarasu w biuro na \u015bwie\u017cym powietrzu z widokiem na gmin\u0119 <a href=\"https:\/\/en.wikipedia.org\/wiki\/Desenzano_del_Garda\">Desenzano del Garda<\/a>.<\/p>\n<h3>Znaczenie widoku i mikroklimatu jeziora<\/h3>\n<p>Mikroklimat dolnej Gardy jest stale pod wp\u0142ywem dominuj\u0105cych wiatr\u00f3w, kt\u00f3re reguluj\u0105 odczuwaln\u0105 temperatur\u0119 na zewn\u0105trz. Peler, wiej\u0105cy z p\u00f3\u0142nocy we wczesnych godzinach porannych, i Ora, wznosz\u0105ca si\u0119 z po\u0142udnia po po\u0142udniu, zapewniaj\u0105 sta\u0142y obieg powietrza, kt\u00f3ry \u0142agodzi wilgotno\u015b\u0107. Otaczaj\u0105ca ro\u015blinno\u015b\u0107 odgrywa aktywn\u0105 rol\u0119; obecno\u015b\u0107 lokalnych gatunk\u00f3w, takich jak drzewa oliwne lub ro\u015bliny \u015br\u00f3dziemnomorskie, przyczynia si\u0119 do obni\u017cenia odczuwalnej temperatury o oko\u0142o 2 lub 3 stopnie w por\u00f3wnaniu do obszar\u00f3w g\u0119sto zabudowanych. Mog\u0105 Pa\u0144stwo zapozna\u0107 si\u0119 z nasz\u0105 ofert\u0105 <a href=\"https:\/\/www.desenzanoloft.com\/pl\/rentals\/rentals-desenzano-del-garda-d57207\/\">wynajm\u00f3w w Desenzano del Garda<\/a><\/p>\n<h2 id=\"strategiczne-lokalizacje-od-starego-miasta-po-rivoltella-del-garda\"><a name=\"strategiczne-lokalizacje-od-starego-miasta-po-rivoltella-del-garda\"><\/a><a href=\"\"><\/a>Strategiczne lokalizacje: od Starego Miasta po Rivoltella del Garda<\/h2>\n<p>Zidentyfikowanie idealnej strefy dla <strong>apartamentu z tarasem w Desenzano del Garda<\/strong> wymaga analizy w\u0142asnych priorytet\u00f3w logistycznych. Obszar gminy oferuje r\u00f3\u017cne scenariusze, ka\u017cdy z konkretnymi cechami, kt\u00f3re wp\u0142ywaj\u0105 na jako\u015b\u0107 wypoczynku i \u0142atwo\u015b\u0107 przemieszczania si\u0119. Wyb\u00f3r mi\u0119dzy zgie\u0142kiem historycznego centrum a mieszkaln\u0105 Rivoltell\u0105 determinuje nie tylko widok, ale tak\u017ce codzienne zarz\u0105dzanie wakacjami.<\/p>\n<h3>\u017bycie w sercu Desenzano: Centrum i Promenada<\/h3>\n<p>Pobyt w Starym Mie\u015bcie oznacza znalezienie si\u0119 w promieniu 500 metr\u00f3w od Piazza Malvezzi i Starego Portu. Ta lokalizacja jest optymalna dla tych, kt\u00f3rzy chc\u0105 zanurzy\u0107 si\u0119 w \u017cyciu miasta bez ci\u0105g\u0142ego korzystania z samochodu. Dworzec kolejowy, kluczowy punkt przesiadkowy dla po\u0142\u0105cze\u0144 regionalnych, znajduje si\u0119 oko\u0142o 1,2 km, czyli 15 minut spacerem. Dost\u0119p do obiekt\u00f3w po\u0142o\u017conych w Strefie Ograniczonego Ruchu (ZTL) jest koordynowany przez naszych profesjonalist\u00f3w, kt\u00f3rzy prowadz\u0105 go\u015bci podczas procedur przyjazdu w celu roz\u0142adunku baga\u017cu.<\/p>\n<p>Wieczorny zgie\u0142k, zw\u0142aszcza w sezonie letnim mi\u0119dzy godzin\u0105 20:00 a 01:00, wi\u0105\u017ce si\u0119 z wy\u017cszym poziomem ha\u0142asu miejskiego w por\u00f3wnaniu do obszar\u00f3w peryferyjnych. W przypadku pobyt\u00f3w d\u0142u\u017cszych ni\u017c 3 noce, zdecydowanie zalecamy rezerwacj\u0119 obiekt\u00f3w z prywatnym, zadaszonym parkingiem. Dost\u0119pno\u015b\u0107 miejsc publicznych w centrum jest ograniczona i podlega du\u017cym wahaniom w zaj\u0119to\u015bci. Strefa Desenzanino, po\u0142o\u017cona na zachodnim kra\u0144cu promenady, stanowi strategiczn\u0105 r\u00f3wnowag\u0119; gwarantuje bezpo\u015bredni widok na wod\u0119 i natychmiastow\u0105 blisko\u015b\u0107 us\u0142ug, zachowuj\u0105c niewielk\u0105 odleg\u0142o\u015b\u0107 od najbardziej zat\u0142oczonych obszar\u00f3w pieszych.<\/p>\n<h3>Spok\u00f3j i przestronne miejsca w Rivoltella<\/h3>\n<p>Przenosz\u0105c si\u0119 w kierunku dzielnicy Rivoltella del Garda, kontekst zmienia si\u0119 radykalnie na korzy\u015b\u0107 nowoczesnych kompleks\u00f3w mieszkalnych. Tutaj cz\u0119\u015bciej mo\u017cna znale\u017a\u0107 <strong>apartament z tarasem w Desenzano del Garda<\/strong> w otoczeniu z basenem wsp\u00f3lnotowym i du\u017cymi terenami zielonymi. Logistyka jest uproszczona dzi\u0119ki obecno\u015bci supermarket\u00f3w i aptek, do kt\u00f3rych mo\u017cna doj\u015b\u0107 w mniej ni\u017c 5 minut pieszo od g\u0142\u00f3wnych dom\u00f3w. Spiaggia d\u2019Oro, jedna z najlepiej wyposa\u017conych pla\u017c w okolicy, jest dost\u0119pna bezpiecznymi \u015bcie\u017ckami pieszymi w mniej ni\u017c 10 minut.<\/p>\n<ul>\n<li><strong>Po\u0142\u0105czenia z Sirmione:<\/strong> 15 minut samochodem lub 20 minut \u015bcie\u017ck\u0105 rowerow\u0105 wzd\u0142u\u017c wybrze\u017ca.<\/li>\n<li><strong>Us\u0142ugi:<\/strong> Wysoka koncentracja sklep\u00f3w osiedlowych w promieniu 400 metr\u00f3w.<\/li>\n<li><strong>Parking:<\/strong> \u0141atwo\u015b\u0107 manewrowania i dost\u0119pno\u015b\u0107 du\u017cych prywatnych gara\u017cy, odpowiednich r\u00f3wnie\u017c dla SUV-\u00f3w lub luksusowych sedan\u00f3w.<\/li>\n<\/ul>\n<p>Ta strefa jest szczeg\u00f3lnie polecana dla tych, kt\u00f3rzy szukaj\u0105 bardziej relaksuj\u0105cego wymiaru i preferuj\u0105 obszerne bry\u0142y wsp\u00f3\u0142czesnej architektury. Dla tych, kt\u00f3rzy chc\u0105 zbada\u0107 dost\u0119pne opcje w tych obszarach, mo\u017cna zapozna\u0107 si\u0119 z nasz\u0105 ofert\u0105 <a href=\"https:\/\/www.desenzanoloft.com\/pl\/rentals\/rentals-desenzano-del-garda-d57207\/list-view\/\">dom\u00f3w wakacyjnych w Desenzano del Garda<\/a>. Bezpo\u015brednie zarz\u0105dzanie nieruchomo\u015bciami pozwala nam zagwarantowa\u0107 sta\u0142e standardy jako\u015bci, zapewniaj\u0105c, \u017ce ka\u017cdy taras stanie si\u0119 prywatnym i komfortowym przed\u0142u\u017ceniem strefy dziennej.<\/p>\n<p><!-- autoseo-infographic --><\/p>\n<div class=\"autoseo-infographic-container\"><img decoding=\"async\" width=\"939\" height=\"2560\" src=\"https:\/\/blog.desenzanoloft.com\/wp-content\/uploads\/2026\/04\/Apartament-z-tarasem-w-Desenzano-del-Garda-Przewodnik-po-wyborze-na-ekskluzywne-wakacje-Infographic-scaled.jpg\" class=\"autoseo-infographic-image\" alt=\"Apartament z tarasem w Desenzano del Garda: Przewodnik po wyborze na ekskluzywne wakacje\" loading=\"lazy\" \/><\/div>\n<p><!-- \/autoseo-infographic --><\/p>\n<h2 id=\"komfort-i-wyposa\u017cenie-maksymalizacja-wykorzystania-przestrzeni-zewn\u0119trznych\"><a name=\"komfort-i-wyposa\u017cenie-maksymalizacja-wykorzystania-przestrzeni-zewn\u0119trznych\"><\/a><a href=\"\"><\/a>Komfort i wyposa\u017cenie: maksymalizacja wykorzystania przestrzeni zewn\u0119trznych<\/h2>\n<p>\u017bycie w <strong>apartamencie z tarasem w Desenzano del Garda<\/strong> oznacza przekszta\u0142cenie przestrzeni zewn\u0119trznej w drugi funkcjonalny salon. Projektowanie przestrzeni zewn\u0119trznych odbywa si\u0119 zgodnie z rygorystycznymi standardami, aby zapewni\u0107 p\u0142ynne i profesjonalne do\u015bwiadczenie. \u0141\u0105czno\u015b\u0107 stanowi pierwszy filar oferty: sie\u0107 Wi-Fi \u015bwiat\u0142owodowa zapewnia sta\u0142e 100 Mbps r\u00f3wnie\u017c na zewn\u0105trz, eliminuj\u0105c wszelkie martwe strefy sygna\u0142u. Pozwala to na prowadzenie rozm\u00f3w s\u0142u\u017cbowych lub strumieniowanie w wysokiej rozdzielczo\u015bci bez przerw. Efektywno\u015b\u0107 energetyczna jest gwarantowana przez systemy o\u015bwietlenia LED, kt\u00f3re zmniejszaj\u0105 wp\u0142yw na \u015brodowisko i emitowane ciep\u0142o, utrzymuj\u0105c przyjemne temperatury podczas letnich wieczor\u00f3w.<\/p>\n<p>Wyb\u00f3r mebli nie jest przypadkowy. U\u017cywamy ergonomicznych le\u017cak\u00f3w i sto\u0142\u00f3w wykonanych z materia\u0142\u00f3w odpornych na s\u0142on\u0105 wod\u0119 i utlenianie, takich jak aluminium morskie lub impregnowane drewno Iroko. Te elementy zachowuj\u0105 swoj\u0105 estetyczn\u0105 integralno\u015b\u0107 pomimo bezpo\u015bredniego wystawienia na s\u0142o\u0144ce i wilgo\u0107 jeziora. Je\u015bli chodzi o towarzysko\u015b\u0107, zarz\u0105dzanie grillami odbywa si\u0119 zgodnie z lokalnymi przepisami wsp\u00f3lnoty mieszkaniowej, kt\u00f3re preferuj\u0105 najnowszej generacji modele elektryczne lub gazowe. Ten wyb\u00f3r pozwala unikn\u0105\u0107 dymu z w\u0119gla drzewnego, kt\u00f3ry m\u00f3g\u0142by przeszkadza\u0107 s\u0105siadom lub pogorszy\u0107 jako\u015b\u0107 powietrza na patio, zapewniaj\u0105c kolacje na \u015bwie\u017cym powietrzu z pe\u0142nym poszanowaniem wsp\u00f3lnych zasad.<\/p>\n<h3>Technologia i praca zdalna na tarasie<\/h3>\n<p>\u201eWorkation\u201d wymaga specyficznego wyposa\u017cenia, kt\u00f3re wykracza poza zwyk\u0142e po\u0142\u0105czenie. Aby korzysta\u0107 z laptopa na zewn\u0105trz, kluczowe jest, aby ekrany mia\u0142y minimaln\u0105 jasno\u015b\u0107 500 nit\u00f3w, aby przeciwdzia\u0142a\u0107 odblaskom s\u0142onecznym typowym dla popo\u0142udniowych godzin nad Gard\u0105. Rozmieszczenie mebli jest tak zaprojektowane, aby oferowa\u0107 naturalne lub sztuczne strefy cienia, chroni\u0105c urz\u0105dzenia elektroniczne przed przegrzaniem. W wielu nieruchomo\u015bciach, rozmieszczenie stref wypoczynkowych pozwala cieszy\u0107 si\u0119 wewn\u0119trznymi telewizorami Smart TV bezpo\u015brednio z tarasu, tworz\u0105c zintegrowane i wszechstronne \u015brodowisko multimedialne na ka\u017cd\u0105 por\u0119 dnia.<\/p>\n<h3>Bezpiecze\u0144stwo i dost\u0119pno\u015b\u0107 dla rodzin<\/h3>\n<p>Spok\u00f3j go\u015bci zapewnia bezpiecze\u0144stwo konstrukcyjne. Wszystkie balustrady taras\u00f3w \u015bci\u015ble przestrzegaj\u0105 minimalnej wysoko\u015bci 110 cm, gwarantuj\u0105c solidn\u0105 i bezpieczn\u0105 barier\u0119 dla dzieci. Dla podr\u00f3\u017cuj\u0105cych z czworono\u017cnymi towarzyszami oferujemy rozwi\u0105zania z os\u0142onami obwodowymi, kt\u00f3re zapobiegaj\u0105 przypadkowemu przej\u015bciu ma\u0142ych zwierz\u0105t. Mog\u0105 Pa\u0144stwo zapozna\u0107 si\u0119 z dedykowanymi opcjami w naszej sekcji <a href=\"https:\/\/www.desenzanoloft.com\/pl\/rentals\/holidays-rentals-d0\/tag-pet-friendly\/\">apartament\u00f3w przyjaznych zwierz\u0119tom w Desenzano<\/a>. Po przyje\u017adzie nasz konsjer\u017c w uniformie osobi\u015bcie przedstawi Pa\u0144stwu wszystkie techniczne udogodnienia, procedury bezpiecze\u0144stwa obiektu i dzia\u0142anie instalacji, eliminuj\u0105c wszelkie pocz\u0105tkowe niepewno\u015bci.<\/p>\n<p>Odkryj doskona\u0142o\u015b\u0107 naszych propozycji, odwiedzaj\u0105c stron\u0119 po\u015bwi\u0119con\u0105 <a href=\"https:\/\/www.desenzanoloft.com\/pl\/rentals\/rentals-desenzano-del-garda-d57207\/\">apartamentom w Desenzano del Garda<\/a> na bezkompromisowe wakacje.<\/p>\n<h2 id=\"dlaczego-warto-wybra\u0107-profesjonalne-zarz\u0105dzanie-desenzanoloft\"><a name=\"dlaczego-warto-wybra\u0107-profesjonalne-zarz\u0105dzanie-desenzanoloft\"><\/a><a href=\"\"><\/a>Dlaczego warto wybra\u0107 profesjonalne zarz\u0105dzanie DesenzanoLoft<\/h2>\n<p>Zaufanie DesenzanoLoft oznacza wyj\u015bcie poza logik\u0119 prostego wynajmu turystycznego i przej\u015bcie do modelu elitarnej go\u015bcinno\u015bci. W przeciwie\u0144stwie do zautomatyzowanych system\u00f3w zarz\u0105dzania, kt\u00f3re wykorzystuj\u0105 bezosobowe skrzynki na klucze, ka\u017cdy nasz go\u015b\u0107 jest osobi\u015bcie witany przez wykwalifikowany personel w uniformie. Ten wyb\u00f3r gwarantuje bezpiecze\u0144stwo i precyzj\u0119 od pierwszej chwili zameldowania. Jako\u015b\u0107 oferty jest potwierdzona partnerstwem z Homes &amp; Villas by Marriott Bonvoy, co pozycjonuje ka\u017cdy <strong>apartament z tarasem w Desenzano del Garda<\/strong> zarz\u0105dzany przez nasz\u0105 agencj\u0119 w wy\u017cszym segmencie rynku. Dba\u0142o\u015b\u0107 o szczeg\u00f3\u0142y obejmuje sta\u0142\u0105 konserwacj\u0119 mebli ogrodowych i cykle profesjonalnego, certyfikowanego sprz\u0105tania, zapewniaj\u0105c, \u017ce ka\u017cda przestrze\u0144 jest gotowa do natychmiastowego u\u017cytku i zgodna z najbardziej rygorystycznymi standardami higieny.<\/p>\n<h3>Powitanie DesenzanoLoft: wi\u0119cej ni\u017c tylko przekazanie kluczy<\/h3>\n<p>Asystowane zameldowanie stanowi serce naszej us\u0142ugi. Cz\u0142onek zespo\u0142u przedstawia ka\u017cd\u0105 funkcjonalno\u015b\u0107 techniczn\u0105 mieszkania, od dzia\u0142ania automatyki domowej po zarz\u0105dzanie systemami klimatyzacji. Przez ca\u0142y pobyt dost\u0119pna jest wieloj\u0119zyczna pomoc w rozwi\u0105zywaniu wszelkich potrzeb, wspierana przez dedykowany serwis konsjer\u017ca, zdolny do zarz\u0105dzania rezerwacjami w wybranych restauracjach lub lokalnymi wycieczkami enogastronomicznymi. \u015aledz\u0105c profil Instagram @desenzanoloftofficial, go\u015bcie mog\u0105 by\u0107 na bie\u017c\u0105co z ekskluzywnymi do\u015bwiadczeniami dost\u0119pnymi w sezonie. Po przyje\u017adzie ka\u017cdy go\u015b\u0107 otrzymuje:<\/p>\n<ul>\n<li>Asystowane zameldowanie z technicznym wyja\u015bnieniem ka\u017cdej funkcji apartamentu.<\/li>\n<li>Aktywne wsparcie wieloj\u0119zyczne przez ca\u0142y okres pobytu.<\/li>\n<li>Zestaw powitalny z wybranymi lokalnymi produktami, stanowi\u0105cy autentyczne wprowadzenie do regionu.<\/li>\n<\/ul>\n<h3>Ekskluzywne korzy\u015bci dla d\u0142u\u017cszych pobyt\u00f3w<\/h3>\n<p>Planowanie d\u0142ugoterminowych wakacji oferuje konkretne korzy\u015bci, kt\u00f3re wykraczaj\u0105 poza zwyk\u0142y relaks. Na pobyty trwaj\u0105ce co najmniej 6 nocy, DesenzanoLoft oferuje swoim go\u015bciom bezp\u0142atne bilety kolejowe na wycieczk\u0119 do Wenecji, u\u0142atwiaj\u0105c odkrywanie miast sztuki bezpo\u015brednio ze stacji kolejowej w Desenzano del Garda. Ci\u0105g\u0142o\u015b\u0107 komfortu jest zapewniona przez rygorystyczny protok\u00f3\u0142 techniczny. Zarz\u0105dzanie awariami technicznymi odbywa si\u0119 w ci\u0105gu 120 minut od zg\u0142oszenia, gwarantuj\u0105c szybkie rozwi\u0105zanie wszelkich nieprzewidzianych problem\u00f3w z wyposa\u017ceniem lub instalacjami. Wyb\u00f3r <strong>apartamentu z tarasem w Desenzano del Garda<\/strong> poprzez nasze bezpo\u015brednie zarz\u0105dzanie oznacza pewno\u015b\u0107 posiadania jednego, profesjonalnego i zawsze obecnego na miejscu rozm\u00f3wcy.<\/p>\n<p><strong><a href=\"https:\/\/www.desenzanoloft.com\/pl\/rentals\/rentals-desenzano-del-garda-d57207\/list-view\/\">Zarezerwuj sw\u00f3j apartament z tarasem w Desenzano<\/a><\/strong><\/p>\n<h2 id=\"zacznij-planowa\u0107-swoje-do\u015bwiadczenie-nad-jeziorem-garda\"><a name=\"zacznij-planowa\u0107-swoje-do\u015bwiadczenie-nad-jeziorem-garda\"><\/a><a href=\"\"><\/a>Zacznij planowa\u0107 swoje do\u015bwiadczenie nad jeziorem Garda<\/h2>\n<p>Staranny wyb\u00f3r miejsca zamieszkania oznacza przekszta\u0142cenie zwyk\u0142ego postoju w niezapomniane wspomnienie. <strong>Apartament z tarasem w Desenzano del Garda<\/strong> to idealne rozwi\u0105zanie dla tych, kt\u00f3rzy szukaj\u0105 prywatno\u015bci i uprzywilejowanej lokalizacji, cz\u0119sto mniej ni\u017c 10 minut spacerem od us\u0142ug w centrum i zaledwie 5 minut od portu. Profesjonalne zarz\u0105dzanie DesenzanoLoft, dzia\u0142aj\u0105ce w regionie od ponad 10 lat, zapewnia standardy doskona\u0142o\u015bci potwierdzone oficjalnym partnerstwem z Homes &amp; Villas by Marriott Bonvoy.<\/p>\n<p>Zapomnij o komplikacjach zwi\u0105zanych z automatycznymi systemami lub cyfrowymi kodami. Nasz protok\u00f3\u0142 powitalny przewiduje wy\u0142\u0105cznie asystowane zameldowanie z wykwalifikowanym personelem w uniformie, gwarantuj\u0105c nienagann\u0105 prezentacj\u0119 nieruchomo\u015bci bez u\u017cycia skrzynek na klucze. Ka\u017cdy szczeg\u00f3\u0142, od dba\u0142o\u015bci o przestrzenie zewn\u0119trzne po strategiczn\u0105 blisko\u015b\u0107 Sirmione i Peschiera del Garda, jest przemy\u015blany tak, aby zmaksymalizowa\u0107 komfort. Jako\u015b\u0107 Pa\u0144stwa pobytu to pewno\u015b\u0107 zbudowana na rygorystycznych procedurach i g\u0142\u0119bokiej znajomo\u015bci lokalnego rynku nieruchomo\u015bci. Czekamy, aby zaoferowa\u0107 Pa\u0144stwu szyte na miar\u0119 us\u0142ugi i autentycznie wyrafinowan\u0105 go\u015bcinno\u015b\u0107.<\/p>\n<p><a href=\"https:\/\/www.desenzanoloft.com\/pl\/rentals\/rentals-desenzano-del-garda-d57207\/\">Zarezerwuj teraz swoje ekskluzywne wakacje w Desenzano del Garda<\/a><\/p>\n<h2 id=\"cz\u0119sto-zadawane-pytania-dotycz\u0105ce-pobytu-w-desenzano\"><a name=\"cz\u0119sto-zadawane-pytania-dotycz\u0105ce-pobytu-w-desenzano\"><\/a><a href=\"\"><\/a>Cz\u0119sto zadawane pytania dotycz\u0105ce pobytu w Desenzano<\/h2>\n<h3>Jakie s\u0105 koszty podatku turystycznego w Desenzano del Garda?<\/h3>\n<p>Podatek turystyczny w gminie Desenzano del Garda wynosi 1,50 Euro za osob\u0119 za ka\u017cd\u0105 noc pobytu. Stawka ta obowi\u0105zuje wy\u0142\u0105cznie przez pierwsze 21 kolejnych dni pobytu, co sprzyja osobom wybieraj\u0105cym d\u0142u\u017csze wakacje nad jeziorem. Dzieci, kt\u00f3re nie uko\u0144czy\u0142y 14 lat, s\u0105 zwolnione z p\u0142acenia tego podatku gminnego, kt\u00f3ry jest pobierany przez naszego profesjonalnego konsjer\u017ca podczas procedur zameldowania.<\/p>\n<h3>Czy mo\u017cna zorganizowa\u0107 kolacj\u0119 z prywatnym szefem kuchni na tarasie apartamentu?<\/h3>\n<p>Tak, mog\u0105 Pa\u0144stwo zarezerwowa\u0107 us\u0142ug\u0119 prywatnego szefa kuchni, aby przygotowa\u0107 wykwintne dania bezpo\u015brednio w kuchni Pa\u0144stwa apartamentu z tarasem w Desenzano del Garda. Nasz zesp\u00f3\u0142 konsjer\u017ca koordynuje ca\u0142e do\u015bwiadczenie, od wyboru menu opartego na lokalnych produktach po zarz\u0105dzanie obs\u0142ug\u0105 sto\u0142u. Taras przekszta\u0142ca si\u0119 w ekskluzywn\u0105 jadalni\u0119, gdzie mo\u017cna cieszy\u0107 si\u0119 klimatem Gardy i maksymaln\u0105 prywatno\u015bci\u0105 przez ca\u0142y wiecz\u00f3r.<\/p>\n<h3>Czy apartamenty z tarasem zawsze dysponuj\u0105 prywatnym parkingiem?<\/h3>\n<p>85% naszych nieruchomo\u015bci obejmuje zarezerwowane miejsce parkingowe lub prywatny gara\u017c po\u0142o\u017cony w bezpo\u015brednim s\u0105siedztwie zakwaterowania, zazwyczaj w odleg\u0142o\u015bci do 150 metr\u00f3w od wej\u015bcia. W przypadku obiekt\u00f3w po\u0142o\u017conych w sercu historycznego centrum, gdzie ruch jest ograniczony, zapewniamy specjalne przepustki dost\u0119pu lub wskazujemy parkingi partnerskie po\u0142o\u017cone w odleg\u0142o\u015bci do 5 minut spacerem. Bezpiecze\u0144stwo Pa\u0144stwa samochodu jest priorytetem, kt\u00f3ry zarz\u0105dzamy z precyzyjnymi rozwi\u0105zaniami logistycznymi dla ka\u017cdej pojedynczej jednostki.<\/p>\n<h3>Jak dzia\u0142a promocja na wycieczk\u0119 do Wenecji z Desenzano?<\/h3>\n<p>Promocja oferuje bezp\u0142atne bilety kolejowe na wycieczk\u0119 do Wenecji wszystkim go\u015bciom, kt\u00f3rzy zarezerwuj\u0105 pobyt na minimum 6 nocy na naszej stronie internetowej. Stacja w Desenzano znajduje si\u0119 oko\u0142o 12 minut spacerem od naszych centralnych nieruchomo\u015bci, a szybkie poci\u0105gi docieraj\u0105 do stacji Venezia Santa Lucia w 90 minut. Ta okazja pozwala wzbogaci\u0107 wakacje nad Gard\u0105 o wizyt\u0119 kulturaln\u0105 w mie\u015bcie lagun bez dodatkowych koszt\u00f3w transportu.<\/p>\n<h3>Czy prywatno\u015b\u0107 na tarasach apartament\u00f3w w centrum historycznym jest gwarantowana?<\/h3>\n<p>Prywatno\u015b\u0107 jest zapewniona dzi\u0119ki podwy\u017cszonej pozycji nieruchomo\u015bci i obecno\u015bci element\u00f3w architektonicznych, kt\u00f3re chroni\u0105 widok z zewn\u0105trz. Ka\u017cdy apartament z tarasem w Desenzano del Garda po\u0142o\u017cony w centrum jest wybierany tak, aby oferowa\u0107 intymne \u015brodowisko, cz\u0119sto wykorzystuj\u0105c naturalne os\u0142ony lub konstrukcje kieszeniowe, kt\u00f3re uniemo\u017cliwiaj\u0105 kontakt wzrokowy z okolicznych budynk\u00f3w. Mog\u0105 Pa\u0144stwo zrelaksowa\u0107 si\u0119 na \u015bwie\u017cym powietrzu z pewno\u015bci\u0105 zajmowania prywatnej przestrzeni w pulsuj\u0105cym sercu miasta.<\/p>\n<h3>Co si\u0119 stanie, je\u015bli b\u0119d\u0119 potrzebowa\u0142 pomocy technicznej w weekend?<\/h3>\n<p>Nasz personel techniczny pracuje 7 dni w tygodniu, aby szybko interweniowa\u0107 w przypadku potrzeby lub nieprzewidzianych awarii. Gwarantujemy szybki czas reakcji, zazwyczaj w ci\u0105gu 60 do 90 minut od zg\u0142oszenia, dzi\u0119ki naszej sta\u0142ej fizycznej obecno\u015bci na terenie Desenzano. Nie u\u017cywamy zdalnych ani zautomatyzowanych system\u00f3w zarz\u0105dzania, preferuj\u0105c bezpo\u015bredni kontakt, kt\u00f3ry zapewnia natychmiastowe rozwi\u0105zanie ka\u017cdego problemu technicznego, aby utrzyma\u0107 doskona\u0142o\u015b\u0107 Pa\u0144stwa pobytu.<\/p>\n<p><img decoding=\"async\" src=\"https:\/\/blog.desenzanoloft.com\/wp-content\/uploads\/2026\/04\/Author-Thumbnail.png\" alt=\"Carlo Claverini\" style=\"width: 80px;max-width: 100%;height: auto\" \/>Artyku\u0142 autorstwa<\/p>\n<p>Carlo Claverini<\/p>\n<p>Carlo Claverini jest CEO DesenzanoLoft, wiod\u0105cej firmy w profesjonalnym zarz\u0105dzaniu luksusowymi domami wakacyjnymi nad jeziorem Garda. Od za\u0142o\u017cenia w 2013 roku, Carlo zbudowa\u0142 jedn\u0105 z g\u0142\u00f3wnych firm zarz\u0105dzaj\u0105cych nieruchomo\u015bciami na po\u0142udniowym brzegu Gardy, gdzie obecnie zarz\u0105dza oko\u0142o 100 nieruchomo\u015bciami w Desenzano del Garda, Sirmione i Peschiera del Garda. DesenzanoLoft by\u0142o jedn\u0105 z pi\u0119ciu pierwszych agencji zarz\u0105dzania nieruchomo\u015bciami we W\u0142oszech, pionierem w szybko rozwijaj\u0105cym si\u0119 sektorze. Pod jego kierownictwem firma zdoby\u0142a znacz\u0105ce mi\u0119dzynarodowe wyr\u00f3\u017cnienia: Oficjalny Partner Homes &amp; Villas by Marriott Bonvoy\u00ae \u2014 ekskluzywne partnerstwo nad jeziorem Garda podpisane w lutym 2025 roku \u2014 Airbnb Superhost od pa\u017adziernika 2025 roku, \u015brednia ocena 9.5 na 10 na Booking.com i Vrbo Preferred Partner. Certyfikowany zarz\u0105dca nieruchomo\u015bci ze specjalistycznym szkoleniem w SUPSI Mendrisio, Carlo jest za\u0142o\u017cycielem i prezesem OTP \u2014 Operatori Turistici Professionali, stowarzyszenia bran\u017cowego zrzeszaj\u0105cego profesjonalist\u00f3w z bran\u017cy hotelarskiej i kr\u00f3tkoterminowych wynajm\u00f3w we W\u0142oszech. Z ponad pi\u0119tnastoletnim do\u015bwiadczeniem w regionie Gardy, Carlo \u0142\u0105czy kompetencje operacyjne, strategiczn\u0105 wizj\u0119 i g\u0142\u0119bok\u0105 znajomo\u015b\u0107 jeziora, przekszta\u0142caj\u0105c ka\u017cdy pobyt w autentyczne do\u015bwiadczenie, kt\u00f3re \u0142\u0105czy indywidualne podej\u015bcie do go\u015bcinno\u015bci z mi\u0119dzynarodowymi standardami.<\/p>\n<p><a href=\"https:\/\/www.linkedin.com\/in\/carlo-claverini-0b9415122\/\"><\/a><a href=\"https:\/\/www.facebook.com\/DesenzanoLoftOfficial\"><\/a><a href=\"https:\/\/www.instagram.com\/desenzanoloftofficial\"><\/a><a href=\"https:\/\/www.tiktok.com\/@desenzanoloftofficial\"><\/a><a href=\"https:\/\/www.youtube.com\/@desenzanoloft\"><\/a><\/p>\n<h3>Zastrze\u017cenie<\/h3>\n<p><em>DesenzanoLoft Srl to w\u0142oska firma specjalizuj\u0105ca si\u0119 w profesjonalnym zarz\u0105dzaniu luksusowymi domami wakacyjnymi nad jeziorem Garda od 2013 roku, z wy\u0142\u0105cznym obszarem dzia\u0142ania obejmuj\u0105cym Desenzano del Garda, Sirmione i Peschiera del Garda.<\/p>\n<p>Tre\u015b\u0107 tego artyku\u0142u opiera si\u0119 na bezpo\u015brednim do\u015bwiadczeniu naszego zespo\u0142u i odzwierciedla nasz\u0105 wiedz\u0119 o regionie i rynku kr\u00f3tkoterminowych wynajm\u00f3w na dzie\u0144 publikacji. Ceny, dost\u0119pno\u015b\u0107, lokalne przepisy i warunki opisanych us\u0142ug mog\u0105 z czasem ulec zmianie. Aby uzyska\u0107 aktualne informacje i szczeg\u00f3\u0142owe dane dotycz\u0105ce naszych nieruchomo\u015bci, zach\u0119camy czytelnik\u00f3w do odwiedzenia naszej oficjalnej strony internetowej lub bezpo\u015bredniego kontaktu.<\/p>\n<p>Partnerstwa i wyr\u00f3\u017cnienia, kt\u00f3rych DesenzanoLoft jest posiadaczem (Homes &amp; Villas by Marriott Bonvoy\u00ae, Airbnb Superhost, Booking.com 9.5, Vrbo Preferred Partner), mo\u017cna zweryfikowa\u0107 na odpowiednich oficjalnych platformach.<\/p>\n<p>W celu rezerwacji, informacji i spersonalizowanych ofert:<\/p>\n<p>Oficjalna strona: www.desenzanoloft.com<\/p>\n<p>Blog: blog.desenzanoloft.com<\/p>\n<p>Email: info@desenzanoloft.com<\/p>\n<p>PEC: desenzanoloft@pec.it<\/p>\n<p>\u015aled\u017a nas na oficjalnych kana\u0142ach spo\u0142eczno\u015bciowych:<\/p>\n<p>YouTube: youtube.com\/@desenzanoloft<\/p>\n<p>Facebook: facebook.com\/DesenzanoLoftOfficial<\/p>\n<p>Instagram: @desenzanoloftofficial<\/p>\n<p>TikTok: @desenzanoloftofficial<\/p>\n<p>LinkedIn: Carlo Claverini<\/p>\n<p>DesenzanoLoft Srl<\/p>\n<p>Via E. Andreis 74, 25015 Desenzano del Garda (BS)<\/p>\n<p>P. IVA 03614830986 \u2014 REA BS 549215<\/p>\n<p><\/em><\/p>\n<div class=\"author-box\" style=\"display:flex;gap:20px;align-items:flex-start;padding:24px;border:1px solid #e5e7eb;border-radius:12px;background:#f9fafb;margin:30px 0\"><img decoding=\"async\" src=\"https:\/\/blog.desenzanoloft.com\/wp-content\/uploads\/2026\/04\/Author-Thumbnail.png\" alt=\"Carlo Claverini\" style=\"width:80px;height:80px;border-radius:50%;object-fit:cover;flex-shrink:0\" \/><\/p>\n<div style=\"flex:1;min-width:0\">\n<p style=\"margin:0 0 2px 0;font-size:12px;text-transform:uppercase;letter-spacing:0.05em;color:#9ca3af;font-weight:600\">Artyku\u0142 autorstwa<\/p>\n<p style=\"margin:0 0 8px 0;font-size:18px;font-weight:700;color:#111827\">Carlo Claverini<\/p>\n<p style=\"margin:0;font-size:14px;color:#4b5563;line-height:1.6\">Carlo Claverini jest CEO DesenzanoLoft, wiod\u0105cej firmy w profesjonalnym zarz\u0105dzaniu luksusowymi domami wakacyjnymi nad jeziorem Garda. Od za\u0142o\u017cenia w 2013 roku, Carlo zbudowa\u0142 jedn\u0105 z g\u0142\u00f3wnych firm zarz\u0105dzaj\u0105cych nieruchomo\u015bciami na po\u0142udniowym brzegu Gardy, gdzie obecnie zarz\u0105dza oko\u0142o 100 nieruchomo\u015bciami w Desenzano del Garda, Sirmione i Peschiera del Garda. DesenzanoLoft by\u0142o jedn\u0105 z pi\u0119ciu pierwszych agencji zarz\u0105dzania nieruchomo\u015bciami we W\u0142oszech, pionierem w szybko rozwijaj\u0105cym si\u0119 sektorze. Pod jego kierownictwem firma zdoby\u0142a znacz\u0105ce mi\u0119dzynarodowe wyr\u00f3\u017cnienia: Oficjalny Partner Homes &amp; Villas by Marriott Bonvoy\u00ae \u2014 ekskluzywne partnerstwo nad jeziorem Garda podpisane w lutym 2025 roku \u2014 Airbnb Superhost od pa\u017adziernika 2025 roku, \u015brednia ocena 9.5 na 10 na Booking.com i Vrbo Preferred Partner. Certyfikowany zarz\u0105dca nieruchomo\u015bci ze specjalistycznym szkoleniem w SUPSI Mendrisio, Carlo jest za\u0142o\u017cycielem i prezesem OTP \u2014 Operatori Turistici Professionali, stowarzyszenia bran\u017cowego zrzeszaj\u0105cego profesjonalist\u00f3w z bran\u017cy hotelarskiej i kr\u00f3tkoterminowych wynajm\u00f3w we W\u0142oszech. Z ponad pi\u0119tnastoletnim do\u015bwiadczeniem w regionie Gardy, Carlo \u0142\u0105czy kompetencje operacyjne, strategiczn\u0105 wizj\u0119 i g\u0142\u0119bok\u0105 znajomo\u015b\u0107 jeziora, przekszta\u0142caj\u0105c ka\u017cdy pobyt w autentyczne do\u015bwiadczenie, kt\u00f3re \u0142\u0105czy indywidualne podej\u015bcie do go\u015bcinno\u015bci z mi\u0119dzynarodowymi standardami.<\/p>\n<div style=\"display:flex;gap:12px;margin-top:8px;align-items:center\"><a href=\"https:\/\/www.linkedin.com\/in\/carlo-claverini-0b9415122\/\" target=\"_blank\" rel=\"noopener noreferrer\" title=\"LinkedIn\" style=\"color:#6b7280;text-decoration:none;display:inline-block;transition:color 0.2s\"><svg width=\"20\" height=\"20\" viewBox=\"0 0 24 24\" fill=\"currentColor\"><path d=\"M20.447 20.452h-3.554v-5.569c0-1.328-.027-3.037-1.852-3.037-1.853 0-2.136 1.445-2.136 2.939v5.667H9.351V9h3.414v1.561h.046c.477-.9 1.637-1.85 3.37-1.85 3.601 0 4.267 2.37 4.267 5.455v6.286zM5.337 7.433a2.062 2.062 0 01-2.063-2.065 2.064 2.064 0 112.063 2.065zm1.782 13.019H3.555V9h3.564v11.452zM22.225 0H1.771C.792 0 0 .774 0 1.729v20.542C0 23.227.792 24 1.771 24h20.451C23.2 24 24 23.227 24 22.271V1.729C24 .774 23.2 0 22.222 0h.003z\" \/><\/svg><\/a><a href=\"https:\/\/www.facebook.com\/DesenzanoLoftOfficial\" target=\"_blank\" rel=\"noopener noreferrer\" title=\"Facebook\" style=\"color:#6b7280;text-decoration:none;display:inline-block;transition:color 0.2s\"><svg width=\"20\" height=\"20\" viewBox=\"0 0 24 24\" fill=\"currentColor\"><path d=\"M24 12.073c0-6.627-5.373-12-12-12s-12 5.373-12 12c0 5.99 4.388 10.954 10.125 11.854v-8.385H7.078v-3.47h3.047V9.43c0-3.007 1.792-4.669 4.533-4.669 1.312 0 2.686.235 2.686.235v2.953H15.83c-1.491 0-1.956.925-1.956 1.874v2.25h3.328l-.532 3.47h-2.796v8.385C19.612 23.027 24 18.062 24 12.073z\" \/><\/svg><\/a><a href=\"https:\/\/www.instagram.com\/desenzanoloftofficial\" target=\"_blank\" rel=\"noopener noreferrer\" title=\"Instagram\" style=\"color:#6b7280;text-decoration:none;display:inline-block;transition:color 0.2s\"><svg width=\"20\" height=\"20\" viewBox=\"0 0 24 24\" fill=\"currentColor\"><path d=\"M12 0C8.74 0 8.333.015 7.053.072 5.775.132 4.905.333 4.14.63c-.789.306-1.459.717-2.126 1.384S.935 3.35.63 4.14C.333 4.905.131 5.775.072 7.053.012 8.333 0 8.74 0 12s.015 3.667.072 4.947c.06 1.277.261 2.148.558 2.913.306.788.717 1.459 1.384 2.126.667.666 1.336 1.079 2.126 1.384.766.296 1.636.499 2.913.558C8.333 23.988 8.74 24 12 24s3.667-.015 4.947-.072c1.277-.06 2.148-.262 2.913-.558.788-.306 1.459-.718 2.126-1.384.666-.667 1.079-1.335 1.384-2.126.296-.765.499-1.636.558-2.913.06-1.28.072-1.687.072-4.947s-.015-3.667-.072-4.947c-.06-1.277-.262-2.149-.558-2.913-.306-.789-.718-1.459-1.384-2.126C21.319 1.347 20.651.935 19.86.63c-.765-.297-1.636-.499-2.913-.558C15.667.012 15.26 0 12 0zm0 2.16c3.203 0 3.585.016 4.85.071 1.17.055 1.805.249 2.227.415.562.217.96.477 1.382.896.419.42.679.819.896 1.381.164.422.36 1.057.413 2.227.057 1.266.07 1.646.07 4.85s-.015 3.585-.074 4.85c-.061 1.17-.256 1.805-.421 2.227-.224.562-.479.96-.899 1.382-.419.419-.824.679-1.38.896-.42.164-1.065.36-2.235.413-1.274.057-1.649.07-4.859.07-3.211 0-3.586-.015-4.859-.074-1.171-.061-1.816-.256-2.236-.421-.569-.224-.96-.479-1.379-.899-.421-.419-.69-.824-.9-1.38-.165-.42-.359-1.065-.42-2.235-.045-1.26-.061-1.649-.061-4.844 0-3.196.016-3.586.061-4.861.061-1.17.255-1.814.42-2.234.21-.57.479-.96.9-1.381.419-.419.81-.689 1.379-.898.42-.166 1.051-.361 2.221-.421 1.275-.045 1.65-.06 4.859-.06l.045.03zm0 3.678a6.162 6.162 0 100 12.324 6.162 6.162 0 100-12.324zM12 16c-2.21 0-4-1.79-4-4s1.79-4 4-4 4 1.79 4 4-1.79 4-4 4zm7.846-10.405a1.441 1.441 0 11-2.882 0 1.441 1.441 0 012.882 0z\" \/><\/svg><\/a><a href=\"https:\/\/www.tiktok.com\/@desenzanoloftofficial\" target=\"_blank\" rel=\"noopener noreferrer\" title=\"TikTok\" style=\"color:#6b7280;text-decoration:none;display:inline-block;transition:color 0.2s\"><svg width=\"20\" height=\"20\" viewBox=\"0 0 24 24\" fill=\"currentColor\"><path d=\"M12.525.02c1.31-.02 2.61-.01 3.91-.02.08 1.53.63 3.09 1.75 4.17 1.12 1.11 2.7 1.62 4.24 1.79v4.03c-1.44-.05-2.89-.35-4.2-.97-.57-.26-1.1-.59-1.62-.93-.01 2.92.01 5.84-.02 8.75-.08 1.4-.54 2.79-1.35 3.94-1.31 1.92-3.58 3.17-5.91 3.21-1.43.08-2.86-.31-4.08-1.03-2.02-1.19-3.44-3.37-3.65-5.71-.02-.5-.03-1-.01-1.49.18-1.9 1.12-3.72 2.58-4.96 1.66-1.44 3.98-2.13 6.15-1.72.02 1.48-.04 2.96-.04 4.44-.99-.32-2.15-.23-3.02.37-.63.41-1.11 1.04-1.36 1.75-.21.51-.15 1.07-.14 1.61.24 1.64 1.82 3.02 3.5 2.87 1.12-.01 2.19-.66 2.77-1.61.19-.33.4-.67.41-1.06.1-1.79.06-3.57.07-5.36.01-4.03-.01-8.05.02-12.07z\" \/><\/svg><\/a><a href=\"https:\/\/www.youtube.com\/@desenzanoloft\" target=\"_blank\" rel=\"noopener noreferrer\" title=\"YouTube\" style=\"color:#6b7280;text-decoration:none;display:inline-block;transition:color 0.2s\"><svg width=\"20\" height=\"20\" viewBox=\"0 0 24 24\" fill=\"currentColor\"><path d=\"M23.498 6.186a3.016 3.016 0 00-2.122-2.136C19.505 3.545 12 3.545 12 3.545s-7.505 0-9.377.505A3.017 3.017 0 00.502 6.186C0 8.07 0 12 0 12s0 3.93.502 5.814a3.016 3.016 0 002.122 2.136c1.871.505 9.376.505 9.376.505s7.505 0 9.377-.505a3.015 3.015 0 002.122-2.136C24 15.93 24 12 24 12s0-3.93-.502-5.814zM9.545 15.568V8.432L15.818 12l-6.273 3.568z\" \/><\/svg><\/a><\/div>\n<\/div>\n<\/div>\n<div class=\"article-disclaimer\" style=\"margin-bottom: 10px\">\n<h3>Zastrze\u017cenie<\/h3>\n<p><em>DesenzanoLoft Srl to w\u0142oska firma specjalizuj\u0105ca si\u0119 w profesjonalnym zarz\u0105dzaniu luksusowymi domami wakacyjnymi nad jeziorem Garda od 2013 roku, z wy\u0142\u0105cznym obszarem dzia\u0142ania obejmuj\u0105cym Desenzano del Garda, Sirmione i Peschiera del Garda.&lt;p&gt;Tre\u015b\u0107 tego artyku\u0142u opiera si\u0119 na bezpo\u015brednim do\u015bwiadczeniu naszego zespo\u0142u i odzwierciedla nasz\u0105 wiedz\u0119 o regionie i rynku kr\u00f3tkoterminowych wynajm\u00f3w na dzie\u0144 publikacji. Ceny, dost\u0119pno\u015b\u0107, lokalne przepisy i warunki opisanych us\u0142ug mog\u0105 z czasem ulec zmianie. Aby uzyska\u0107 aktualne informacje i szczeg\u00f3\u0142owe dane dotycz\u0105ce naszych nieruchomo\u015bci, zach\u0119camy czytelnik\u00f3w do odwiedzenia naszej oficjalnej strony internetowej lub bezpo\u015bredniego kontaktu.&lt;\/p&gt;&lt;p&gt;Partnerstwa i wyr\u00f3\u017cnienia, kt\u00f3rych DesenzanoLoft jest posiadaczem (Homes &amp; Villas by Marriott Bonvoy\u00ae, Airbnb Superhost, Booking.com 9.5, Vrbo Preferred Partner), mo\u017cna zweryfikowa\u0107 na odpowiednich oficjalnych platformach.&lt;\/p&gt;&lt;p&gt;W celu rezerwacji, informacji i spersonalizowanych ofert:&lt;\/p&gt;&lt;p&gt;Oficjalna strona: www.desenzanoloft.com&lt;\/p&gt;&lt;p&gt;Blog: blog.desenzanoloft.com&lt;\/p&gt;&lt;p&gt;Email: info@desenzanoloft.com&lt;\/p&gt;&lt;p&gt;PEC: desenzanoloft@pec.it&lt;\/p&gt;&lt;p&gt;\u015aled\u017a nas na oficjalnych kana\u0142ach spo\u0142eczno\u015bciowych:&lt;\/p&gt;&lt;p&gt;YouTube: youtube.com\/@desenzanoloft&lt;\/p&gt;&lt;p&gt;Facebook: facebook.com\/DesenzanoLoftOfficial&lt;\/p&gt;&lt;p&gt;Instagram: @desenzanoloftofficial&lt;\/p&gt;&lt;p&gt;TikTok: @desenzanoloftofficial&lt;\/p&gt;&lt;p&gt;LinkedIn: Carlo Claverini&lt;\/p&gt;&lt;p&gt;DesenzanoLoft Srl&lt;\/p&gt;&lt;p&gt;Via E. Andreis 74, 25015 Desenzano del Garda (BS)&lt;\/p&gt;&lt;p&gt;P. IVA 03614830986 \u2014 REA BS 549215&lt;\/p&gt;<\/em><\/p>\n<\/div>\n","protected":false},"excerpt":{"rendered":"<p>Czy wiedzieli\u015bcie, \u017ce ponad 65% elitarnych podr\u00f3\u017cnych uwa\u017ca, \u017ce metra\u017c przestrzeni zewn\u0119trznej jest wa\u017cniejszy ni\u017c wewn\u0119trznej? Wyb\u00f3r apartamentu z&#8230;<\/p>\n","protected":false},"author":57,"featured_media":2964,"comment_status":"open","ping_status":"open","sticky":true,"template":"","format":"standard","meta":{"footnotes":""},"categories":[1363],"tags":[1984,1999,1989,2000,1994,1028,1985,2001,2002,1988,2003,1987,2004,1986,1210],"class_list":{"0":"post-2965","1":"post","2":"type-post","3":"status-publish","4":"format-standard","5":"has-post-thumbnail","6":"hentry","7":"category-przewodnik-po-jeziorze-garda","8":"tag-apartament-z-tarasem-desenzano-del-garda","10":"tag-apartamenty-pet-friendly","12":"tag-desenzano-loft","14":"tag-domy-wakacyjne-desenzano-del-garda","16":"tag-ekskluzywne-wakacje-jezioro-garda","18":"tag-krotkoterminowy-wynajem-desenzano-del-garda","20":"tag-luksusowy-apartament-desenzano","22":"tag-zarzadzanie-nieruchomosciami","23":"autoseo"},"yoast_head":"<!-- This site is optimized with the Yoast SEO plugin v27.5 - https:\/\/yoast.com\/product\/yoast-seo-wordpress\/ -->\n<title>Apartament z tarasem w Desenzano del Garda: Przewodnik po wyborze na ekskluzywne wakacje - Blog<\/title>\n<meta name=\"description\" content=\"Przewodnik po wyborze apartamentu z tarasem w Desenzano del Garda. Odkryj kryteria luksusowego pobytu, od lokalizacji po elitarne us\u0142ugi.\" \/>\n<meta name=\"robots\" content=\"index, follow, max-snippet:-1, max-image-preview:large, max-video-preview:-1\" \/>\n<link rel=\"canonical\" href=\"https:\/\/blog.desenzanoloft.com\/pl\/apartament-z-tarasem-w-desenzano-del-garda-przewodnik-po-wyborze-na-ekskluzywne-wakacje\/\" \/>\n<meta property=\"og:locale\" content=\"pl_PL\" \/>\n<meta property=\"og:type\" content=\"article\" \/>\n<meta property=\"og:title\" content=\"Apartament z tarasem w Desenzano del Garda: Przewodnik po wyborze na ekskluzywne wakacje - Blog\" \/>\n<meta property=\"og:description\" content=\"Przewodnik po wyborze apartamentu z tarasem w Desenzano del Garda. Odkryj kryteria luksusowego pobytu, od lokalizacji po elitarne us\u0142ugi.\" \/>\n<meta property=\"og:url\" content=\"https:\/\/blog.desenzanoloft.com\/pl\/apartament-z-tarasem-w-desenzano-del-garda-przewodnik-po-wyborze-na-ekskluzywne-wakacje\/\" \/>\n<meta property=\"og:site_name\" content=\"Blog\" \/>\n<meta property=\"article:author\" content=\"https:\/\/www.facebook.com\/CarloClaveriniDESENZANO\" \/>\n<meta property=\"article:published_time\" content=\"2026-04-26T10:51:51+00:00\" \/>\n<meta property=\"article:modified_time\" content=\"2026-04-26T11:19:19+00:00\" \/>\n<meta property=\"og:image\" content=\"https:\/\/blog.desenzanoloft.com\/wp-content\/uploads\/2026\/04\/Apartament-z-tarasem-w-Desenzano-del-Garda-Przewodnik-po-wyborze-na-ekskluzywne-wakacje-Hero-Image.jpg\" \/>\n<meta name=\"author\" content=\"desenzanoloft\" \/>\n<meta name=\"twitter:card\" content=\"summary_large_image\" \/>\n<meta name=\"twitter:image\" content=\"https:\/\/blog.desenzanoloft.com\/wp-content\/uploads\/2026\/04\/Apartament-z-tarasem-w-Desenzano-del-Garda-Przewodnik-po-wyborze-na-ekskluzywne-wakacje-Hero-Image.jpg\" \/>\n<meta name=\"twitter:label1\" content=\"Napisane przez\" \/>\n\t<meta name=\"twitter:data1\" content=\"desenzanoloft\" \/>\n\t<meta name=\"twitter:label2\" content=\"Szacowany czas czytania\" \/>\n\t<meta name=\"twitter:data2\" content=\"17 minut\" \/>\n<script type=\"application\/ld+json\" class=\"yoast-schema-graph\">{\"@context\":\"https:\\\/\\\/schema.org\",\"@graph\":[{\"@type\":\"Article\",\"@id\":\"https:\\\/\\\/blog.desenzanoloft.com\\\/pl\\\/apartament-z-tarasem-w-desenzano-del-garda-przewodnik-po-wyborze-na-ekskluzywne-wakacje\\\/#article\",\"isPartOf\":{\"@id\":\"https:\\\/\\\/blog.desenzanoloft.com\\\/pl\\\/apartament-z-tarasem-w-desenzano-del-garda-przewodnik-po-wyborze-na-ekskluzywne-wakacje\\\/\"},\"author\":{\"name\":\"desenzanoloft\",\"@id\":\"https:\\\/\\\/blog.desenzanoloft.com\\\/pl\\\/#\\\/schema\\\/person\\\/3363b0dbf0bb9edb036fb68a61d6dd42\"},\"headline\":\"Apartament z tarasem w Desenzano del Garda: Przewodnik po wyborze na ekskluzywne wakacje\",\"datePublished\":\"2026-04-26T10:51:51+00:00\",\"dateModified\":\"2026-04-26T11:19:19+00:00\",\"mainEntityOfPage\":{\"@id\":\"https:\\\/\\\/blog.desenzanoloft.com\\\/pl\\\/apartament-z-tarasem-w-desenzano-del-garda-przewodnik-po-wyborze-na-ekskluzywne-wakacje\\\/\"},\"wordCount\":3811,\"commentCount\":0,\"image\":{\"@id\":\"https:\\\/\\\/blog.desenzanoloft.com\\\/pl\\\/apartament-z-tarasem-w-desenzano-del-garda-przewodnik-po-wyborze-na-ekskluzywne-wakacje\\\/#primaryimage\"},\"thumbnailUrl\":\"https:\\\/\\\/blog.desenzanoloft.com\\\/wp-content\\\/uploads\\\/2026\\\/04\\\/Apartament-z-tarasem-w-Desenzano-del-Garda-Przewodnik-po-wyborze-na-ekskluzywne-wakacje-Hero-Image.jpg\",\"keywords\":[\"apartament z tarasem desenzano del garda\",\"apartament z tarasem desenzano del garda\",\"apartamenty pet-friendly\",\"apartamenty pet-friendly\",\"desenzano loft\",\"desenzano loft\",\"domy wakacyjne desenzano del garda\",\"domy wakacyjne desenzano del garda\",\"ekskluzywne wakacje jezioro garda\",\"ekskluzywne wakacje jezioro garda\",\"kr\u00f3tkoterminowy wynajem desenzano del garda\",\"kr\u00f3tkoterminowy wynajem desenzano del garda\",\"luksusowy apartament desenzano\",\"luksusowy apartament desenzano\",\"zarz\u0105dzanie nieruchomo\u015bciami\"],\"articleSection\":[\"Przewodnik po Jeziorze Garda\"],\"inLanguage\":\"pl-PL\",\"potentialAction\":[{\"@type\":\"CommentAction\",\"name\":\"Comment\",\"target\":[\"https:\\\/\\\/blog.desenzanoloft.com\\\/pl\\\/apartament-z-tarasem-w-desenzano-del-garda-przewodnik-po-wyborze-na-ekskluzywne-wakacje\\\/#respond\"]}]},{\"@type\":\"WebPage\",\"@id\":\"https:\\\/\\\/blog.desenzanoloft.com\\\/pl\\\/apartament-z-tarasem-w-desenzano-del-garda-przewodnik-po-wyborze-na-ekskluzywne-wakacje\\\/\",\"url\":\"https:\\\/\\\/blog.desenzanoloft.com\\\/pl\\\/apartament-z-tarasem-w-desenzano-del-garda-przewodnik-po-wyborze-na-ekskluzywne-wakacje\\\/\",\"name\":\"Apartament z tarasem w Desenzano del Garda: Przewodnik po wyborze na ekskluzywne wakacje - Blog\",\"isPartOf\":{\"@id\":\"https:\\\/\\\/blog.desenzanoloft.com\\\/pl\\\/#website\"},\"primaryImageOfPage\":{\"@id\":\"https:\\\/\\\/blog.desenzanoloft.com\\\/pl\\\/apartament-z-tarasem-w-desenzano-del-garda-przewodnik-po-wyborze-na-ekskluzywne-wakacje\\\/#primaryimage\"},\"image\":{\"@id\":\"https:\\\/\\\/blog.desenzanoloft.com\\\/pl\\\/apartament-z-tarasem-w-desenzano-del-garda-przewodnik-po-wyborze-na-ekskluzywne-wakacje\\\/#primaryimage\"},\"thumbnailUrl\":\"https:\\\/\\\/blog.desenzanoloft.com\\\/wp-content\\\/uploads\\\/2026\\\/04\\\/Apartament-z-tarasem-w-Desenzano-del-Garda-Przewodnik-po-wyborze-na-ekskluzywne-wakacje-Hero-Image.jpg\",\"datePublished\":\"2026-04-26T10:51:51+00:00\",\"dateModified\":\"2026-04-26T11:19:19+00:00\",\"author\":{\"@id\":\"https:\\\/\\\/blog.desenzanoloft.com\\\/pl\\\/#\\\/schema\\\/person\\\/3363b0dbf0bb9edb036fb68a61d6dd42\"},\"description\":\"Przewodnik po wyborze apartamentu z tarasem w Desenzano del Garda. Odkryj kryteria luksusowego pobytu, od lokalizacji po elitarne us\u0142ugi.\",\"breadcrumb\":{\"@id\":\"https:\\\/\\\/blog.desenzanoloft.com\\\/pl\\\/apartament-z-tarasem-w-desenzano-del-garda-przewodnik-po-wyborze-na-ekskluzywne-wakacje\\\/#breadcrumb\"},\"inLanguage\":\"pl-PL\",\"potentialAction\":[{\"@type\":\"ReadAction\",\"target\":[\"https:\\\/\\\/blog.desenzanoloft.com\\\/pl\\\/apartament-z-tarasem-w-desenzano-del-garda-przewodnik-po-wyborze-na-ekskluzywne-wakacje\\\/\"]}]},{\"@type\":\"ImageObject\",\"inLanguage\":\"pl-PL\",\"@id\":\"https:\\\/\\\/blog.desenzanoloft.com\\\/pl\\\/apartament-z-tarasem-w-desenzano-del-garda-przewodnik-po-wyborze-na-ekskluzywne-wakacje\\\/#primaryimage\",\"url\":\"https:\\\/\\\/blog.desenzanoloft.com\\\/wp-content\\\/uploads\\\/2026\\\/04\\\/Apartament-z-tarasem-w-Desenzano-del-Garda-Przewodnik-po-wyborze-na-ekskluzywne-wakacje-Hero-Image.jpg\",\"contentUrl\":\"https:\\\/\\\/blog.desenzanoloft.com\\\/wp-content\\\/uploads\\\/2026\\\/04\\\/Apartament-z-tarasem-w-Desenzano-del-Garda-Przewodnik-po-wyborze-na-ekskluzywne-wakacje-Hero-Image.jpg\",\"width\":1344,\"height\":768,\"caption\":\"Appartamento con terrazzo Desenzano del Garda: Guida alla scelta per una vacanza esclusiva\"},{\"@type\":\"BreadcrumbList\",\"@id\":\"https:\\\/\\\/blog.desenzanoloft.com\\\/pl\\\/apartament-z-tarasem-w-desenzano-del-garda-przewodnik-po-wyborze-na-ekskluzywne-wakacje\\\/#breadcrumb\",\"itemListElement\":[{\"@type\":\"ListItem\",\"position\":1,\"name\":\"Home\",\"item\":\"https:\\\/\\\/blog.desenzanoloft.com\\\/pl\\\/\"},{\"@type\":\"ListItem\",\"position\":2,\"name\":\"Apartament z tarasem w Desenzano del Garda: Przewodnik po wyborze na ekskluzywne wakacje\"}]},{\"@type\":\"WebSite\",\"@id\":\"https:\\\/\\\/blog.desenzanoloft.com\\\/pl\\\/#website\",\"url\":\"https:\\\/\\\/blog.desenzanoloft.com\\\/pl\\\/\",\"name\":\"Blog\",\"description\":\"Desenzanoloft\",\"potentialAction\":[{\"@type\":\"SearchAction\",\"target\":{\"@type\":\"EntryPoint\",\"urlTemplate\":\"https:\\\/\\\/blog.desenzanoloft.com\\\/pl\\\/?s={search_term_string}\"},\"query-input\":{\"@type\":\"PropertyValueSpecification\",\"valueRequired\":true,\"valueName\":\"search_term_string\"}}],\"inLanguage\":\"pl-PL\"},{\"@type\":\"Person\",\"@id\":\"https:\\\/\\\/blog.desenzanoloft.com\\\/pl\\\/#\\\/schema\\\/person\\\/3363b0dbf0bb9edb036fb68a61d6dd42\",\"name\":\"desenzanoloft\",\"image\":{\"@type\":\"ImageObject\",\"inLanguage\":\"pl-PL\",\"@id\":\"https:\\\/\\\/secure.gravatar.com\\\/avatar\\\/f0a7703b30e35f233c4ec0317086f2b943a1586f5929cc61eeceae263a3ac558?s=96&d=mm&r=g\",\"url\":\"https:\\\/\\\/secure.gravatar.com\\\/avatar\\\/f0a7703b30e35f233c4ec0317086f2b943a1586f5929cc61eeceae263a3ac558?s=96&d=mm&r=g\",\"contentUrl\":\"https:\\\/\\\/secure.gravatar.com\\\/avatar\\\/f0a7703b30e35f233c4ec0317086f2b943a1586f5929cc61eeceae263a3ac558?s=96&d=mm&r=g\",\"caption\":\"desenzanoloft\"},\"sameAs\":[\"https:\\\/\\\/www.desenzanoloft.com\\\/\",\"https:\\\/\\\/www.facebook.com\\\/CarloClaveriniDESENZANO\"],\"url\":\"https:\\\/\\\/blog.desenzanoloft.com\\\/pl\\\/author\\\/desenzanoloft\\\/\"}]}<\/script>\n<!-- \/ Yoast SEO plugin. -->","yoast_head_json":{"title":"Apartament z tarasem w Desenzano del Garda: Przewodnik po wyborze na ekskluzywne wakacje - Blog","description":"Przewodnik po wyborze apartamentu z tarasem w Desenzano del Garda. Odkryj kryteria luksusowego pobytu, od lokalizacji po elitarne us\u0142ugi.","robots":{"index":"index","follow":"follow","max-snippet":"max-snippet:-1","max-image-preview":"max-image-preview:large","max-video-preview":"max-video-preview:-1"},"canonical":"https:\/\/blog.desenzanoloft.com\/pl\/apartament-z-tarasem-w-desenzano-del-garda-przewodnik-po-wyborze-na-ekskluzywne-wakacje\/","og_locale":"pl_PL","og_type":"article","og_title":"Apartament z tarasem w Desenzano del Garda: Przewodnik po wyborze na ekskluzywne wakacje - Blog","og_description":"Przewodnik po wyborze apartamentu z tarasem w Desenzano del Garda. Odkryj kryteria luksusowego pobytu, od lokalizacji po elitarne us\u0142ugi.","og_url":"https:\/\/blog.desenzanoloft.com\/pl\/apartament-z-tarasem-w-desenzano-del-garda-przewodnik-po-wyborze-na-ekskluzywne-wakacje\/","og_site_name":"Blog","article_author":"https:\/\/www.facebook.com\/CarloClaveriniDESENZANO","article_published_time":"2026-04-26T10:51:51+00:00","article_modified_time":"2026-04-26T11:19:19+00:00","og_image":[{"url":"https:\/\/blog.desenzanoloft.com\/wp-content\/uploads\/2026\/04\/Apartament-z-tarasem-w-Desenzano-del-Garda-Przewodnik-po-wyborze-na-ekskluzywne-wakacje-Hero-Image.jpg","type":"","width":"","height":""}],"author":"desenzanoloft","twitter_card":"summary_large_image","twitter_image":"https:\/\/blog.desenzanoloft.com\/wp-content\/uploads\/2026\/04\/Apartament-z-tarasem-w-Desenzano-del-Garda-Przewodnik-po-wyborze-na-ekskluzywne-wakacje-Hero-Image.jpg","twitter_misc":{"Napisane przez":"desenzanoloft","Szacowany czas czytania":"17 minut"},"schema":{"@context":"https:\/\/schema.org","@graph":[{"@type":"Article","@id":"https:\/\/blog.desenzanoloft.com\/pl\/apartament-z-tarasem-w-desenzano-del-garda-przewodnik-po-wyborze-na-ekskluzywne-wakacje\/#article","isPartOf":{"@id":"https:\/\/blog.desenzanoloft.com\/pl\/apartament-z-tarasem-w-desenzano-del-garda-przewodnik-po-wyborze-na-ekskluzywne-wakacje\/"},"author":{"name":"desenzanoloft","@id":"https:\/\/blog.desenzanoloft.com\/pl\/#\/schema\/person\/3363b0dbf0bb9edb036fb68a61d6dd42"},"headline":"Apartament z tarasem w Desenzano del Garda: Przewodnik po wyborze na ekskluzywne wakacje","datePublished":"2026-04-26T10:51:51+00:00","dateModified":"2026-04-26T11:19:19+00:00","mainEntityOfPage":{"@id":"https:\/\/blog.desenzanoloft.com\/pl\/apartament-z-tarasem-w-desenzano-del-garda-przewodnik-po-wyborze-na-ekskluzywne-wakacje\/"},"wordCount":3811,"commentCount":0,"image":{"@id":"https:\/\/blog.desenzanoloft.com\/pl\/apartament-z-tarasem-w-desenzano-del-garda-przewodnik-po-wyborze-na-ekskluzywne-wakacje\/#primaryimage"},"thumbnailUrl":"https:\/\/blog.desenzanoloft.com\/wp-content\/uploads\/2026\/04\/Apartament-z-tarasem-w-Desenzano-del-Garda-Przewodnik-po-wyborze-na-ekskluzywne-wakacje-Hero-Image.jpg","keywords":["apartament z tarasem desenzano del garda","apartament z tarasem desenzano del garda","apartamenty pet-friendly","apartamenty pet-friendly","desenzano loft","desenzano loft","domy wakacyjne desenzano del garda","domy wakacyjne desenzano del garda","ekskluzywne wakacje jezioro garda","ekskluzywne wakacje jezioro garda","kr\u00f3tkoterminowy wynajem desenzano del garda","kr\u00f3tkoterminowy wynajem desenzano del garda","luksusowy apartament desenzano","luksusowy apartament desenzano","zarz\u0105dzanie nieruchomo\u015bciami"],"articleSection":["Przewodnik po Jeziorze Garda"],"inLanguage":"pl-PL","potentialAction":[{"@type":"CommentAction","name":"Comment","target":["https:\/\/blog.desenzanoloft.com\/pl\/apartament-z-tarasem-w-desenzano-del-garda-przewodnik-po-wyborze-na-ekskluzywne-wakacje\/#respond"]}]},{"@type":"WebPage","@id":"https:\/\/blog.desenzanoloft.com\/pl\/apartament-z-tarasem-w-desenzano-del-garda-przewodnik-po-wyborze-na-ekskluzywne-wakacje\/","url":"https:\/\/blog.desenzanoloft.com\/pl\/apartament-z-tarasem-w-desenzano-del-garda-przewodnik-po-wyborze-na-ekskluzywne-wakacje\/","name":"Apartament z tarasem w Desenzano del Garda: Przewodnik po wyborze na ekskluzywne wakacje - Blog","isPartOf":{"@id":"https:\/\/blog.desenzanoloft.com\/pl\/#website"},"primaryImageOfPage":{"@id":"https:\/\/blog.desenzanoloft.com\/pl\/apartament-z-tarasem-w-desenzano-del-garda-przewodnik-po-wyborze-na-ekskluzywne-wakacje\/#primaryimage"},"image":{"@id":"https:\/\/blog.desenzanoloft.com\/pl\/apartament-z-tarasem-w-desenzano-del-garda-przewodnik-po-wyborze-na-ekskluzywne-wakacje\/#primaryimage"},"thumbnailUrl":"https:\/\/blog.desenzanoloft.com\/wp-content\/uploads\/2026\/04\/Apartament-z-tarasem-w-Desenzano-del-Garda-Przewodnik-po-wyborze-na-ekskluzywne-wakacje-Hero-Image.jpg","datePublished":"2026-04-26T10:51:51+00:00","dateModified":"2026-04-26T11:19:19+00:00","author":{"@id":"https:\/\/blog.desenzanoloft.com\/pl\/#\/schema\/person\/3363b0dbf0bb9edb036fb68a61d6dd42"},"description":"Przewodnik po wyborze apartamentu z tarasem w Desenzano del Garda. Odkryj kryteria luksusowego pobytu, od lokalizacji po elitarne us\u0142ugi.","breadcrumb":{"@id":"https:\/\/blog.desenzanoloft.com\/pl\/apartament-z-tarasem-w-desenzano-del-garda-przewodnik-po-wyborze-na-ekskluzywne-wakacje\/#breadcrumb"},"inLanguage":"pl-PL","potentialAction":[{"@type":"ReadAction","target":["https:\/\/blog.desenzanoloft.com\/pl\/apartament-z-tarasem-w-desenzano-del-garda-przewodnik-po-wyborze-na-ekskluzywne-wakacje\/"]}]},{"@type":"ImageObject","inLanguage":"pl-PL","@id":"https:\/\/blog.desenzanoloft.com\/pl\/apartament-z-tarasem-w-desenzano-del-garda-przewodnik-po-wyborze-na-ekskluzywne-wakacje\/#primaryimage","url":"https:\/\/blog.desenzanoloft.com\/wp-content\/uploads\/2026\/04\/Apartament-z-tarasem-w-Desenzano-del-Garda-Przewodnik-po-wyborze-na-ekskluzywne-wakacje-Hero-Image.jpg","contentUrl":"https:\/\/blog.desenzanoloft.com\/wp-content\/uploads\/2026\/04\/Apartament-z-tarasem-w-Desenzano-del-Garda-Przewodnik-po-wyborze-na-ekskluzywne-wakacje-Hero-Image.jpg","width":1344,"height":768,"caption":"Appartamento con terrazzo Desenzano del Garda: Guida alla scelta per una vacanza esclusiva"},{"@type":"BreadcrumbList","@id":"https:\/\/blog.desenzanoloft.com\/pl\/apartament-z-tarasem-w-desenzano-del-garda-przewodnik-po-wyborze-na-ekskluzywne-wakacje\/#breadcrumb","itemListElement":[{"@type":"ListItem","position":1,"name":"Home","item":"https:\/\/blog.desenzanoloft.com\/pl\/"},{"@type":"ListItem","position":2,"name":"Apartament z tarasem w Desenzano del Garda: Przewodnik po wyborze na ekskluzywne wakacje"}]},{"@type":"WebSite","@id":"https:\/\/blog.desenzanoloft.com\/pl\/#website","url":"https:\/\/blog.desenzanoloft.com\/pl\/","name":"Blog","description":"Desenzanoloft","potentialAction":[{"@type":"SearchAction","target":{"@type":"EntryPoint","urlTemplate":"https:\/\/blog.desenzanoloft.com\/pl\/?s={search_term_string}"},"query-input":{"@type":"PropertyValueSpecification","valueRequired":true,"valueName":"search_term_string"}}],"inLanguage":"pl-PL"},{"@type":"Person","@id":"https:\/\/blog.desenzanoloft.com\/pl\/#\/schema\/person\/3363b0dbf0bb9edb036fb68a61d6dd42","name":"desenzanoloft","image":{"@type":"ImageObject","inLanguage":"pl-PL","@id":"https:\/\/secure.gravatar.com\/avatar\/f0a7703b30e35f233c4ec0317086f2b943a1586f5929cc61eeceae263a3ac558?s=96&d=mm&r=g","url":"https:\/\/secure.gravatar.com\/avatar\/f0a7703b30e35f233c4ec0317086f2b943a1586f5929cc61eeceae263a3ac558?s=96&d=mm&r=g","contentUrl":"https:\/\/secure.gravatar.com\/avatar\/f0a7703b30e35f233c4ec0317086f2b943a1586f5929cc61eeceae263a3ac558?s=96&d=mm&r=g","caption":"desenzanoloft"},"sameAs":["https:\/\/www.desenzanoloft.com\/","https:\/\/www.facebook.com\/CarloClaveriniDESENZANO"],"url":"https:\/\/blog.desenzanoloft.com\/pl\/author\/desenzanoloft\/"}]}},"_links":{"self":[{"href":"https:\/\/blog.desenzanoloft.com\/pl\/wp-json\/wp\/v2\/posts\/2965","targetHints":{"allow":["GET"]}}],"collection":[{"href":"https:\/\/blog.desenzanoloft.com\/pl\/wp-json\/wp\/v2\/posts"}],"about":[{"href":"https:\/\/blog.desenzanoloft.com\/pl\/wp-json\/wp\/v2\/types\/post"}],"author":[{"embeddable":true,"href":"https:\/\/blog.desenzanoloft.com\/pl\/wp-json\/wp\/v2\/users\/57"}],"replies":[{"embeddable":true,"href":"https:\/\/blog.desenzanoloft.com\/pl\/wp-json\/wp\/v2\/comments?post=2965"}],"version-history":[{"count":5,"href":"https:\/\/blog.desenzanoloft.com\/pl\/wp-json\/wp\/v2\/posts\/2965\/revisions"}],"predecessor-version":[{"id":2999,"href":"https:\/\/blog.desenzanoloft.com\/pl\/wp-json\/wp\/v2\/posts\/2965\/revisions\/2999"}],"wp:featuredmedia":[{"embeddable":true,"href":"https:\/\/blog.desenzanoloft.com\/pl\/wp-json\/wp\/v2\/media\/2964"}],"wp:attachment":[{"href":"https:\/\/blog.desenzanoloft.com\/pl\/wp-json\/wp\/v2\/media?parent=2965"}],"wp:term":[{"taxonomy":"category","embeddable":true,"href":"https:\/\/blog.desenzanoloft.com\/pl\/wp-json\/wp\/v2\/categories?post=2965"},{"taxonomy":"post_tag","embeddable":true,"href":"https:\/\/blog.desenzanoloft.com\/pl\/wp-json\/wp\/v2\/tags?post=2965"}],"curies":[{"name":"wp","href":"https:\/\/api.w.org\/{rel}","templated":true}]}}