{"id":2437,"date":"2026-04-04T13:53:36","date_gmt":"2026-04-04T13:53:36","guid":{"rendered":"https:\/\/blog.desenzanoloft.com\/?p=2437"},"modified":"2026-04-04T13:55:00","modified_gmt":"2026-04-04T13:55:00","slug":"jezioro-como-czy-jezioro-garda","status":"publish","type":"post","link":"https:\/\/blog.desenzanoloft.com\/pl\/jezioro-como-czy-jezioro-garda\/","title":{"rendered":"Jezioro Como czy Jezioro Garda: Kt\u00f3ry W\u0142oski Klejnot Pasuje do Twoich Wakacji 2026?"},"content":{"rendered":"<p>Wyobra\u017a sobie, \u017ce stoisz na s\u0142onecznym tarasie w czerwcu 2026 roku, tylko po to, by u\u015bwiadomi\u0107 sobie, \u017ce odosobniony romantyczny azyl, kt\u00f3ry sobie wymarzy\u0142e\u015b, to tak naprawd\u0119 logistyczna \u0142amig\u0142\u00f3wka z\u0142o\u017cona ze skomplikowanych rozk\u0142ad\u00f3w prom\u00f3w i stromych kamiennych schod\u00f3w. To cicha frustracja, kt\u00f3r\u0105 dzieli prawie 35% podr\u00f3\u017cnych traktuj\u0105cych decyzj\u0119 <strong>jezioro Como czy jezioro Garda<\/strong> jak prosty rzut monet\u0105. Ci\u0119\u017cko pracowa\u0142e\u015b na ten wypoczynek; nie powiniene\u015b godzi\u0107 si\u0119 na niestabiln\u0105 jako\u015b\u0107 zakwaterowania ani stres zwi\u0105zany z trudnymi trasami dojazdu podczas cennego czasu wolnego.<\/p>\n<p>Rozumiemy, \u017ce prawdziwe luksusowe wakacje to co\u015b wi\u0119cej ni\u017c s\u0142ynny widok; to bezwysi\u0142kowy, wyrafinowany rytm Twojej codzienno\u015bci. To wyszukane por\u00f3wnanie pomo\u017ce Ci wybra\u0107 mi\u0119dzy dramatycznymi, pionowymi szczytami Como a t\u0119tni\u0105cym \u017cyciem \u015br\u00f3dziemnomorskim stylem \u017cycia na po\u0142udniowym brzegu Jeziora Garda. Odkryjesz dok\u0142adnie, kt\u00f3ry krajobraz pasuje do Twojego osobistego stylu, upewniaj\u0105c si\u0119, \u017ce Twoja rezerwacja na 2026 rok b\u0119dzie obietnic\u0105 absolutnego relaksu, a nie seri\u0105 kompromis\u00f3w. Przeprowadzimy Ci\u0119 przez praktyczne aspekty podr\u00f3\u017cy, realia lokalnych t\u0142um\u00f3w i specyficzny urok naszych starannie wybranych loft\u00f3w, daj\u0105c Ci pe\u0142ne przekonanie o nadchodz\u0105cej w\u0142oskiej podr\u00f3\u017cy.<\/p>\n<div class=\"key-takeaways\">\n<h2 id=\"key-takeaways\"><a name=\"key-takeaways\"><\/a>Kluczowe Wnioski<\/h2>\n<ul>\n<li>Por\u00f3wnaj pionowy alpejski dramat p\u00f3\u0142nocy z rozleg\u0142ym, s\u0142onecznym mikroklimatem \u015br\u00f3dziemnomorskim po\u0142udniowego brzegu Jeziora Garda.<\/li>\n<li>Poznaj ewolucj\u0119 luksusu, por\u00f3wnuj\u0105c historyczny glamour Como z nowoczesnym, wyrafinowanym stylem \u017cycia profesjonalnie zarz\u0105dzanych loft\u00f3w w Desenzano.<\/li>\n<li>Oce\u0144 logistyk\u0119 transportu, aby zrozumie\u0107, dlaczego blisko\u015b\u0107 lotnisk w Weronie i Bergamo daje po\u0142udniowemu Jezioru Garda znacz\u0105c\u0105 przewag\u0119 w zakresie dost\u0119pno\u015bci.<\/li>\n<li>Zyskaj wyszukan\u0105 perspektyw\u0119 na dylemat <strong>jezioro Como czy jezioro Garda<\/strong>, aby okre\u015bli\u0107, kt\u00f3ra destynacja oferuje idealne po\u0142\u0105czenie autentyczno\u015bci i ekskluzywno\u015bci na 2026 rok.<\/li>\n<li>Odkryj, dlaczego t\u0119tni\u0105ca \u017cyciem scena towarzyska i strategiczne po\u0142o\u017cenie czyni\u0105 Jezioro Garda najlepszym wyborem na zr\u00f3\u017cnicowany i bezwysi\u0142kowy w\u0142oski wypoczynek.<\/li>\n<\/ul><\/div>\n<nav class=\"table-of-contents\" aria-label=\"Spis Tre\u015bci\">\n<h2 id=\"table-of-contents\"><a name=\"table-of-contents\"><\/a>Spis Tre\u015bci<\/h2>\n<ul>\n<li><a href=\"#pojedynek-estetyczny-alpejska-pionowosc-vs-srodziemnomorskie-mikroklimaty\">Pojedynek Estetyczny: Alpejska Pionowo\u015b\u0107 vs. \u015ar\u00f3dziemnomorskie Mikroklimaty<\/a><\/li>\n<li><a href=\"#luksusowe-style-zycia-historyczne-wille-vs-nowoczesne-zarzadzane-lofty\">Luksusowe Style \u017bycia: Historyczne Wille vs. Nowoczesne Zarz\u0105dzane Lofty<\/a><\/li>\n<li><a href=\"#logistyka-wypoczynku-dostepnosc-i-strategiczne-polozenie\">Logistyka Wypoczynku: Dost\u0119pno\u015b\u0107 i Strategiczne Po\u0142o\u017cenie<\/a><\/li>\n<li><a href=\"#ostateczny-werdykt-dlaczego-poludniowe-jezioro-garda-wygrywa-w-2026\">Ostateczny Werdykt: Dlaczego Po\u0142udniowe Jezioro Garda Wygrywa w 2026<\/a><\/li>\n<\/ul>\n<\/nav>\n<h2 id=\"pojedynek-estetyczny-alpejska-pionowosc-vs-srodziemnomorskie-mikroklimaty\"><a name=\"pojedynek-estetyczny-alpejska-pionowosc-vs-srodziemnomorskie-mikroklimaty\"><\/a>Pojedynek Estetyczny: Alpejska Pionowo\u015b\u0107 vs. \u015ar\u00f3dziemnomorskie Mikroklimaty<\/h2>\n<p>Wyb\u00f3r mi\u0119dzy <strong>jeziorem Como a jeziorem Garda<\/strong> to decyzja mi\u0119dzy dwiema odmiennymi filozofiami wizualnymi. Jezioro Como to arcydzie\u0142o pionowo\u015bci, gdzie Alpy Retyckie opadaj\u0105 wprost do g\u0142\u0119bokich, kobaltowych w\u00f3d. Jego s\u0142ynny kszta\u0142t litery \u201eY\u201d tworzy w\u0105skie, fiordopodobne odnogi, kt\u00f3re sprzyjaj\u0105 intymnej, niemal tajemniczej atmosferze. <a href=\"https:\/\/pl.wikipedia.org\/wiki\/Jezioro_Como\" target=\"_blank\" rel=\"noopener\">Szczeg\u00f3\u0142owe informacje o Jeziorze Como<\/a> pokazuj\u0105, jak jego lodowcowe pochodzenie ukszta\u0142towa\u0142o te dramatyczne, strome brzegi. Natomiast Jezioro Garda oferuje poczucie bezgranicznej wolno\u015bci. Po\u0142udniowa kotlina rozci\u0105ga si\u0119 w l\u015bni\u0105c\u0105 \u015br\u00f3dziemnomorsk\u0105 r\u00f3wnin\u0119, gdzie horyzont bardziej przypomina morze ni\u017c jezioro \u015br\u00f3dl\u0105dowe. Debata estetyczna <strong>jezioro Como czy jezioro Garda<\/strong> to ostatecznie wyb\u00f3r mi\u0119dzy dramatyzmem a przestrzeni\u0105.<\/p>\n<p>Aby zobaczy\u0107 te zapieraj\u0105ce dech w piersiach r\u00f3\u017cnice przed podr\u00f3\u017c\u0105 w 2026 roku, obejrzyj ten pomocny film:<\/p>\n<div class=\"youtube-embed\" style=\"position: relative;padding-bottom: 56.25%;height: 0;overflow: hidden;max-width: 100%;margin: 1.5em 0\"> <iframe src=\"https:\/\/www.youtube.com\/embed\/H2_Q8U18r0I?rel=0\" title=\"Top 5 w\u0142oskich jezior, Przewodnik Turystyczny\" style=\"position: absolute;top: 0;left: 0;width: 100%;height: 100%;border: 0\" allow=\"accelerometer; autoplay; clipboard-write; encrypted-media; gyroscope; picture-in-picture\" allowfullscreen loading=\"lazy\"> <\/iframe> <\/div>\n<h3>Stroma, Dramatyczna Elegancja Jeziora Como<\/h3>\n<p>Urok Como tkwi w jego arystokratycznej ekskluzywno\u015bci. Miasta takie jak Bellagio i Varenna s\u0105 zbudowane wprost w skale, z stromymi, kr\u0119tymi kamiennymi schodami, kt\u00f3re wymuszaj\u0105 powolne, kontemplacyjne tempo. Poniewa\u017c otaczaj\u0105ce szczyty, takie jak Monte Legnone, osi\u0105gaj\u0105 wysoko\u015b\u0107 2609 metr\u00f3w, s\u0142o\u0144ce cz\u0119sto znika za granitowymi \u015bcianami wczesnym popo\u0142udniem. Tworzy to nastrojowe, romantyczne \u015bwiat\u0142o, kt\u00f3re inspirowa\u0142o artyst\u00f3w przez wieki, cho\u0107 ogranicza z\u0142ot\u0105 godzin\u0119 w por\u00f3wnaniu z jego wschodnim s\u0105siadem. To krajobraz g\u0142\u0119bokich b\u0142\u0119kit\u00f3w i ostrych cieni, gdzie g\u00f3ry zawsze wydaj\u0105 si\u0119 by\u0107 na wyci\u0105gni\u0119cie r\u0119ki.<\/p>\n<h3>S\u0142oneczna Po\u0142udniowa Kotlina Jeziora Garda<\/h3>\n<p>Krajobraz Gardy zmienia si\u0119 dramatycznie, gdy podr\u00f3\u017cujesz na po\u0142udnie w kierunku Desenzano i Sirmione. Tutaj g\u00f3ry ust\u0119puj\u0105, pozwalaj\u0105c rozkwitn\u0105\u0107 unikalnemu mikroklimatowi. To najbardziej na p\u00f3\u0142noc wysuni\u0119ty punkt Europy, gdzie znajdziesz kwitn\u0105ce gaje oliwne i staro\u017cytne limonarie, dzi\u0119ki ogromnej bezw\u0142adno\u015bci termicznej jeziora. \u015awiat\u0142o tutaj jest \u017cywe i z\u0142ote. Poniewa\u017c po\u0142udniowy brzeg jest p\u0142aski i otwarty, cieszy si\u0119 najd\u0142u\u017cszymi dniami w regionie. Zach\u00f3d s\u0142o\u0144ca w Desenzano to nie tylko wydarzenie; to do\u015bwiadczenie zmys\u0142owe, podczas kt\u00f3rego niebo przybiera \u017cywy turkusowy odcie\u0144 nad wod\u0105, a palmy ko\u0142ysz\u0105 si\u0119 na wietrze. Dla podr\u00f3\u017cnych szukaj\u0105cych tej \u015bwietlistej ucieczki, nasze <a href=\"https:\/\/www.desenzanoloft.com\/pl\/wynajem\/\">ekskluzywne apartamenty<\/a> zapewniaj\u0105 idealny azyl, by podziwia\u0107 te \u015br\u00f3dziemnomorskie widoki w pe\u0142nym komforcie.<\/p>\n<h2 id=\"luksusowe-style-zycia-historyczne-wille-vs-nowoczesne-zarzadzane-lofty\"><a name=\"luksusowe-style-zycia-historyczne-wille-vs-nowoczesne-zarzadzane-lofty\"><\/a>Luksusowe Style \u017bycia: Historyczne Wille vs. Nowoczesne Zarz\u0105dzane Lofty<\/h2>\n<p>Jezioro Como czerpie z efektu George&#8217;a Clooneya. To \u015bwiat XIX-wiecznych willi i nieskazitelnej obs\u0142ugi, kt\u00f3ry definiuje glamour starego \u015bwiata. Cho\u0107 ta atmosfera jest niezaprzeczalna, cz\u0119sto wi\u0105\u017ce si\u0119 ze sztywn\u0105 formalno\u015bci\u0105, kt\u00f3ra nie zawsze odpowiada potrzebom wsp\u00f3\u0142czesnego podr\u00f3\u017cnika. Natomiast bli\u017csze spojrzenie na to, <a href=\"https:\/\/www.goodhousekeeping.com\/uk\/lifestyle\/travel\/a43717155\/lake-como-or-lake-garda\/\" target=\"_blank\" rel=\"noopener\">kt\u00f3ry w\u0142oski klejnot do Ciebie pasuje<\/a>, ujawnia, \u017ce Jezioro Garda ustanowi\u0142o w\u0142asny \u201eZ\u0142oty Standard Gardy\u201d. Zapomnij o przestarza\u0142ym przekonaniu, \u017ce Garda jest tylko dla taniego campingu. Dzi\u015b po\u0142udniowy brzeg przyci\u0105ga wyrafinowan\u0105 publiczno\u015b\u0107 szukaj\u0105c\u0105 szykownej energii t\u0119tni\u0105cych \u017cyciem plac\u00f3w Desenzano del Garda.<\/p>\n<p>Wyb\u00f3r mi\u0119dzy <strong>jeziorem Como a jeziorem Garda<\/strong> wymaga rozwa\u017cenia historycznego uroku w por\u00f3wnaniu z nowoczesn\u0105 elastyczno\u015bci\u0105. Podczas gdy hotele nad Como cz\u0119sto dyktuj\u0105 Tw\u00f3j harmonogram ustalonymi porami posi\u0142k\u00f3w i dress code&#8217;em, przej\u015bcie Gardy w kierunku profesjonalnie zarz\u0105dzanych loft\u00f3w oferuje ca\u0142kowit\u0105 prywatno\u015b\u0107. Ta ewolucja jest kluczowa dla podr\u00f3\u017cnych w 2026 roku, kt\u00f3rzy stawiaj\u0105 autentyczno\u015b\u0107 ponad niezweryfikowane og\u0142oszenia na Airbnb. Dane rynkowe z 2023 roku wskazuj\u0105 na 22% wzrost rezerwacji luksusowych apartament\u00f3w na po\u0142udniowym brzegu Gardy; podr\u00f3\u017cni szukaj\u0105 teraz profesjonalnego zarz\u0105dzania, aby zapewni\u0107, \u017ce ka\u017cdy szczeg\u00f3\u0142 spe\u0142nia standardy ekskluzywnej go\u015bcinno\u015bci bez sztywno\u015bci tradycyjnych hoteli.<\/p>\n<h3>Urok Desenzano i Sirmione<\/h3>\n<p>Desenzano pe\u0142ni rol\u0119 \u201eStolicy Jeziora\u201d. T\u0119tni ekskluzywnymi zakupami i autentycznym w\u0142oskim \u017cyciem, kt\u00f3re trwa przez ca\u0142y rok, w przeciwie\u0144stwie do sezonowych miast widm, cz\u0119sto spotykanych nad Como. Zaledwie kilka minut jazdy dalej, p\u00f3\u0142wysep Sirmione oferuje unikalne po\u0142\u0105czenie rzymskich ruin i ekskluzywnych centr\u00f3w termalnych. Koncept \u201eLoft\u201d jest centralnym elementem tego do\u015bwiadczenia. To nie s\u0105 zwyk\u0142e apartamenty; to nowoczesne arcydzie\u0142a designu, kt\u00f3re przekszta\u0142caj\u0105 tradycyjne \u017cycie nad jeziorem w eleganckie, funkcjonalne przestrzenie dla wymagaj\u0105cego podr\u00f3\u017cnika, kt\u00f3ry ceni zar\u00f3wno styl, jak i tre\u015b\u0107.<\/p>\n<h3>Standardy Marriott Bonvoy na Po\u0142udniowym Brzegu<\/h3>\n<p>Niezawodno\u015b\u0107 to najwy\u017cszy luksus w 2026 roku. Pobyt w domu b\u0119d\u0105cym Oficjalnym Partnerem Homes &amp; Villas by Marriott Bonvoy zapewnia poziom bezpiecze\u0144stwa, kt\u00f3rego standardowe wynajmy nie mog\u0105 zagwarantowa\u0107. DesenzanoLoft utrzymuje ocen\u0119 9,5 na Booking.com i posiada status Superhost na Airbnb, co odzwierciedla zaanga\u017cowanie w doskona\u0142o\u015b\u0107. Nasze portfolio oferuje udogodnienia najwy\u017cszego standardu, takie jak prywatne baseny i uk\u0142ady przyjazne rodzinom, zaprojektowane z my\u015bl\u0105 o komforcie. Mo\u017cesz przegl\u0105da\u0107 nasz\u0105 <a href=\"https:\/\/www.desenzanoloft.com\/pl\/wynajem\/\">ekskluzywn\u0105 kolekcj\u0119 nieruchomo\u015bci<\/a>, aby znale\u017a\u0107 przestrze\u0144 idealnie \u0142\u0105cz\u0105c\u0105 elegancj\u0119 ze swobod\u0105 prywatnego domu.<\/p>\n<p> <!-- autoseo-infographic --><\/p>\n<div class=\"autoseo-infographic-container\"><img decoding=\"async\" width=\"1220\" height=\"2492\" src=\"https:\/\/blog.desenzanoloft.com\/wp-content\/uploads\/2026\/04\/Lake-Como-vs-Lake-Garda-Which-Italian-Jewel-Suits-Your-2026-Holiday-Infographic.jpg\" class=\"autoseo-infographic-image\" alt=\"Jezioro Como czy Jezioro Garda: Kt\u00f3ry W\u0142oski Klejnot Pasuje do Twoich Wakacji 2026?\" loading=\"lazy\" \/><\/div>\n<p><!-- \/autoseo-infographic --><\/p>\n<h2 id=\"logistyka-wypoczynku-dostepnosc-i-strategiczne-polozenie\"><a name=\"logistyka-wypoczynku-dostepnosc-i-strategiczne-polozenie\"><\/a>Logistyka Wypoczynku: Dost\u0119pno\u015b\u0107 i Strategiczne Po\u0142o\u017cenie<\/h2>\n<p>Wyb\u00f3r mi\u0119dzy <strong>jeziorem Como a jeziorem Garda<\/strong> cz\u0119sto sprowadza si\u0119 do tego, ile czasu chcesz sp\u0119dzi\u0107 w podr\u00f3\u017cy, a ile relaksuj\u0105c si\u0119 nad wod\u0105. Po\u0142udniowe Jezioro Garda wyr\u00f3\u017cnia si\u0119 jako najbardziej dost\u0119pna destynacja w regionie w\u0142oskich jezior, g\u0142\u00f3wnie dzi\u0119ki p\u0142askiej topografii i doskona\u0142ej infrastrukturze. Podczas gdy Jezioro Como opiera si\u0119 g\u0142\u00f3wnie na lotnisku Mediolan Malpensa, oddalonym o 80 kilometr\u00f3w, go\u015bcie Gardy ciesz\u0105 si\u0119 blisko\u015bci\u0105 lotniska Werona Villafranca, zaledwie 20 minut jazdy od Desenzano. Bergamo Orio al Serio, g\u0142\u00f3wny hub dla mi\u0119dzynarodowych przewo\u017anik\u00f3w, jest r\u00f3wnie\u017c osi\u0105galny w nieca\u0142e 45 minut, zapewniaj\u0105c poziom elastyczno\u015bci, kt\u00f3rego Como po prostu nie mo\u017ce zaoferowa\u0107.<\/p>\n<p>Geografia obu jezior determinuje do\u015bwiadczenie jazdy. Brzegi Como s\u0105 poprzecinane w\u0105skimi, kr\u0119tymi drogami, kt\u00f3re cz\u0119sto korkuj\u0105 si\u0119 w miesi\u0105cach letnich. Natomiast po\u0142udniowa kotlina Gardy oferuje szerokie, s\u0142oneczne aleje i bezpo\u015bredni dost\u0119p do autostrady A4. To sprawia, \u017ce eksplorowanie regionu jest znacznie \u0142atwiejsze, bez stresu ciasnych zakr\u0119t\u00f3w czy zablokowanego ruchu. Podr\u00f3\u017cni cz\u0119sto konsultuj\u0105 szczeg\u00f3\u0142owe por\u00f3wnania, takie jak ten przewodnik o <a href=\"https:\/\/untolditaly.com\/lake-como-or-lake-garda\/\" target=\"_blank\" rel=\"noopener\">Jeziorze Como czy Jeziorze Garda<\/a>, aby rozwa\u017cy\u0107 te czynniki logistyczne przed rezerwacj\u0105 pobytu w 2026 roku.<\/p>\n<h3>Twoja Brama do Wenecji i Werony<\/h3>\n<p>Pobyt w Desenzano zamienia Twoje wakacje w wielkomiejsk\u0105 w\u0142osk\u0105 przygod\u0119. Lokalna stacja jest g\u0142\u00f3wnym przystankiem szybkich kolei Frecciarossa, kt\u00f3re dowo\u017c\u0105 Ci\u0119 do serca Wenecji w dok\u0142adnie 90 minut. Aby uczci\u0107 to po\u0142\u0105czenie, oferujemy bezp\u0142atn\u0105 wycieczk\u0119 jednodniow\u0105 do Wenecji dla go\u015bci rezerwuj\u0105cych sze\u015b\u0107 nocy lub wi\u0119cej w naszych nieruchomo\u015bciach. Jeste\u015b tak\u017ce zaledwie 20 minut od Werony, gdzie mo\u017cesz spacerowa\u0107 po rzymskiej Arenie z I wieku lub odkrywa\u0107 \u015bredniowieczne uliczki, kt\u00f3re zainspirowa\u0142y Szekspira, wracaj\u0105c do swojego loftu w sam raz na aperitivo o zachodzie s\u0142o\u0144ca.<\/p>\n<h3>\u017beglowanie po Jeziorze Bez Stresu<\/h3>\n<p>Transport wodny jest dusz\u0105 jeziora, ale do\u015bwiadczenie znacznie si\u0119 r\u00f3\u017cni mi\u0119dzy obiema lokalizacjami. Chocia\u017c system prom\u00f3w Como jest ikoniczny, cz\u0119sto boryka si\u0119 z d\u0142ugimi kolejkami i ograniczon\u0105 przepustowo\u015bci\u0105 w godzinach szczytu. Po\u0142udniowa kotlina Jeziora Garda oferuje bardziej swobodne do\u015bwiadczenie dla amatorskich kapitan\u00f3w. Wody tutaj s\u0105 spokojniejsze i szersze, zapewniaj\u0105c bezpieczniejsze i przyjemniejsze warunki dla tych, kt\u00f3rzy wypo\u017cyczaj\u0105 prywatn\u0105 \u0142\u00f3d\u017a na ca\u0142y dzie\u0144. W DesenzanoLoft wierzymy, \u017ce luksus tkwi w szczeg\u00f3\u0142ach; dlatego zapewniamy spersonalizowany asystowany check-in dla ka\u017cdego go\u015bcia. Nigdy nie b\u0119dziesz musia\u0142 zmaga\u0107 si\u0119 z myl\u0105cymi key-boxami czy cyfrowymi zamkami. Cz\u0142onek naszego profesjonalnego zespo\u0142u spotka si\u0119 z Tob\u0105 w nieruchomo\u015bci, aby zapewni\u0107, \u017ce Tw\u00f3j przyjazd b\u0119dzie tak p\u0142ynny jak jezioro o wschodzie s\u0142o\u0144ca.<\/p>\n<div>\n<p>Gotowy do\u015bwiadczy\u0107 bezwysi\u0142kowej elegancji w\u0142oskich jezior? <a href=\"https:\/\/www.desenzanoloft.com\/pl\/wynajem\/\">Odkryj nasz\u0105 ekskluzywn\u0105 kolekcj\u0119 luksusowych apartament\u00f3w w Desenzano<\/a> i zacznij planowa\u0107 sw\u00f3j bezstresowy wypoczynek w 2026 roku.<\/p>\n<\/p><\/div>\n<h2 id=\"ostateczny-werdykt-dlaczego-poludniowe-jezioro-garda-wygrywa-w-2026\"><a name=\"ostateczny-werdykt-dlaczego-poludniowe-jezioro-garda-wygrywa-w-2026\"><\/a>Ostateczny Werdykt: Dlaczego Po\u0142udniowe Jezioro Garda Wygrywa w 2026<\/h2>\n<p>Decyzja mi\u0119dzy <strong>jeziorem Como a jeziorem Garda<\/strong> cz\u0119sto sprowadza si\u0119 do rodzaju energii, jakiej pragniesz na swoim w\u0142oskim wypoczynku. Podczas gdy Como oferuje cichy, celebrycki presti\u017c, Jezioro Garda zapewnia bardziej \u017cywy i zr\u00f3\u017cnicowany styl \u017cycia, kt\u00f3ry wydaje si\u0119 g\u0142\u0119boko autentyczny. W 2026 roku po\u0142udniowy brzeg wyr\u00f3\u017cnia si\u0119 jako lepszy wyb\u00f3r dla podr\u00f3\u017cnych, kt\u00f3rzy ceni\u0105 po\u0142\u0105czenie relaksu, kultury i bezwysi\u0142kowej logistyki. Region \u0142\u0105czy majestat Alp z klimatem pozwalaj\u0105cym cytrynom i oliwkom rozkwita\u0107, tworz\u0105c zmys\u0142owe do\u015bwiadczenie, kt\u00f3re jest wyj\u0105tkowo gardia\u0144skie.<\/p>\n<p>Po\u0142udniowa kotlina jest znacznie bardziej dost\u0119pna ni\u017c w\u0105skie, kr\u0119te drogi cz\u0119sto spotykane na p\u00f3\u0142nocy. Mo\u017cesz dotrze\u0107 do serca Desenzano z Mediolanu lub Wenecji w nieca\u0142e 90 minut szybk\u0105 kolej\u0105. Ta \u0142atwo\u015b\u0107 poruszania si\u0119, w po\u0142\u0105czeniu z szerokimi, s\u0142onecznymi promenadami, czyni j\u0105 bardziej przyjazn\u0105 destynacj\u0105 zar\u00f3wno dla rodzin, jak i par. Analizuj\u0105c <strong>jezioro Como czy jezioro Garda<\/strong> pod k\u0105tem podr\u00f3\u017cy wielopokoleniowej, infrastruktura i r\u00f3\u017cnorodno\u015b\u0107 Gardy po prostu oferuj\u0105 wi\u0119cej praktycznej warto\u015bci. Wyobra\u017a sobie, \u017ce zaczynasz dzie\u0144 od \u015bwie\u017cego espresso na prywatnym balkonie z widokiem na marin\u0119. Woda jest spokojna, powietrze pachnie ja\u015bminem, a jedyny trudny wyb\u00f3r dnia to to, kt\u00f3r\u0105 winnic\u0119 nad jeziorem odwiedzi\u0107 jako pierwsz\u0105.<\/p>\n<h3>Osobisty Styl DesenzanoLoft<\/h3>\n<p>Wierzymy, \u017ce luksus definiuje jako\u015b\u0107 powitania. Nasz profesjonalny serwis concierge podnosi poziom Twojego pobytu, eliminuj\u0105c niedogodno\u015bci wsp\u00f3\u0142czesnej podr\u00f3\u017cy. Stanowczo unikamy ch\u0142odu rozwi\u0105za\u0144 self-check-in; ka\u017cdy go\u015b\u0107 jest witany osobi\u015bcie przez wieloj\u0119zycznego eksperta, kt\u00f3ry doskonale zna okolic\u0119. Ta ludzka wi\u0119\u017a zapewnia, \u017ce nie otrzymujesz tylko klucza, ale tak\u017ce dost\u0119p do lokalnej kultury. Na szczyt sezonu letniego 2026 ceny premierowego loftu z dwiema sypialniami i panoramicznym tarasem zaczynaj\u0105 si\u0119 od oko\u0142o 410 \u20ac za noc. Ta inwestycja gwarantuje nie tylko rezydencj\u0119 najwy\u017cszej klasy, ale tak\u017ce spok\u00f3j ducha, jaki daje dedykowane wsparcie 24\/7.<\/p>\n<h3>Gotowy Zarezerwowa\u0107 Sw\u00f3j Wypoczynek nad Gard\u0105?<\/h3>\n<p>Nieruchomo\u015bci w Sirmione i Desenzano odnotowuj\u0105 rekordowe wczesne zainteresowanie na 2026 rok, szczeg\u00f3lnie te w naszym portfolio partnerskim z Marriott. Te domy spe\u0142niaj\u0105 najwy\u017csze mi\u0119dzynarodowe standardy komfortu, zachowuj\u0105c w\u0142osk\u0105 dusz\u0119. Turkusowe wody i historyczny urok po\u0142udniowego brzegu czekaj\u0105 na Ciebie. Zarezerwuj preferowane daty ju\u017c teraz, aby Twoje w\u0142oskie wakacje by\u0142y tak bezproblemowe, jak spektakularne. <a href=\"https:\/\/www.desenzanoloft.com\/\">Przegl\u0105daj nasze luksusowe apartamenty w Desenzano i Sirmione<\/a> i zacznij planowa\u0107 swoj\u0105 podr\u00f3\u017c.<\/p>\n<h2 id=\"zarezerwuj-swoja-srodziemnomorska-ucieczke-na-2026\"><a name=\"zarezerwuj-swoja-srodziemnomorska-ucieczke-na-2026\"><\/a>Zarezerwuj Swoj\u0105 \u015ar\u00f3dziemnomorsk\u0105 Ucieczk\u0119 na 2026<\/h2>\n<p>Wyb\u00f3r mi\u0119dzy <strong>jeziorem Como a jeziorem Garda<\/strong> zale\u017cy od tego, czy wolisz strome alpejskie zbocza, czy dost\u0119pne, s\u0142oneczne brzegi najwi\u0119kszego jeziora W\u0142och. W 2026 roku po\u0142udniowa kotlina Jeziora Garda wyr\u00f3\u017cnia si\u0119 jako najlepszy wyb\u00f3r, oferuj\u0105c unikalny \u015br\u00f3dziemnomorski mikroklimat i doskona\u0142e po\u0142\u0105czenia transportowe, kt\u00f3re czyni\u0105 podr\u00f3\u017c bezwysi\u0142kow\u0105. Cho\u0107 historyczne wille maj\u0105 sw\u00f3j urok, nasze nowoczesne lofty stanowi\u0105 wyrafinowan\u0105 alternatyw\u0119, stawiaj\u0105c\u0105 na wsp\u00f3\u0142czesny komfort i profesjonalne zarz\u0105dzanie. Z dum\u0105 jeste\u015bmy Oficjalnym Partnerem Homes &amp; Villas by Marriott Bonvoy, utrzymuj\u0105c ocen\u0119 9,5 na Booking.com dzi\u0119ki naszemu zaanga\u017cowaniu w doskona\u0142o\u015b\u0107. Jako Superhost Airbnb, nie tylko przekazujemy klucze; zapewniamy dedykowanego wieloj\u0119zycznego concierge&#8217;a i osobisty check-in, aby powita\u0107 Ci\u0119 jak w domu. Zas\u0142ugujesz na wakacje, kt\u00f3re s\u0105 starannie skomponowanym arcydzie\u0142em relaksu i stylu. Zapraszamy do do\u015bwiadczenia wyrafinowanej go\u015bcinno\u015bci, kt\u00f3ra definiuje nasz\u0105 kolekcj\u0119. <a href=\"https:\/\/desenzanoloft.com\/\">Odkryj nasze ekskluzywne wakacyjne apartamenty nad Jeziorem Garda<\/a> i zacznij planowa\u0107 sw\u00f3j niezapomniany w\u0142oski wypoczynek ju\u017c dzi\u015b.<\/p>\n<h2 id=\"najczesciej-zadawane-pytania\"><a name=\"najczesciej-zadawane-pytania\"><\/a>Najcz\u0119\u015bciej Zadawane Pytania<\/h2>\n<h3>Czy Jezioro Garda jest rzeczywi\u015bcie ta\u0144sze ni\u017c Jezioro Como na luksusowe wakacje?<\/h3>\n<p>Jezioro Garda oferuje lepsz\u0105 warto\u015b\u0107 za ekskluzywne pobyty, z luksusowymi wynajmami cz\u0119sto kosztuj\u0105cymi 25% mniej ni\u017c por\u00f3wnywalne nieruchomo\u015bci w Bellagio czy Cernobbio. Podczas gdy Jezioro Como obs\u0142uguje niszowy rynek celebryt\u00f3w, Jezioro Garda zapewnia szeroki wyb\u00f3r willi premium \u0142\u0105cz\u0105cych nowoczesny design z historycznym urokiem. Wybieraj\u0105c <strong>jezioro Como czy jezioro Garda<\/strong> na sw\u00f3j wypoczynek w 2026 roku, prawdopodobnie zyskasz bardziej przestronny, bogato wyposa\u017cony loft w Desenzano w cenie standardowego pokoju w hotelu nad Como.<\/p>\n<h3>Kt\u00f3re jezioro jest \u0142atwiej dost\u0119pne, je\u015bli lec\u0119 do Mediolanu lub Werony?<\/h3>\n<p>Jezioro Garda to lepszy wyb\u00f3r dla tych, kt\u00f3rzy l\u0105duj\u0105 na lotnisku Werona Valerio Catullo, poniewa\u017c dojazd do Desenzano zajmuje zaledwie 25 minut. Je\u015bli l\u0105dujesz w Mediolanie Malpensa, Jezioro Como jest oddalone o oko\u0142o 50 minut jazdy. Jednak po\u0142udniowy brzeg Jeziora Garda pozostaje wyj\u0105tkowo dost\u0119pny dzi\u0119ki autostradzie A4 i szybkim po\u0142\u0105czeniom kolejowym. Podr\u00f3\u017cni przybywaj\u0105cy z Mediolanu Linate mog\u0105 dotrze\u0107 do po\u0142udniowych miejscowo\u015bci nad Gard\u0105 w oko\u0142o 75 minut, co czyni ten region wszechstronnym hubem dla mi\u0119dzynarodowych przylot\u00f3w.<\/p>\n<h3>Czy naprawd\u0119 mog\u0119 odwiedzi\u0107 Wenecj\u0119 jako wycieczk\u0119 jednodniow\u0105 z po\u0142udniowego brzegu Jeziora Garda?<\/h3>\n<p>Mo\u017cesz dotrze\u0107 do Wenecji w zaledwie 90 minut, korzystaj\u0105c z szybkich poci\u0105g\u00f3w Frecciarossa Trenitalia odje\u017cd\u017caj\u0105cych ze stacji Desenzano lub Peschiera del Garda. Poci\u0105gi te kursuj\u0105 mniej wi\u0119cej co godzin\u0119, pozwalaj\u0105c Ci cieszy\u0107 si\u0119 pe\u0142nym dniem w\u015br\u00f3d kana\u0142\u00f3w i gondoli, zanim wr\u00f3cisz nad jezioro na kolacj\u0119. To bezproblemowa podr\u00f3\u017c, kt\u00f3ra pozwala unikn\u0105\u0107 stresu zwi\u0105zanego z parkowaniem w Wenecji. Ta wygoda czyni po\u0142udniowy brzeg idealn\u0105 baz\u0105 do odkrywania kulturowych skarb\u00f3w regionu Veneto bez zmiany hotelu.<\/p>\n<h3>Jezioro Garda czy Jezioro Como \u2014 kt\u00f3re jest lepsze dla rodzin z ma\u0142ymi dzie\u0107mi?<\/h3>\n<p>Jezioro Garda jest powszechnie uwa\u017cane za najlepszy wyb\u00f3r dla rodzin ze wzgl\u0119du na ponad 10 du\u017cych park\u00f3w tematycznych i dost\u0119pne, p\u0142askie pla\u017ce. Podczas gdy Jezioro Como charakteryzuje si\u0119 stromym terenem i g\u0142\u0119bokimi wodami, Jezioro Garda oferuje \u0142agodne brzegi Spiaggia d&#8217;Oro i emocje Gardalandu, po\u0142o\u017conego zaledwie 15 minut od Peschiery. Rozwa\u017caj\u0105c <strong>jezioro Como czy jezioro Garda<\/strong> na rodzinne wakacje, po\u0142udniowe miejscowo\u015bci nad Gard\u0105 zapewniaj\u0105 bezpieczniejsze i bardziej anga\u017cuj\u0105ce \u015brodowisko dla dzieci poni\u017cej 12. roku \u017cycia.<\/p>\n<h3>Czy potrzebuj\u0119 samochodu, \u017ceby zwiedza\u0107 Desenzano, Sirmione i Peschier\u0119?<\/h3>\n<p>Nie potrzebujesz samochodu do odkrywania tych ikonicznych miast, poniewa\u017c s\u0105 doskonale po\u0142\u0105czone systemem prom\u00f3w Navigazione Laghi i lokalnymi autobusami. Desenzano i Peschiera le\u017c\u0105 r\u00f3wnie\u017c na g\u0142\u00f3wnej linii kolejowej, \u0142\u0105cz\u0105c Ci\u0119 z Mediolanem i Weron\u0105 w nieca\u0142\u0105 godzin\u0119. Wi\u0119kszo\u015b\u0107 naszych wyszukanych loft\u00f3w znajduje si\u0119 w odleg\u0142o\u015bci spaceru od historycznych centr\u00f3w. Przekonasz si\u0119, \u017ce spacer po pieszych uliczkach Sirmione jest znacznie bardziej relaksuj\u0105cy ni\u017c jazda w\u0105skimi nadjeziornymi drogami w szczycie sezonu.<\/p>\n<h3>Jaki jest najlepszy miesi\u0105c na wizyt\u0119 nad Jeziorem Garda ze \u015br\u00f3dziemnomorsk\u0105 pogod\u0105?<\/h3>\n<p>Czerwiec i wrzesie\u0144 to najwspanialsze miesi\u0105ce na wizyt\u0119, oferuj\u0105ce \u015brednie temperatury mi\u0119dzy 24\u00b0C a 28\u00b0C. W tych okresach jezioro cieszy si\u0119 9 godzinami dziennego s\u0142o\u0144ca bez intensywnej wilgotno\u015bci sierpnia. Woda pozostaje wystarczaj\u0105co ciep\u0142a do p\u0142ywania, a powietrze jest na tyle \u015bwie\u017ce, by sprzyja\u0107 popo\u0142udniowym spacerom wzd\u0142u\u017c promenady. Te miesi\u0105ce oddaj\u0105 prawdziw\u0105 esencj\u0119 w\u0142oskiego lata, zapewniaj\u0105c idealn\u0105 r\u00f3wnowag\u0119 t\u0119tni\u0105cej energii i spokojnego relaksu dla wymagaj\u0105cego podr\u00f3\u017cnika.<\/p>\n<div class=\"author-box\" style=\"display:flex;gap:20px;align-items:flex-start;padding:24px;border:1px solid #e5e7eb;border-radius:12px;background:#f9fafb;margin:30px 0\">\n<div style=\"flex:1;min-width:0\">\n<p style=\"margin:0 0 2px 0;font-size:12px;text-transform:uppercase;letter-spacing:0.05em;color:#9ca3af;font-weight:600\">Artyku\u0142 napisany przez<\/p>\n<p style=\"margin:0 0 8px 0;font-size:18px;font-weight:700;color:#111827\">Carlo Claverini<\/p>\n<p style=\"margin:0;font-size:14px;color:#4b5563;line-height:1.6\">Carlo Claverini jest CEO DesenzanoLoft, firmy zarz\u0105dzaj\u0105cej premium wynajmem wakacyjnym nad Jeziorem Garda we W\u0142oszech. Od za\u0142o\u017cenia firmy w 2013 roku Carlo przekszta\u0142ci\u0142 j\u0105 w jednego z wiod\u0105cych zarz\u0105dc\u00f3w nieruchomo\u015bci na brescja\u0144skim brzegu, zarz\u0105dzaj\u0105c oko\u0142o 100 nieruchomo\u015bciami. DesenzanoLoft jest Oficjalnym Partnerem Homes &amp; Villas by Marriott Bonvoy, Superhostem Airbnb i posiada ocen\u0119 9,5 na Booking.com. Certyfikowany zarz\u0105dca nieruchomo\u015bci, wykszta\u0142cony w Mendrisio (Szwajcaria), Carlo wnosi ponad 15 lat do\u015bwiadczenia w hotelarstwie i zarz\u0105dzaniu wynajmem kr\u00f3tkoterminowym do ka\u017cdego artyku\u0142u.<\/p>\n<div style=\"display:flex;gap:12px;margin-top:8px;align-items:center\"><a href=\"https:\/\/www.linkedin.com\/in\/carlo-claverini-0b9415122\/\" target=\"_blank\" rel=\"noopener noreferrer\" title=\"LinkedIn\" style=\"color:#6b7280;text-decoration:none;display:inline-block;transition:color 0.2s\"><svg width=\"20\" height=\"20\" viewBox=\"0 0 24 24\" fill=\"currentColor\"><path d=\"M20.447 20.452h-3.554v-5.569c0-1.328-.027-3.037-1.852-3.037-1.853 0-2.136 1.445-2.136 2.939v5.667H9.351V9h3.414v1.561h.046c.477-.9 1.637-1.85 3.37-1.85 3.601 0 4.267 2.37 4.267 5.455v6.286zM5.337 7.433a2.062 2.062 0 01-2.063-2.065 2.064 2.064 0 112.063 2.065zm1.782 13.019H3.555V9h3.564v11.452zM22.225 0H1.771C.792 0 0 .774 0 1.729v20.542C0 23.227.792 24 1.771 24h20.451C23.2 24 24 23.227 24 22.271V1.729C24 .774 23.2 0 22.222 0h.003z\" \/><\/svg><\/a><a href=\"https:\/\/www.facebook.com\/DesenzanoLoftOfficial\" target=\"_blank\" rel=\"noopener noreferrer\" title=\"Facebook\" style=\"color:#6b7280;text-decoration:none;display:inline-block;transition:color 0.2s\"><svg width=\"20\" height=\"20\" viewBox=\"0 0 24 24\" fill=\"currentColor\"><path d=\"M24 12.073c0-6.627-5.373-12-12-12s-12 5.373-12 12c0 5.99 4.388 10.954 10.125 11.854v-8.385H7.078v-3.47h3.047V9.43c0-3.007 1.792-4.669 4.533-4.669 1.312 0 2.686.235 2.686.235v2.953H15.83c-1.491 0-1.956.925-1.956 1.874v2.25h3.328l-.532 3.47h-2.796v8.385C19.612 23.027 24 18.062 24 12.073z\" \/><\/svg><\/a><a href=\"https:\/\/www.instagram.com\/desenzanoloftofficial\" target=\"_blank\" rel=\"noopener noreferrer\" title=\"Instagram\" style=\"color:#6b7280;text-decoration:none;display:inline-block;transition:color 0.2s\"><svg width=\"20\" height=\"20\" viewBox=\"0 0 24 24\" fill=\"currentColor\"><path d=\"M12 0C8.74 0 8.333.015 7.053.072 5.775.132 4.905.333 4.14.63c-.789.306-1.459.717-2.126 1.384S.935 3.35.63 4.14C.333 4.905.131 5.775.072 7.053.012 8.333 0 8.74 0 12s.015 3.667.072 4.947c.06 1.277.261 2.148.558 2.913.306.788.717 1.459 1.384 2.126.667.666 1.336 1.079 2.126 1.384.766.296 1.636.499 2.913.558C8.333 23.988 8.74 24 12 24s3.667-.015 4.947-.072c1.277-.06 2.148-.262 2.913-.558.788-.306 1.459-.718 2.126-1.384.666-.667 1.079-1.335 1.384-2.126.296-.765.499-1.636.558-2.913.06-1.28.072-1.687.072-4.947s-.015-3.667-.072-4.947c-.06-1.277-.262-2.149-.558-2.913-.306-.789-.718-1.459-1.384-2.126C21.319 1.347 20.651.935 19.86.63c-.765-.297-1.636-.499-2.913-.558C15.667.012 15.26 0 12 0zm0 2.16c3.203 0 3.585.016 4.85.071 1.17.055 1.805.249 2.227.415.562.217.96.477 1.382.896.419.42.679.819.896 1.381.164.422.36 1.057.413 2.227.057 1.266.07 1.646.07 4.85s-.015 3.585-.074 4.85c-.061 1.17-.256 1.805-.421 2.227-.224.562-.479.96-.899 1.382-.419.419-.824.679-1.38.896-.42.164-1.065.36-2.235.413-1.274.057-1.649.07-4.859.07-3.211 0-3.586-.015-4.859-.074-1.171-.061-1.816-.256-2.236-.421-.569-.224-.96-.479-1.379-.899-.421-.419-.69-.824-.9-1.38-.165-.42-.359-1.065-.42-2.235-.045-1.26-.061-1.649-.061-4.844 0-3.196.016-3.586.061-4.861.061-1.17.255-1.814.42-2.234.21-.57.479-.96.9-1.381.419-.419.81-.689 1.379-.898.42-.166 1.051-.361 2.221-.421 1.275-.045 1.65-.06 4.859-.06l.045.03zm0 3.678a6.162 6.162 0 100 12.324 6.162 6.162 0 100-12.324zM12 16c-2.21 0-4-1.79-4-4s1.79-4 4-4 4 1.79 4 4-1.79 4-4 4zm7.846-10.405a1.441 1.441 0 11-2.882 0 1.441 1.441 0 012.882 0z\" \/><\/svg><\/a><a href=\"https:\/\/www.tiktok.com\/@desenzanoloftofficial\" target=\"_blank\" rel=\"noopener noreferrer\" title=\"TikTok\" style=\"color:#6b7280;text-decoration:none;display:inline-block;transition:color 0.2s\"><svg width=\"20\" height=\"20\" viewBox=\"0 0 24 24\" fill=\"currentColor\"><path d=\"M12.525.02c1.31-.02 2.61-.01 3.91-.02.08 1.53.63 3.09 1.75 4.17 1.12 1.11 2.7 1.62 4.24 1.79v4.03c-1.44-.05-2.89-.35-4.2-.97-.57-.26-1.1-.59-1.62-.93-.01 2.92.01 5.84-.02 8.75-.08 1.4-.54 2.79-1.35 3.94-1.31 1.92-3.58 3.17-5.91 3.21-1.43.08-2.86-.31-4.08-1.03-2.02-1.19-3.44-3.37-3.65-5.71-.02-.5-.03-1-.01-1.49.18-1.9 1.12-3.72 2.58-4.96 1.66-1.44 3.98-2.13 6.15-1.72.02 1.48-.04 2.96-.04 4.44-.99-.32-2.15-.23-3.02.37-.63.41-1.11 1.04-1.36 1.75-.21.51-.15 1.07-.14 1.61.24 1.64 1.82 3.02 3.5 2.87 1.12-.01 2.19-.66 2.77-1.61.19-.33.4-.67.41-1.06.1-1.79.06-3.57.07-5.36.01-4.03-.01-8.05.02-12.07z\" \/><\/svg><\/a><a href=\"https:\/\/www.youtube.com\/@desenzanoloft\" target=\"_blank\" rel=\"noopener noreferrer\" title=\"YouTube\" style=\"color:#6b7280;text-decoration:none;display:inline-block;transition:color 0.2s\"><svg width=\"20\" height=\"20\" viewBox=\"0 0 24 24\" fill=\"currentColor\"><path d=\"M23.498 6.186a3.016 3.016 0 00-2.122-2.136C19.505 3.545 12 3.545 12 3.545s-7.505 0-9.377.505A3.017 3.017 0 00.502 6.186C0 8.07 0 12 0 12s0 3.93.502 5.814a3.016 3.016 0 002.122 2.136c1.871.505 9.376.505 9.376.505s7.505 0 9.377-.505a3.015 3.015 0 002.122-2.136C24 15.93 24 12 24 12s0-3.93-.502-5.814zM9.545 15.568V8.432L15.818 12l-6.273 3.568z\" \/><\/svg><\/a><\/div>\n<\/div>\n<\/div>\n<div class=\"article-disclaimer\" style=\"margin-bottom: 10px\">\n<h3>Zastrze\u017cenie<\/h3>\n<p><em>DesenzanoLoft jest Oficjalnym Partnerem Homes &amp; Villas by Marriott Bonvoy\u00ae. Informacje w tym artykule opieraj\u0105 si\u0119 na naszym do\u015bwiadczeniu w zarz\u0105dzaniu wynajmem wakacyjnym nad Jeziorem Garda od 2013 roku. W sprawie rezerwacji i zapyta\u0144 odwied\u017a desenzanoloft.com lub skontaktuj si\u0119 z nami pod adresem info@desenzanoloft.com<\/em><\/p>\n<\/div>\n","protected":false},"excerpt":{"rendered":"<p>Wyobra\u017a sobie, \u017ce stoisz na s\u0142onecznym tarasie w czerwcu 2026 roku, tylko po to, by u\u015bwiadomi\u0107 sobie, \u017ce odosobniony romantyczny&#8230;<\/p>\n","protected":false},"author":57,"featured_media":2424,"comment_status":"closed","ping_status":"closed","sticky":false,"template":"","format":"standard","meta":{"footnotes":""},"categories":[1363],"tags":[1495,1533,1523,1521,1529,1509,1524,1515,1511,1309,1504,1532,1510,1490,1489,871,1493,1512,1508,1514,1528,1505,1494,1525,1501,1502,1500,1497,1377,1499,1496,1519,1527,1036,1531,1388,1530,1492,1491,1507,1498,1513,1520,1526,1516,1503,1518,1506,1522,1517],"class_list":["post-2437","post","type-post","status-publish","format-standard","has-post-thumbnail","hentry","category-przewodnik-po-jeziorze-garda","tag-apartamenty-wakacyjne-desenzano","tag-aperitivo-desenzano","tag-asystowany-check-in-wakacje","tag-autostrada-a4-jezioro-garda","tag-bellagio-como","tag-co-robic-jezioro-garda","tag-concierge-jezioro-garda","tag-czerwiec-jezioro-garda","tag-desenzano-czy-sirmione","tag-desenzano-del-garda","tag-frecciarossa-desenzano-wenecja","tag-gardaland-peschiera","tag-gdzie-spac-jezioro-garda","tag-jezioro-como","tag-jezioro-como-czy-jezioro-garda","tag-jezioro-garda","tag-jezioro-garda-2026","tag-jezioro-garda-czy-jezioro-como","tag-jezioro-garda-z-dziecmi","tag-lato-jezioro-garda","tag-loft-desenzano","tag-lotnisko-werona-jezioro-garda","tag-luksusowe-apartamenty-jezioro-garda","tag-luksusowe-wakacje-wlochy","tag-luksusowe-wille-jezioro-garda","tag-marriott-bonvoy-jezioro-garda","tag-mikroklimat-srodziemnomorski-garda","tag-najpiekniejsze-jezioro-wloch","tag-plaze-jezioro-garda","tag-poludniowy-brzeg-jeziora-garda","tag-porownanie-jezior-wloskich","tag-restauracje-desenzano","tag-rezerwacja-jezioro-garda-2026","tag-sirmione","tag-superhost-airbnb-desenzano","tag-termy-sirmione","tag-varenna-como","tag-wakacje-jezioro-como","tag-wakacje-jezioro-garda","tag-wakacje-rodzinne-jezioro-garda","tag-wakacje-wlochy-2026","tag-weekend-jezioro-garda","tag-werona-jezioro-garda","tag-wloskie-jeziora-ktore-wybrac","tag-wrzesien-jezioro-garda","tag-wycieczka-wenecja-z-desenzano","tag-wynajem-lodzi-jezioro-garda","tag-zachod-slonca-desenzano","tag-zarzadzanie-nieruchomosciami-jezioro-garda","tag-zegluga-jezioro-garda"],"yoast_head":"<!-- This site is optimized with the Yoast SEO plugin v27.5 - https:\/\/yoast.com\/product\/yoast-seo-wordpress\/ -->\n<title>Jezioro Como czy Jezioro Garda: Kt\u00f3re Wybra\u0107 w 2026 | DesenzanoLoft<\/title>\n<meta name=\"description\" content=\"Jezioro Como czy Jezioro Garda? Dowiedz si\u0119, kt\u00f3ra destynacja oferuje najlepsze po\u0142\u0105czenie luksusu, dost\u0119pno\u015bci i \u015br\u00f3dziemnomorskiego stylu \u017cycia na Twoje wakacje 2026.\" \/>\n<meta name=\"robots\" content=\"index, follow, max-snippet:-1, max-image-preview:large, max-video-preview:-1\" \/>\n<link rel=\"canonical\" href=\"https:\/\/blog.desenzanoloft.com\/pl\/jezioro-como-czy-jezioro-garda\/\" \/>\n<meta property=\"og:locale\" content=\"pl_PL\" \/>\n<meta property=\"og:type\" content=\"article\" \/>\n<meta property=\"og:title\" content=\"Jezioro Como czy Jezioro Garda: Kt\u00f3re Wybra\u0107 w 2026 | DesenzanoLoft\" \/>\n<meta property=\"og:description\" content=\"Jezioro Como czy Jezioro Garda? Dowiedz si\u0119, kt\u00f3ra destynacja oferuje najlepsze po\u0142\u0105czenie luksusu, dost\u0119pno\u015bci i \u015br\u00f3dziemnomorskiego stylu \u017cycia na Twoje wakacje 2026.\" \/>\n<meta property=\"og:url\" content=\"https:\/\/blog.desenzanoloft.com\/pl\/jezioro-como-czy-jezioro-garda\/\" \/>\n<meta property=\"og:site_name\" content=\"Blog\" \/>\n<meta property=\"article:author\" content=\"https:\/\/www.facebook.com\/CarloClaveriniDESENZANO\" \/>\n<meta property=\"article:published_time\" content=\"2026-04-04T13:53:36+00:00\" \/>\n<meta property=\"article:modified_time\" content=\"2026-04-04T13:55:00+00:00\" \/>\n<meta property=\"og:image\" content=\"https:\/\/blog.desenzanoloft.com\/wp-content\/uploads\/2026\/04\/Lake-Como-vs-Lake-Garda-Which-Italian-Jewel-Suits-Your-2026-Holiday-Hero-Image.jpg\" \/>\n\t<meta property=\"og:image:width\" content=\"1344\" \/>\n\t<meta property=\"og:image:height\" content=\"768\" \/>\n\t<meta property=\"og:image:type\" content=\"image\/jpeg\" \/>\n<meta name=\"author\" content=\"desenzanoloft\" \/>\n<meta name=\"twitter:card\" content=\"summary_large_image\" \/>\n<meta name=\"twitter:label1\" content=\"Napisane przez\" \/>\n\t<meta name=\"twitter:data1\" content=\"desenzanoloft\" \/>\n\t<meta name=\"twitter:label2\" content=\"Szacowany czas czytania\" \/>\n\t<meta name=\"twitter:data2\" content=\"14 minut\" \/>\n<script type=\"application\/ld+json\" class=\"yoast-schema-graph\">{\"@context\":\"https:\\\/\\\/schema.org\",\"@graph\":[{\"@type\":\"Article\",\"@id\":\"https:\\\/\\\/blog.desenzanoloft.com\\\/pl\\\/jezioro-como-czy-jezioro-garda\\\/#article\",\"isPartOf\":{\"@id\":\"https:\\\/\\\/blog.desenzanoloft.com\\\/pl\\\/jezioro-como-czy-jezioro-garda\\\/\"},\"author\":{\"name\":\"desenzanoloft\",\"@id\":\"https:\\\/\\\/blog.desenzanoloft.com\\\/pl\\\/#\\\/schema\\\/person\\\/3363b0dbf0bb9edb036fb68a61d6dd42\"},\"headline\":\"Jezioro Como czy Jezioro Garda: Kt\u00f3ry W\u0142oski Klejnot Pasuje do Twoich Wakacji 2026?\",\"datePublished\":\"2026-04-04T13:53:36+00:00\",\"dateModified\":\"2026-04-04T13:55:00+00:00\",\"mainEntityOfPage\":{\"@id\":\"https:\\\/\\\/blog.desenzanoloft.com\\\/pl\\\/jezioro-como-czy-jezioro-garda\\\/\"},\"wordCount\":3073,\"image\":{\"@id\":\"https:\\\/\\\/blog.desenzanoloft.com\\\/pl\\\/jezioro-como-czy-jezioro-garda\\\/#primaryimage\"},\"thumbnailUrl\":\"https:\\\/\\\/blog.desenzanoloft.com\\\/wp-content\\\/uploads\\\/2026\\\/04\\\/Lake-Como-vs-Lake-Garda-Which-Italian-Jewel-Suits-Your-2026-Holiday-Hero-Image.jpg\",\"keywords\":[\"apartamenty wakacyjne Desenzano\",\"aperitivo desenzano\",\"asystowany check-in wakacje\",\"autostrada A4 jezioro Garda\",\"bellagio como\",\"co robi\u0107 jezioro Garda\",\"concierge jezioro Garda\",\"czerwiec jezioro Garda\",\"Desenzano czy Sirmione\",\"desenzano del Garda\",\"Frecciarossa Desenzano Wenecja\",\"gardaland peschiera\",\"gdzie spa\u0107 jezioro Garda\",\"jezioro Como\",\"jezioro Como czy jezioro Garda\",\"jezioro garda\",\"jezioro Garda 2026\",\"jezioro Garda czy jezioro Como\",\"jezioro Garda z dzie\u0107mi\",\"lato jezioro Garda\",\"loft desenzano\",\"lotnisko Werona jezioro Garda\",\"luksusowe apartamenty jezioro Garda\",\"luksusowe wakacje W\u0142ochy\",\"luksusowe wille jezioro Garda\",\"Marriott Bonvoy jezioro Garda\",\"mikroklimat \u015br\u00f3dziemnomorski Garda\",\"najpi\u0119kniejsze jezioro W\u0142och\",\"pla\u017ce Jezioro Garda\",\"po\u0142udniowy brzeg jeziora Garda\",\"por\u00f3wnanie jezior w\u0142oskich\",\"restauracje Desenzano\",\"rezerwacja jezioro Garda 2026\",\"sirmione\",\"superhost airbnb desenzano\",\"termy Sirmione\",\"varenna como\",\"wakacje jezioro Como\",\"wakacje jezioro Garda\",\"wakacje rodzinne jezioro Garda\",\"wakacje W\u0142ochy 2026\",\"weekend jezioro Garda\",\"Werona jezioro Garda\",\"w\u0142oskie jeziora kt\u00f3re wybra\u0107\",\"wrzesie\u0144 jezioro Garda\",\"wycieczka Wenecja z Desenzano\",\"wynajem \u0142odzi jezioro Garda\",\"zach\u00f3d s\u0142o\u0144ca Desenzano\",\"zarz\u0105dzanie nieruchomo\u015bciami jezioro Garda\",\"\u017cegluga jezioro Garda\"],\"articleSection\":[\"Przewodnik po Jeziorze Garda\"],\"inLanguage\":\"pl-PL\"},{\"@type\":\"WebPage\",\"@id\":\"https:\\\/\\\/blog.desenzanoloft.com\\\/pl\\\/jezioro-como-czy-jezioro-garda\\\/\",\"url\":\"https:\\\/\\\/blog.desenzanoloft.com\\\/pl\\\/jezioro-como-czy-jezioro-garda\\\/\",\"name\":\"Jezioro Como czy Jezioro Garda: Kt\u00f3re Wybra\u0107 w 2026 | DesenzanoLoft\",\"isPartOf\":{\"@id\":\"https:\\\/\\\/blog.desenzanoloft.com\\\/pl\\\/#website\"},\"primaryImageOfPage\":{\"@id\":\"https:\\\/\\\/blog.desenzanoloft.com\\\/pl\\\/jezioro-como-czy-jezioro-garda\\\/#primaryimage\"},\"image\":{\"@id\":\"https:\\\/\\\/blog.desenzanoloft.com\\\/pl\\\/jezioro-como-czy-jezioro-garda\\\/#primaryimage\"},\"thumbnailUrl\":\"https:\\\/\\\/blog.desenzanoloft.com\\\/wp-content\\\/uploads\\\/2026\\\/04\\\/Lake-Como-vs-Lake-Garda-Which-Italian-Jewel-Suits-Your-2026-Holiday-Hero-Image.jpg\",\"datePublished\":\"2026-04-04T13:53:36+00:00\",\"dateModified\":\"2026-04-04T13:55:00+00:00\",\"author\":{\"@id\":\"https:\\\/\\\/blog.desenzanoloft.com\\\/pl\\\/#\\\/schema\\\/person\\\/3363b0dbf0bb9edb036fb68a61d6dd42\"},\"description\":\"Jezioro Como czy Jezioro Garda? Dowiedz si\u0119, kt\u00f3ra destynacja oferuje najlepsze po\u0142\u0105czenie luksusu, dost\u0119pno\u015bci i \u015br\u00f3dziemnomorskiego stylu \u017cycia na Twoje wakacje 2026.\",\"breadcrumb\":{\"@id\":\"https:\\\/\\\/blog.desenzanoloft.com\\\/pl\\\/jezioro-como-czy-jezioro-garda\\\/#breadcrumb\"},\"inLanguage\":\"pl-PL\",\"potentialAction\":[{\"@type\":\"ReadAction\",\"target\":[\"https:\\\/\\\/blog.desenzanoloft.com\\\/pl\\\/jezioro-como-czy-jezioro-garda\\\/\"]}]},{\"@type\":\"ImageObject\",\"inLanguage\":\"pl-PL\",\"@id\":\"https:\\\/\\\/blog.desenzanoloft.com\\\/pl\\\/jezioro-como-czy-jezioro-garda\\\/#primaryimage\",\"url\":\"https:\\\/\\\/blog.desenzanoloft.com\\\/wp-content\\\/uploads\\\/2026\\\/04\\\/Lake-Como-vs-Lake-Garda-Which-Italian-Jewel-Suits-Your-2026-Holiday-Hero-Image.jpg\",\"contentUrl\":\"https:\\\/\\\/blog.desenzanoloft.com\\\/wp-content\\\/uploads\\\/2026\\\/04\\\/Lake-Como-vs-Lake-Garda-Which-Italian-Jewel-Suits-Your-2026-Holiday-Hero-Image.jpg\",\"width\":1344,\"height\":768},{\"@type\":\"BreadcrumbList\",\"@id\":\"https:\\\/\\\/blog.desenzanoloft.com\\\/pl\\\/jezioro-como-czy-jezioro-garda\\\/#breadcrumb\",\"itemListElement\":[{\"@type\":\"ListItem\",\"position\":1,\"name\":\"Home\",\"item\":\"https:\\\/\\\/blog.desenzanoloft.com\\\/pl\\\/\"},{\"@type\":\"ListItem\",\"position\":2,\"name\":\"Jezioro Como czy Jezioro Garda: Kt\u00f3ry W\u0142oski Klejnot Pasuje do Twoich Wakacji 2026?\"}]},{\"@type\":\"WebSite\",\"@id\":\"https:\\\/\\\/blog.desenzanoloft.com\\\/pl\\\/#website\",\"url\":\"https:\\\/\\\/blog.desenzanoloft.com\\\/pl\\\/\",\"name\":\"Blog\",\"description\":\"Desenzanoloft\",\"potentialAction\":[{\"@type\":\"SearchAction\",\"target\":{\"@type\":\"EntryPoint\",\"urlTemplate\":\"https:\\\/\\\/blog.desenzanoloft.com\\\/pl\\\/?s={search_term_string}\"},\"query-input\":{\"@type\":\"PropertyValueSpecification\",\"valueRequired\":true,\"valueName\":\"search_term_string\"}}],\"inLanguage\":\"pl-PL\"},{\"@type\":\"Person\",\"@id\":\"https:\\\/\\\/blog.desenzanoloft.com\\\/pl\\\/#\\\/schema\\\/person\\\/3363b0dbf0bb9edb036fb68a61d6dd42\",\"name\":\"desenzanoloft\",\"image\":{\"@type\":\"ImageObject\",\"inLanguage\":\"pl-PL\",\"@id\":\"https:\\\/\\\/secure.gravatar.com\\\/avatar\\\/f0a7703b30e35f233c4ec0317086f2b943a1586f5929cc61eeceae263a3ac558?s=96&d=mm&r=g\",\"url\":\"https:\\\/\\\/secure.gravatar.com\\\/avatar\\\/f0a7703b30e35f233c4ec0317086f2b943a1586f5929cc61eeceae263a3ac558?s=96&d=mm&r=g\",\"contentUrl\":\"https:\\\/\\\/secure.gravatar.com\\\/avatar\\\/f0a7703b30e35f233c4ec0317086f2b943a1586f5929cc61eeceae263a3ac558?s=96&d=mm&r=g\",\"caption\":\"desenzanoloft\"},\"sameAs\":[\"https:\\\/\\\/www.desenzanoloft.com\\\/\",\"https:\\\/\\\/www.facebook.com\\\/CarloClaveriniDESENZANO\"],\"url\":\"https:\\\/\\\/blog.desenzanoloft.com\\\/pl\\\/author\\\/desenzanoloft\\\/\"}]}<\/script>\n<!-- \/ Yoast SEO plugin. -->","yoast_head_json":{"title":"Jezioro Como czy Jezioro Garda: Kt\u00f3re Wybra\u0107 w 2026 | DesenzanoLoft","description":"Jezioro Como czy Jezioro Garda? Dowiedz si\u0119, kt\u00f3ra destynacja oferuje najlepsze po\u0142\u0105czenie luksusu, dost\u0119pno\u015bci i \u015br\u00f3dziemnomorskiego stylu \u017cycia na Twoje wakacje 2026.","robots":{"index":"index","follow":"follow","max-snippet":"max-snippet:-1","max-image-preview":"max-image-preview:large","max-video-preview":"max-video-preview:-1"},"canonical":"https:\/\/blog.desenzanoloft.com\/pl\/jezioro-como-czy-jezioro-garda\/","og_locale":"pl_PL","og_type":"article","og_title":"Jezioro Como czy Jezioro Garda: Kt\u00f3re Wybra\u0107 w 2026 | DesenzanoLoft","og_description":"Jezioro Como czy Jezioro Garda? Dowiedz si\u0119, kt\u00f3ra destynacja oferuje najlepsze po\u0142\u0105czenie luksusu, dost\u0119pno\u015bci i \u015br\u00f3dziemnomorskiego stylu \u017cycia na Twoje wakacje 2026.","og_url":"https:\/\/blog.desenzanoloft.com\/pl\/jezioro-como-czy-jezioro-garda\/","og_site_name":"Blog","article_author":"https:\/\/www.facebook.com\/CarloClaveriniDESENZANO","article_published_time":"2026-04-04T13:53:36+00:00","article_modified_time":"2026-04-04T13:55:00+00:00","og_image":[{"width":1344,"height":768,"url":"https:\/\/blog.desenzanoloft.com\/wp-content\/uploads\/2026\/04\/Lake-Como-vs-Lake-Garda-Which-Italian-Jewel-Suits-Your-2026-Holiday-Hero-Image.jpg","type":"image\/jpeg"}],"author":"desenzanoloft","twitter_card":"summary_large_image","twitter_misc":{"Napisane przez":"desenzanoloft","Szacowany czas czytania":"14 minut"},"schema":{"@context":"https:\/\/schema.org","@graph":[{"@type":"Article","@id":"https:\/\/blog.desenzanoloft.com\/pl\/jezioro-como-czy-jezioro-garda\/#article","isPartOf":{"@id":"https:\/\/blog.desenzanoloft.com\/pl\/jezioro-como-czy-jezioro-garda\/"},"author":{"name":"desenzanoloft","@id":"https:\/\/blog.desenzanoloft.com\/pl\/#\/schema\/person\/3363b0dbf0bb9edb036fb68a61d6dd42"},"headline":"Jezioro Como czy Jezioro Garda: Kt\u00f3ry W\u0142oski Klejnot Pasuje do Twoich Wakacji 2026?","datePublished":"2026-04-04T13:53:36+00:00","dateModified":"2026-04-04T13:55:00+00:00","mainEntityOfPage":{"@id":"https:\/\/blog.desenzanoloft.com\/pl\/jezioro-como-czy-jezioro-garda\/"},"wordCount":3073,"image":{"@id":"https:\/\/blog.desenzanoloft.com\/pl\/jezioro-como-czy-jezioro-garda\/#primaryimage"},"thumbnailUrl":"https:\/\/blog.desenzanoloft.com\/wp-content\/uploads\/2026\/04\/Lake-Como-vs-Lake-Garda-Which-Italian-Jewel-Suits-Your-2026-Holiday-Hero-Image.jpg","keywords":["apartamenty wakacyjne Desenzano","aperitivo desenzano","asystowany check-in wakacje","autostrada A4 jezioro Garda","bellagio como","co robi\u0107 jezioro Garda","concierge jezioro Garda","czerwiec jezioro Garda","Desenzano czy Sirmione","desenzano del Garda","Frecciarossa Desenzano Wenecja","gardaland peschiera","gdzie spa\u0107 jezioro Garda","jezioro Como","jezioro Como czy jezioro Garda","jezioro garda","jezioro Garda 2026","jezioro Garda czy jezioro Como","jezioro Garda z dzie\u0107mi","lato jezioro Garda","loft desenzano","lotnisko Werona jezioro Garda","luksusowe apartamenty jezioro Garda","luksusowe wakacje W\u0142ochy","luksusowe wille jezioro Garda","Marriott Bonvoy jezioro Garda","mikroklimat \u015br\u00f3dziemnomorski Garda","najpi\u0119kniejsze jezioro W\u0142och","pla\u017ce Jezioro Garda","po\u0142udniowy brzeg jeziora Garda","por\u00f3wnanie jezior w\u0142oskich","restauracje Desenzano","rezerwacja jezioro Garda 2026","sirmione","superhost airbnb desenzano","termy Sirmione","varenna como","wakacje jezioro Como","wakacje jezioro Garda","wakacje rodzinne jezioro Garda","wakacje W\u0142ochy 2026","weekend jezioro Garda","Werona jezioro Garda","w\u0142oskie jeziora kt\u00f3re wybra\u0107","wrzesie\u0144 jezioro Garda","wycieczka Wenecja z Desenzano","wynajem \u0142odzi jezioro Garda","zach\u00f3d s\u0142o\u0144ca Desenzano","zarz\u0105dzanie nieruchomo\u015bciami jezioro Garda","\u017cegluga jezioro Garda"],"articleSection":["Przewodnik po Jeziorze Garda"],"inLanguage":"pl-PL"},{"@type":"WebPage","@id":"https:\/\/blog.desenzanoloft.com\/pl\/jezioro-como-czy-jezioro-garda\/","url":"https:\/\/blog.desenzanoloft.com\/pl\/jezioro-como-czy-jezioro-garda\/","name":"Jezioro Como czy Jezioro Garda: Kt\u00f3re Wybra\u0107 w 2026 | DesenzanoLoft","isPartOf":{"@id":"https:\/\/blog.desenzanoloft.com\/pl\/#website"},"primaryImageOfPage":{"@id":"https:\/\/blog.desenzanoloft.com\/pl\/jezioro-como-czy-jezioro-garda\/#primaryimage"},"image":{"@id":"https:\/\/blog.desenzanoloft.com\/pl\/jezioro-como-czy-jezioro-garda\/#primaryimage"},"thumbnailUrl":"https:\/\/blog.desenzanoloft.com\/wp-content\/uploads\/2026\/04\/Lake-Como-vs-Lake-Garda-Which-Italian-Jewel-Suits-Your-2026-Holiday-Hero-Image.jpg","datePublished":"2026-04-04T13:53:36+00:00","dateModified":"2026-04-04T13:55:00+00:00","author":{"@id":"https:\/\/blog.desenzanoloft.com\/pl\/#\/schema\/person\/3363b0dbf0bb9edb036fb68a61d6dd42"},"description":"Jezioro Como czy Jezioro Garda? Dowiedz si\u0119, kt\u00f3ra destynacja oferuje najlepsze po\u0142\u0105czenie luksusu, dost\u0119pno\u015bci i \u015br\u00f3dziemnomorskiego stylu \u017cycia na Twoje wakacje 2026.","breadcrumb":{"@id":"https:\/\/blog.desenzanoloft.com\/pl\/jezioro-como-czy-jezioro-garda\/#breadcrumb"},"inLanguage":"pl-PL","potentialAction":[{"@type":"ReadAction","target":["https:\/\/blog.desenzanoloft.com\/pl\/jezioro-como-czy-jezioro-garda\/"]}]},{"@type":"ImageObject","inLanguage":"pl-PL","@id":"https:\/\/blog.desenzanoloft.com\/pl\/jezioro-como-czy-jezioro-garda\/#primaryimage","url":"https:\/\/blog.desenzanoloft.com\/wp-content\/uploads\/2026\/04\/Lake-Como-vs-Lake-Garda-Which-Italian-Jewel-Suits-Your-2026-Holiday-Hero-Image.jpg","contentUrl":"https:\/\/blog.desenzanoloft.com\/wp-content\/uploads\/2026\/04\/Lake-Como-vs-Lake-Garda-Which-Italian-Jewel-Suits-Your-2026-Holiday-Hero-Image.jpg","width":1344,"height":768},{"@type":"BreadcrumbList","@id":"https:\/\/blog.desenzanoloft.com\/pl\/jezioro-como-czy-jezioro-garda\/#breadcrumb","itemListElement":[{"@type":"ListItem","position":1,"name":"Home","item":"https:\/\/blog.desenzanoloft.com\/pl\/"},{"@type":"ListItem","position":2,"name":"Jezioro Como czy Jezioro Garda: Kt\u00f3ry W\u0142oski Klejnot Pasuje do Twoich Wakacji 2026?"}]},{"@type":"WebSite","@id":"https:\/\/blog.desenzanoloft.com\/pl\/#website","url":"https:\/\/blog.desenzanoloft.com\/pl\/","name":"Blog","description":"Desenzanoloft","potentialAction":[{"@type":"SearchAction","target":{"@type":"EntryPoint","urlTemplate":"https:\/\/blog.desenzanoloft.com\/pl\/?s={search_term_string}"},"query-input":{"@type":"PropertyValueSpecification","valueRequired":true,"valueName":"search_term_string"}}],"inLanguage":"pl-PL"},{"@type":"Person","@id":"https:\/\/blog.desenzanoloft.com\/pl\/#\/schema\/person\/3363b0dbf0bb9edb036fb68a61d6dd42","name":"desenzanoloft","image":{"@type":"ImageObject","inLanguage":"pl-PL","@id":"https:\/\/secure.gravatar.com\/avatar\/f0a7703b30e35f233c4ec0317086f2b943a1586f5929cc61eeceae263a3ac558?s=96&d=mm&r=g","url":"https:\/\/secure.gravatar.com\/avatar\/f0a7703b30e35f233c4ec0317086f2b943a1586f5929cc61eeceae263a3ac558?s=96&d=mm&r=g","contentUrl":"https:\/\/secure.gravatar.com\/avatar\/f0a7703b30e35f233c4ec0317086f2b943a1586f5929cc61eeceae263a3ac558?s=96&d=mm&r=g","caption":"desenzanoloft"},"sameAs":["https:\/\/www.desenzanoloft.com\/","https:\/\/www.facebook.com\/CarloClaveriniDESENZANO"],"url":"https:\/\/blog.desenzanoloft.com\/pl\/author\/desenzanoloft\/"}]}},"_links":{"self":[{"href":"https:\/\/blog.desenzanoloft.com\/pl\/wp-json\/wp\/v2\/posts\/2437","targetHints":{"allow":["GET"]}}],"collection":[{"href":"https:\/\/blog.desenzanoloft.com\/pl\/wp-json\/wp\/v2\/posts"}],"about":[{"href":"https:\/\/blog.desenzanoloft.com\/pl\/wp-json\/wp\/v2\/types\/post"}],"author":[{"embeddable":true,"href":"https:\/\/blog.desenzanoloft.com\/pl\/wp-json\/wp\/v2\/users\/57"}],"replies":[{"embeddable":true,"href":"https:\/\/blog.desenzanoloft.com\/pl\/wp-json\/wp\/v2\/comments?post=2437"}],"version-history":[{"count":1,"href":"https:\/\/blog.desenzanoloft.com\/pl\/wp-json\/wp\/v2\/posts\/2437\/revisions"}],"predecessor-version":[{"id":2438,"href":"https:\/\/blog.desenzanoloft.com\/pl\/wp-json\/wp\/v2\/posts\/2437\/revisions\/2438"}],"wp:featuredmedia":[{"embeddable":true,"href":"https:\/\/blog.desenzanoloft.com\/pl\/wp-json\/wp\/v2\/media\/2424"}],"wp:attachment":[{"href":"https:\/\/blog.desenzanoloft.com\/pl\/wp-json\/wp\/v2\/media?parent=2437"}],"wp:term":[{"taxonomy":"category","embeddable":true,"href":"https:\/\/blog.desenzanoloft.com\/pl\/wp-json\/wp\/v2\/categories?post=2437"},{"taxonomy":"post_tag","embeddable":true,"href":"https:\/\/blog.desenzanoloft.com\/pl\/wp-json\/wp\/v2\/tags?post=2437"}],"curies":[{"name":"wp","href":"https:\/\/api.w.org\/{rel}","templated":true}]}}