{"id":1536,"date":"2021-06-27T10:23:41","date_gmt":"2021-06-27T10:23:41","guid":{"rendered":"https:\/\/blog.desenzanoloft.com\/?p=1536"},"modified":"2021-06-27T12:38:10","modified_gmt":"2021-06-27T12:38:10","slug":"intervista-al-ceo-di-desenzanoloft","status":"publish","type":"post","link":"https:\/\/blog.desenzanoloft.com\/pl\/intervista-al-ceo-di-desenzanoloft\/","title":{"rendered":"L&#8217;andamento turistico extralberghiero a Desenzano del Garda"},"content":{"rendered":"\n<figure class=\"wp-block-image size-large is-resized\"><img loading=\"lazy\" decoding=\"async\" src=\"https:\/\/blog.desenzanoloft.com\/wp-content\/uploads\/2021\/06\/thumbnail_image0-960x630.jpg\" alt=\"Carlo Claverini Ceo \" class=\"wp-image-1538\" width=\"474\" height=\"310\"\/><figcaption>Carlo Claverini <\/figcaption><\/figure>\n\n\n\n<p>Intervistiamo Carlo Claverini CEO di DesenzanoLoft la prima agenzia di short rental presente sul territorio Desenzanese, nonch\u00e9 presidente dell\u2019associazione di categoria Desenzano Holiday .<\/p>\n\n\n\n<ul class=\"wp-block-list\"><li><strong>\u00c8 iniziata finalmente l\u2019estate 2021 come vanno le prenotazioni?<\/strong><\/li><li>Con la pandemia in atto la vera difficolt\u00e0 \u00e8 stata quella di programmare nei mesi addietro una corretta offerta da proporre alla nostra clientela, era un po\u2019 come brancolare nel buio \u2026 fino a Pasqua non avevamo alcuna certezza, ma grazie al mio valoroso staff abbiamo aperto una sorta di unit\u00e0 di crisi con gli stessi nostri clienti europei abituali, ci informavamo costantemente sulla situazione nei paesi a noi pi\u00f9 cari. Offriamo la cancellazione gratuita ai nostri guest fino a 14 giorni prima dall\u2019 arrivo, questo ha reso le scelte dei vacanzieri pi\u00f9 flessibili e tranquille.<\/li><li><strong>Quali sono gli standard di sicurezza che offrite ai Vostri ospiti?<\/strong><\/li><li>Sicuramente l\u2019igiene e la sanificazione, ma il 60 % delle nostre strutture usufruiscono del self- check-in, il quale ci consente di offrire comunque un\u2019ottima accoglienza, di smaltire in automatico le pratiche burocratiche, e di effettuare i check-in senza alcun contatto fisico. Devo dire che grazie a keesy (cos\u00ec si chiama il nostro sistema automatico) \u00e8 tutto pi\u00f9 easy, inoltre come normale che sia i vacanzieri prediligono questo tipo di accoglienza.<\/li><\/ul>\n\n\n\n<ul class=\"wp-block-list\"><li><strong>In quest\u2019estate di pandemia da quali paesi provengono gli ospiti? &nbsp;<\/strong><\/li><li>Premesso che le prenotazioni sono suscettibili all\u2019 andamento della pandemia nel nostro paese ed in quello di provenienza dei guest, provo comunque a fornire due numeri: Il 50 % \u00e8 sempre rappresentato dai nostri amici tedeschi seguono nell\u2019 ordine \u2026 Austriaci, Francesi, Svizzeri, Italiani, Polacchi, Cechi, Olandesi. Tante cancellazioni invece dal Regno unito che vive un clima di incertezza, abbiamo tanta nostalgia dei nostri clienti Americani, Arabi, Russi e Israeliani che speriamo di riabbracciare la prossima estate.<\/li><\/ul>\n\n\n\n<ul class=\"wp-block-list\"><li><strong>Quali sono le tipologie di ospiti che scelgono le vostre strutture?<\/strong><\/li><li>C\u2019\u00e8 tanta voglia di ritrovarsi dopo i vari lock down europei, per cui i nostri clienti tipo sono: Famiglie con Nonni e bambini al seguito, Coppie di amici, gruppi \u2026 le coppie invece prediligono gli hotel .<\/li><li><strong>Quali sono le tipologie di strutture pi\u00f9 richieste? &nbsp;<\/strong><\/li><li>Nell\u2019 ordine \u2026 strutture private ed isolate con spazi aperti e piscine, strutture in residence con piscina, appartamenti con ampie terrazze e con almeno due camere da letto.<\/li><li><strong>C\u2019\u00e8 ancora rivalit\u00e0 tra strutture come le vostre e i pi\u00f9 classici albergatori?<\/strong><\/li><li>Assolutamente no, questa cosa e\u2019 una diceria che nacque quando ha preso piede il nostro settore, oggi collaboriamo con gli albergatori, sediamo nella stessa eterogenea consulta del turismo presso il comune , se possibile ci aiutiamo e remiamo tutti nella stessa direzione per il bene dell\u2019 hospitality e soprattutto del nostro territorio . Anzi ti dir\u00f2 di pi\u00f9, la nostra ultima acquisizione di un appartamento di lusso \u00e8 stata portata a buon fine grazie a un collega albergatore.<\/li><li><strong>Come fare per affidare un immobile alla vostra gestione?<\/strong><\/li><\/ul>\n\n\n\n<p>.Premesso che fino a ottobre inoltrato ci dedichiamo esclusivamente a ospitare i nostri guest, non ci interessa pi\u00f9 di tanto ampliare la nostra offerta, abbiamo molta gratitudine verso i proprietari che nonostante la pandemia ci hanno confermato la propria fiducia. Tuttavia, esiste un sito web dedicato per diventare nostri partner per chi possiede un appartamento con i requisiti da noi richiesti ed \u00e8 il seguente: <a href=\"http:\/\/www.desenzanoloft.it\">www.desenzanoloft.it<\/a> , aggiungo inoltre che gestiamo anche il booking per strutture ricettive gi\u00e0 esistenti e presenti su tutto il territorio nazionale, grazie infatti alla nostra esperienza ed al nostro staff multilingue siamo presenti su 94 portali specializzati in tutto il mondo.<\/p>\n\n\n\n<ul class=\"wp-block-list\"><li><strong>Cosa mi dice delle strutture extralberghiere abusive?<\/strong><\/li><li>E un fenomeno in calo ma pur sempre presente , ed \u00e8 per questo motivo che tre anni addietro abbiamo dato vita all\u2019 associazione extra alberghiera Desenzano Holiday che ho l\u2019 onore di presiedere. Ad ogni modo continua \u00e8 la collaborazione con la Polizia locale del territorio Desenzanese alla quale segnaliamo quando necessario la nascita o l\u2019 attivit\u00e0 di una struttura abusiva .<\/li><li><strong>Presidente un\u2019ultima domanda: Andr\u00e0 in vacanza? Quale tipologia di struttura sceglier\u00e0?<\/strong><\/li><li>Per essere un buon ospitante devi assolutamente viaggiare, imparare e attingere nuove idee &nbsp;\u2026 certo che andr\u00f2 in vacanza, ovviamente se le condizioni sanitarie lo permetteranno, andr\u00f2 in Giappone anche grazie alle origini nipponiche della mia compagna, e \u2026 non portando figli al seguito mi far\u00f2 sicuramente coccolare da un Hotel .<\/li><\/ul>\n\n\n\n<h2 class=\"wp-block-heading\">Desenzanoloft :<\/h2>\n\n\n\n<div class=\"wp-block-group\"><div class=\"wp-block-group__inner-container is-layout-flow wp-block-group-is-layout-flow\">\n<ul class=\"wp-block-list\"><li><strong>DesenzanoLoft<\/strong>\u00a0rappresenta una scelta importante per il pernottamento sul lago di Garda per le vostre vacanze speciali o anche per brevi week-end.<\/li><li>Le nostre case vacanze sono inoltre disponibili per voi 365 giorni all\u2019anno.<\/li><li>Contattateci direttamente e inoltre visitate il sito internet nella sezione\u00a0<a rel=\"noreferrer noopener\" href=\"https:\/\/www.desenzanoloft.com\/affitti\/affitti-affitti-d0\/\" target=\"_blank\">CASE VACANZE<\/a>, per scegliere l\u2019alloggio pi\u00f9 adatto alle vostre esigenze sul lago di Garda.<\/li><\/ul>\n\n\n\n<p><strong>Contatti <\/strong>: info@desenzanoloft.com <\/p>\n\n\n\n<p><\/p>\n<\/div><\/div>\n","protected":false},"excerpt":{"rendered":"<p>Intervistiamo Carlo Claverini CEO di DesenzanoLoft la prima agenzia di short rental presente sul territorio Desenzanese, nonch\u00e9 presidente dell\u2019associazione di&#8230;<\/p>\n","protected":false},"author":57,"featured_media":1546,"comment_status":"open","ping_status":"open","sticky":false,"template":"","format":"standard","meta":{"footnotes":""},"categories":[635],"tags":[14,15,492,13,493,21],"class_list":["post-1536","post","type-post","status-publish","format-standard","has-post-thumbnail","hentry","category-intervista","tag-desenzanodelgarda","tag-desenzanoloft","tag-gardasee-2","tag-lagodigarda","tag-lakegarda-2","tag-sirmione"],"yoast_head":"<!-- This site is optimized with the Yoast SEO plugin v27.5 - https:\/\/yoast.com\/product\/yoast-seo-wordpress\/ -->\n<title>L&#039;andamento turistico extralberghiero a Desenzano del Garda - Blog<\/title>\n<meta name=\"description\" content=\"L&#039; andamento turistico delle case vacanza a Desenzano del Garda\" \/>\n<meta name=\"robots\" content=\"index, follow, max-snippet:-1, max-image-preview:large, max-video-preview:-1\" \/>\n<link rel=\"canonical\" href=\"https:\/\/blog.desenzanoloft.com\/pl\/intervista-al-ceo-di-desenzanoloft\/\" \/>\n<meta property=\"og:locale\" content=\"pl_PL\" \/>\n<meta property=\"og:type\" content=\"article\" \/>\n<meta property=\"og:title\" content=\"L&#039;andamento turistico extralberghiero a Desenzano del Garda - Blog\" \/>\n<meta property=\"og:description\" content=\"L&#039; andamento turistico delle case vacanza a Desenzano del Garda\" \/>\n<meta property=\"og:url\" content=\"https:\/\/blog.desenzanoloft.com\/pl\/intervista-al-ceo-di-desenzanoloft\/\" \/>\n<meta property=\"og:site_name\" content=\"Blog\" \/>\n<meta property=\"article:author\" content=\"https:\/\/www.facebook.com\/CarloClaveriniDESENZANO\" \/>\n<meta property=\"article:published_time\" content=\"2021-06-27T10:23:41+00:00\" \/>\n<meta property=\"article:modified_time\" content=\"2021-06-27T12:38:10+00:00\" \/>\n<meta property=\"og:image\" content=\"https:\/\/blog.desenzanoloft.com\/wp-content\/uploads\/2021\/06\/thumbnail_image0-1.jpg\" \/>\n\t<meta property=\"og:image:width\" content=\"960\" \/>\n\t<meta property=\"og:image:height\" content=\"1280\" \/>\n\t<meta property=\"og:image:type\" content=\"image\/jpeg\" \/>\n<meta name=\"author\" content=\"desenzanoloft\" \/>\n<meta name=\"twitter:card\" content=\"summary_large_image\" \/>\n<meta name=\"twitter:label1\" content=\"Napisane przez\" \/>\n\t<meta name=\"twitter:data1\" content=\"desenzanoloft\" \/>\n\t<meta name=\"twitter:label2\" content=\"Szacowany czas czytania\" \/>\n\t<meta name=\"twitter:data2\" content=\"4 minuty\" \/>\n<script type=\"application\/ld+json\" class=\"yoast-schema-graph\">{\"@context\":\"https:\\\/\\\/schema.org\",\"@graph\":[{\"@type\":\"Article\",\"@id\":\"https:\\\/\\\/blog.desenzanoloft.com\\\/pl\\\/intervista-al-ceo-di-desenzanoloft\\\/#article\",\"isPartOf\":{\"@id\":\"https:\\\/\\\/blog.desenzanoloft.com\\\/pl\\\/intervista-al-ceo-di-desenzanoloft\\\/\"},\"author\":{\"name\":\"desenzanoloft\",\"@id\":\"https:\\\/\\\/blog.desenzanoloft.com\\\/pl\\\/#\\\/schema\\\/person\\\/3363b0dbf0bb9edb036fb68a61d6dd42\"},\"headline\":\"L&#8217;andamento turistico extralberghiero a Desenzano del Garda\",\"datePublished\":\"2021-06-27T10:23:41+00:00\",\"dateModified\":\"2021-06-27T12:38:10+00:00\",\"mainEntityOfPage\":{\"@id\":\"https:\\\/\\\/blog.desenzanoloft.com\\\/pl\\\/intervista-al-ceo-di-desenzanoloft\\\/\"},\"wordCount\":776,\"commentCount\":0,\"image\":{\"@id\":\"https:\\\/\\\/blog.desenzanoloft.com\\\/pl\\\/intervista-al-ceo-di-desenzanoloft\\\/#primaryimage\"},\"thumbnailUrl\":\"https:\\\/\\\/blog.desenzanoloft.com\\\/wp-content\\\/uploads\\\/2021\\\/06\\\/thumbnail_image0-1.jpg\",\"keywords\":[\"desenzanodelgarda\",\"desenzanoloft\",\"gardasee\",\"lagodigarda\",\"lakegarda\",\"sirmione\"],\"articleSection\":[\"intervista\"],\"inLanguage\":\"pl-PL\",\"potentialAction\":[{\"@type\":\"CommentAction\",\"name\":\"Comment\",\"target\":[\"https:\\\/\\\/blog.desenzanoloft.com\\\/pl\\\/intervista-al-ceo-di-desenzanoloft\\\/#respond\"]}]},{\"@type\":\"WebPage\",\"@id\":\"https:\\\/\\\/blog.desenzanoloft.com\\\/pl\\\/intervista-al-ceo-di-desenzanoloft\\\/\",\"url\":\"https:\\\/\\\/blog.desenzanoloft.com\\\/pl\\\/intervista-al-ceo-di-desenzanoloft\\\/\",\"name\":\"L'andamento turistico extralberghiero a Desenzano del Garda - Blog\",\"isPartOf\":{\"@id\":\"https:\\\/\\\/blog.desenzanoloft.com\\\/pl\\\/#website\"},\"primaryImageOfPage\":{\"@id\":\"https:\\\/\\\/blog.desenzanoloft.com\\\/pl\\\/intervista-al-ceo-di-desenzanoloft\\\/#primaryimage\"},\"image\":{\"@id\":\"https:\\\/\\\/blog.desenzanoloft.com\\\/pl\\\/intervista-al-ceo-di-desenzanoloft\\\/#primaryimage\"},\"thumbnailUrl\":\"https:\\\/\\\/blog.desenzanoloft.com\\\/wp-content\\\/uploads\\\/2021\\\/06\\\/thumbnail_image0-1.jpg\",\"datePublished\":\"2021-06-27T10:23:41+00:00\",\"dateModified\":\"2021-06-27T12:38:10+00:00\",\"author\":{\"@id\":\"https:\\\/\\\/blog.desenzanoloft.com\\\/pl\\\/#\\\/schema\\\/person\\\/3363b0dbf0bb9edb036fb68a61d6dd42\"},\"description\":\"L' andamento turistico delle case vacanza a Desenzano del Garda\",\"breadcrumb\":{\"@id\":\"https:\\\/\\\/blog.desenzanoloft.com\\\/pl\\\/intervista-al-ceo-di-desenzanoloft\\\/#breadcrumb\"},\"inLanguage\":\"pl-PL\",\"potentialAction\":[{\"@type\":\"ReadAction\",\"target\":[\"https:\\\/\\\/blog.desenzanoloft.com\\\/pl\\\/intervista-al-ceo-di-desenzanoloft\\\/\"]}]},{\"@type\":\"ImageObject\",\"inLanguage\":\"pl-PL\",\"@id\":\"https:\\\/\\\/blog.desenzanoloft.com\\\/pl\\\/intervista-al-ceo-di-desenzanoloft\\\/#primaryimage\",\"url\":\"https:\\\/\\\/blog.desenzanoloft.com\\\/wp-content\\\/uploads\\\/2021\\\/06\\\/thumbnail_image0-1.jpg\",\"contentUrl\":\"https:\\\/\\\/blog.desenzanoloft.com\\\/wp-content\\\/uploads\\\/2021\\\/06\\\/thumbnail_image0-1.jpg\",\"width\":960,\"height\":1280},{\"@type\":\"BreadcrumbList\",\"@id\":\"https:\\\/\\\/blog.desenzanoloft.com\\\/pl\\\/intervista-al-ceo-di-desenzanoloft\\\/#breadcrumb\",\"itemListElement\":[{\"@type\":\"ListItem\",\"position\":1,\"name\":\"Home\",\"item\":\"https:\\\/\\\/blog.desenzanoloft.com\\\/pl\\\/\"},{\"@type\":\"ListItem\",\"position\":2,\"name\":\"L&#8217;andamento turistico extralberghiero a Desenzano del Garda\"}]},{\"@type\":\"WebSite\",\"@id\":\"https:\\\/\\\/blog.desenzanoloft.com\\\/pl\\\/#website\",\"url\":\"https:\\\/\\\/blog.desenzanoloft.com\\\/pl\\\/\",\"name\":\"Blog\",\"description\":\"Desenzanoloft\",\"potentialAction\":[{\"@type\":\"SearchAction\",\"target\":{\"@type\":\"EntryPoint\",\"urlTemplate\":\"https:\\\/\\\/blog.desenzanoloft.com\\\/pl\\\/?s={search_term_string}\"},\"query-input\":{\"@type\":\"PropertyValueSpecification\",\"valueRequired\":true,\"valueName\":\"search_term_string\"}}],\"inLanguage\":\"pl-PL\"},{\"@type\":\"Person\",\"@id\":\"https:\\\/\\\/blog.desenzanoloft.com\\\/pl\\\/#\\\/schema\\\/person\\\/3363b0dbf0bb9edb036fb68a61d6dd42\",\"name\":\"desenzanoloft\",\"image\":{\"@type\":\"ImageObject\",\"inLanguage\":\"pl-PL\",\"@id\":\"https:\\\/\\\/secure.gravatar.com\\\/avatar\\\/f0a7703b30e35f233c4ec0317086f2b943a1586f5929cc61eeceae263a3ac558?s=96&d=mm&r=g\",\"url\":\"https:\\\/\\\/secure.gravatar.com\\\/avatar\\\/f0a7703b30e35f233c4ec0317086f2b943a1586f5929cc61eeceae263a3ac558?s=96&d=mm&r=g\",\"contentUrl\":\"https:\\\/\\\/secure.gravatar.com\\\/avatar\\\/f0a7703b30e35f233c4ec0317086f2b943a1586f5929cc61eeceae263a3ac558?s=96&d=mm&r=g\",\"caption\":\"desenzanoloft\"},\"sameAs\":[\"https:\\\/\\\/www.desenzanoloft.com\\\/\",\"https:\\\/\\\/www.facebook.com\\\/CarloClaveriniDESENZANO\"],\"url\":\"https:\\\/\\\/blog.desenzanoloft.com\\\/pl\\\/author\\\/desenzanoloft\\\/\"}]}<\/script>\n<!-- \/ Yoast SEO plugin. -->","yoast_head_json":{"title":"L'andamento turistico extralberghiero a Desenzano del Garda - Blog","description":"L' andamento turistico delle case vacanza a Desenzano del Garda","robots":{"index":"index","follow":"follow","max-snippet":"max-snippet:-1","max-image-preview":"max-image-preview:large","max-video-preview":"max-video-preview:-1"},"canonical":"https:\/\/blog.desenzanoloft.com\/pl\/intervista-al-ceo-di-desenzanoloft\/","og_locale":"pl_PL","og_type":"article","og_title":"L'andamento turistico extralberghiero a Desenzano del Garda - Blog","og_description":"L' andamento turistico delle case vacanza a Desenzano del Garda","og_url":"https:\/\/blog.desenzanoloft.com\/pl\/intervista-al-ceo-di-desenzanoloft\/","og_site_name":"Blog","article_author":"https:\/\/www.facebook.com\/CarloClaveriniDESENZANO","article_published_time":"2021-06-27T10:23:41+00:00","article_modified_time":"2021-06-27T12:38:10+00:00","og_image":[{"width":960,"height":1280,"url":"https:\/\/blog.desenzanoloft.com\/wp-content\/uploads\/2021\/06\/thumbnail_image0-1.jpg","type":"image\/jpeg"}],"author":"desenzanoloft","twitter_card":"summary_large_image","twitter_misc":{"Napisane przez":"desenzanoloft","Szacowany czas czytania":"4 minuty"},"schema":{"@context":"https:\/\/schema.org","@graph":[{"@type":"Article","@id":"https:\/\/blog.desenzanoloft.com\/pl\/intervista-al-ceo-di-desenzanoloft\/#article","isPartOf":{"@id":"https:\/\/blog.desenzanoloft.com\/pl\/intervista-al-ceo-di-desenzanoloft\/"},"author":{"name":"desenzanoloft","@id":"https:\/\/blog.desenzanoloft.com\/pl\/#\/schema\/person\/3363b0dbf0bb9edb036fb68a61d6dd42"},"headline":"L&#8217;andamento turistico extralberghiero a Desenzano del Garda","datePublished":"2021-06-27T10:23:41+00:00","dateModified":"2021-06-27T12:38:10+00:00","mainEntityOfPage":{"@id":"https:\/\/blog.desenzanoloft.com\/pl\/intervista-al-ceo-di-desenzanoloft\/"},"wordCount":776,"commentCount":0,"image":{"@id":"https:\/\/blog.desenzanoloft.com\/pl\/intervista-al-ceo-di-desenzanoloft\/#primaryimage"},"thumbnailUrl":"https:\/\/blog.desenzanoloft.com\/wp-content\/uploads\/2021\/06\/thumbnail_image0-1.jpg","keywords":["desenzanodelgarda","desenzanoloft","gardasee","lagodigarda","lakegarda","sirmione"],"articleSection":["intervista"],"inLanguage":"pl-PL","potentialAction":[{"@type":"CommentAction","name":"Comment","target":["https:\/\/blog.desenzanoloft.com\/pl\/intervista-al-ceo-di-desenzanoloft\/#respond"]}]},{"@type":"WebPage","@id":"https:\/\/blog.desenzanoloft.com\/pl\/intervista-al-ceo-di-desenzanoloft\/","url":"https:\/\/blog.desenzanoloft.com\/pl\/intervista-al-ceo-di-desenzanoloft\/","name":"L'andamento turistico extralberghiero a Desenzano del Garda - Blog","isPartOf":{"@id":"https:\/\/blog.desenzanoloft.com\/pl\/#website"},"primaryImageOfPage":{"@id":"https:\/\/blog.desenzanoloft.com\/pl\/intervista-al-ceo-di-desenzanoloft\/#primaryimage"},"image":{"@id":"https:\/\/blog.desenzanoloft.com\/pl\/intervista-al-ceo-di-desenzanoloft\/#primaryimage"},"thumbnailUrl":"https:\/\/blog.desenzanoloft.com\/wp-content\/uploads\/2021\/06\/thumbnail_image0-1.jpg","datePublished":"2021-06-27T10:23:41+00:00","dateModified":"2021-06-27T12:38:10+00:00","author":{"@id":"https:\/\/blog.desenzanoloft.com\/pl\/#\/schema\/person\/3363b0dbf0bb9edb036fb68a61d6dd42"},"description":"L' andamento turistico delle case vacanza a Desenzano del Garda","breadcrumb":{"@id":"https:\/\/blog.desenzanoloft.com\/pl\/intervista-al-ceo-di-desenzanoloft\/#breadcrumb"},"inLanguage":"pl-PL","potentialAction":[{"@type":"ReadAction","target":["https:\/\/blog.desenzanoloft.com\/pl\/intervista-al-ceo-di-desenzanoloft\/"]}]},{"@type":"ImageObject","inLanguage":"pl-PL","@id":"https:\/\/blog.desenzanoloft.com\/pl\/intervista-al-ceo-di-desenzanoloft\/#primaryimage","url":"https:\/\/blog.desenzanoloft.com\/wp-content\/uploads\/2021\/06\/thumbnail_image0-1.jpg","contentUrl":"https:\/\/blog.desenzanoloft.com\/wp-content\/uploads\/2021\/06\/thumbnail_image0-1.jpg","width":960,"height":1280},{"@type":"BreadcrumbList","@id":"https:\/\/blog.desenzanoloft.com\/pl\/intervista-al-ceo-di-desenzanoloft\/#breadcrumb","itemListElement":[{"@type":"ListItem","position":1,"name":"Home","item":"https:\/\/blog.desenzanoloft.com\/pl\/"},{"@type":"ListItem","position":2,"name":"L&#8217;andamento turistico extralberghiero a Desenzano del Garda"}]},{"@type":"WebSite","@id":"https:\/\/blog.desenzanoloft.com\/pl\/#website","url":"https:\/\/blog.desenzanoloft.com\/pl\/","name":"Blog","description":"Desenzanoloft","potentialAction":[{"@type":"SearchAction","target":{"@type":"EntryPoint","urlTemplate":"https:\/\/blog.desenzanoloft.com\/pl\/?s={search_term_string}"},"query-input":{"@type":"PropertyValueSpecification","valueRequired":true,"valueName":"search_term_string"}}],"inLanguage":"pl-PL"},{"@type":"Person","@id":"https:\/\/blog.desenzanoloft.com\/pl\/#\/schema\/person\/3363b0dbf0bb9edb036fb68a61d6dd42","name":"desenzanoloft","image":{"@type":"ImageObject","inLanguage":"pl-PL","@id":"https:\/\/secure.gravatar.com\/avatar\/f0a7703b30e35f233c4ec0317086f2b943a1586f5929cc61eeceae263a3ac558?s=96&d=mm&r=g","url":"https:\/\/secure.gravatar.com\/avatar\/f0a7703b30e35f233c4ec0317086f2b943a1586f5929cc61eeceae263a3ac558?s=96&d=mm&r=g","contentUrl":"https:\/\/secure.gravatar.com\/avatar\/f0a7703b30e35f233c4ec0317086f2b943a1586f5929cc61eeceae263a3ac558?s=96&d=mm&r=g","caption":"desenzanoloft"},"sameAs":["https:\/\/www.desenzanoloft.com\/","https:\/\/www.facebook.com\/CarloClaveriniDESENZANO"],"url":"https:\/\/blog.desenzanoloft.com\/pl\/author\/desenzanoloft\/"}]}},"_links":{"self":[{"href":"https:\/\/blog.desenzanoloft.com\/pl\/wp-json\/wp\/v2\/posts\/1536","targetHints":{"allow":["GET"]}}],"collection":[{"href":"https:\/\/blog.desenzanoloft.com\/pl\/wp-json\/wp\/v2\/posts"}],"about":[{"href":"https:\/\/blog.desenzanoloft.com\/pl\/wp-json\/wp\/v2\/types\/post"}],"author":[{"embeddable":true,"href":"https:\/\/blog.desenzanoloft.com\/pl\/wp-json\/wp\/v2\/users\/57"}],"replies":[{"embeddable":true,"href":"https:\/\/blog.desenzanoloft.com\/pl\/wp-json\/wp\/v2\/comments?post=1536"}],"version-history":[{"count":5,"href":"https:\/\/blog.desenzanoloft.com\/pl\/wp-json\/wp\/v2\/posts\/1536\/revisions"}],"predecessor-version":[{"id":1561,"href":"https:\/\/blog.desenzanoloft.com\/pl\/wp-json\/wp\/v2\/posts\/1536\/revisions\/1561"}],"wp:featuredmedia":[{"embeddable":true,"href":"https:\/\/blog.desenzanoloft.com\/pl\/wp-json\/wp\/v2\/media\/1546"}],"wp:attachment":[{"href":"https:\/\/blog.desenzanoloft.com\/pl\/wp-json\/wp\/v2\/media?parent=1536"}],"wp:term":[{"taxonomy":"category","embeddable":true,"href":"https:\/\/blog.desenzanoloft.com\/pl\/wp-json\/wp\/v2\/categories?post=1536"},{"taxonomy":"post_tag","embeddable":true,"href":"https:\/\/blog.desenzanoloft.com\/pl\/wp-json\/wp\/v2\/tags?post=1536"}],"curies":[{"name":"wp","href":"https:\/\/api.w.org\/{rel}","templated":true}]}}