{"id":140,"date":"2019-03-13T09:00:05","date_gmt":"2019-03-13T09:00:05","guid":{"rendered":"https:\/\/blog.desenzanoloft.com\/?p=140"},"modified":"2019-05-13T09:07:05","modified_gmt":"2019-05-13T09:07:05","slug":"1000-miglia-2019","status":"publish","type":"post","link":"https:\/\/blog.desenzanoloft.com\/pl\/1000-miglia-2019\/","title":{"rendered":"1000 Miglia 2019"},"content":{"rendered":"<h2>1000\u00a0Miglia 2019<\/h2>\n<figure id=\"attachment_714\" aria-describedby=\"caption-attachment-714\" style=\"width: 150px\" class=\"wp-caption alignnone\"><a href=\"https:\/\/blog.desenzanoloft.com\/wp-content\/uploads\/sites\/40\/2018\/01\/50827326_2211336462422623_2683766454423126016_o.jpg\"><img loading=\"lazy\" decoding=\"async\" class=\"wp-image-714 size-thumbnail\" src=\"https:\/\/blog.desenzanoloft.com\/wp-content\/uploads\/sites\/40\/2018\/01\/50827326_2211336462422623_2683766454423126016_o-150x150.jpg\" alt=\"1000 Miglia 2019\" width=\"150\" height=\"150\" srcset=\"https:\/\/blog.desenzanoloft.com\/wp-content\/uploads\/2018\/01\/50827326_2211336462422623_2683766454423126016_o-150x150.jpg 150w, https:\/\/blog.desenzanoloft.com\/wp-content\/uploads\/2018\/01\/50827326_2211336462422623_2683766454423126016_o-64x64.jpg 64w\" sizes=\"auto, (max-width: 150px) 100vw, 150px\" \/><\/a><figcaption id=\"caption-attachment-714\" class=\"wp-caption-text\">1000 Miglia 2019<\/figcaption><\/figure>\n<p>1000 Miglia 2019: torna la corsa pi\u00f9 bella del mondo, la trentasettesima edizione con tante novit\u00e0.<br \/>\nUna di queste \u00e8 la riduzione del numero delle auto partecipanti alla corsa: per rafforzare gli aspetti legati alla sicurezza si \u00e8 infatti reso necessario ridurre il numero delle vetture in gara; saranno quindi 430 le vetture al via, appartenenti a ben 71 case costruttrici.<\/p>\n<p>La Freccia Rossa partir\u00e0 da Brescia come ogni anno, il 15 maggio e attraverser\u00e0 cos\u00ec il cuore dello stivale verso la Capitale, per poi tornare a Brescia sabato 18 maggio, dopo aver fatto tappa a\u00a0<strong>Cervia \u2013 Milano Marittima, Roma e Bologna.<\/strong><\/p>\n<p>Lo scenario fantastico che fa da sfondo alla Mille Miglia, fa scoprire le innumerevoli bellezze d\u2019Italia.<\/p>\n<p>Anche il lago di Garda, come sempre, fa da cornice alla Mille Miglia con il passaggio nel centro di Desenzano e lungo la penisola di Sirmione.<\/p>\n<p><strong>Ecco il programma dettagliato del transito a Desenzano del Garda il 15 maggio 2019:<br \/>\n<\/strong><br \/>\nOrario previsto ore 15.10: Viale Guglielmo Marconi, viale Gramsci, lungolago Cesare Battisti (MM: Controllo Timbro &#8211; FT: Controllo orario), piazza Matteotti, via Anelli, Viale Tommaso Dal Molin (ex SS11), Viale Motta, Via G.Di Vittorio, Viale Agello.<\/p>\n<h2>Marted\u00ec 14 maggio a Desenzano<\/h2>\n<p>Evento a Desenzano del Garda, ASPETTANDO LA 1000 MIGLIA IN FERRARI<br \/>\nDalle ore 18 alle 20<br \/>\nPiazza Malvezzi &#8211; Piazza Cappelletti<br \/>\nEsposizione Vetture Ferrari Tribute ed evento musicale con &#8222;Elodea Quartet&#8221;, visori multimediali.<\/p>\n<p><a href=\"https:\/\/blog.desenzanoloft.com\/wp-content\/uploads\/2019\/03\/59944614_1294713630729762_6840898264095522816_o-min-1.jpg\"><img loading=\"lazy\" decoding=\"async\" class=\"alignnone size-thumbnail wp-image-823\" src=\"https:\/\/blog.desenzanoloft.com\/wp-content\/uploads\/2019\/03\/59944614_1294713630729762_6840898264095522816_o-min-1-150x150.jpg\" alt=\"\" width=\"150\" height=\"150\" srcset=\"https:\/\/blog.desenzanoloft.com\/wp-content\/uploads\/2019\/03\/59944614_1294713630729762_6840898264095522816_o-min-1-150x150.jpg 150w, https:\/\/blog.desenzanoloft.com\/wp-content\/uploads\/2019\/03\/59944614_1294713630729762_6840898264095522816_o-min-1-64x64.jpg 64w\" sizes=\"auto, (max-width: 150px) 100vw, 150px\" \/><\/a><\/p>\n<h2>Eventi<\/h2>\n<p>Tanti gli eventi correlati al passaggio delle vetture\u00a0storiche come illustri i suoi protagonisti che ogni anno si sfidano a bordo di auto d\u2019epoca rimesse a lucido per l\u2019occasione.<br \/>\nA conclusione della competizione, sabato 18 maggio a Brescia ci sar\u00e0 una grande notte bianca lungo le vie del centro storico: <strong>Mille Miglia The Night<\/strong>.<\/p>\n<p>Per informazioni su 1000 Miglia 2019:\u00a0<a href=\"http:\/\/www.1000miglia.it\/\" target=\"_blank\" rel=\"noopener noreferrer\">www.1000miglia.it<\/a><\/p>\n<h2>Desenzanoloft per il tuo pernottamento<\/h2>\n<p>DesenzanoLoft rappresenta una scelta importante per il pernottamento dei partecipanti alla 1000 Miglia 2019 e di turisti e curiosi.<br \/>\nQuesto per la vicinanze con Brescia ma soprattutto per l\u2019ampia scelta degli appartamenti disponibili.<br \/>\nContattateci direttamente o visitate il nostro sito internet nella sezione <a href=\"https:\/\/www.desenzanoloft.com\/affitti\/affitti-affitti-d0\/\">CASE VACANZE<\/a>, per scegliere l\u2019alloggio pi\u00f9 adatto alle vostre esigenze sul lago di Garda, da Desenzano del Garda e Sirmione, a diverse localit\u00e0 della sponda occidentale del lago di Garda, ma anche orientale.<\/p>\n<p>Siamo a disposizione anche per la prenotazione di biglietteria ferroviaria, aerea e di navigazione oltre alla semplice informazione sugli spostamenti con i mezzi pubblici della zona.<\/p>\n<p>Direttamente da noi potrete acquistare biglietti per i parchi di divertimento tra cui Gardaland, di cui siamo biglietteria ufficiale.<\/p>\n<p>Contatti:\u00a0info@desenzanoloft.com \u2013 Tel:\u00a0tel 0307714707 \u2013 Facebook:\u00a0<a href=\"https:\/\/www.facebook.com\/CarloClaveriniDESENZANO\/\" target=\"_blank\" rel=\"noopener noreferrer\">DesenzanoLoft rent vacation Appartament<\/a><\/p>\n","protected":false},"excerpt":{"rendered":"<p>1000\u00a0Miglia 2019 1000 Miglia 2019: torna la corsa pi\u00f9 bella del mondo, la trentasettesima edizione con tante novit\u00e0. Una di&#8230;<\/p>\n","protected":false},"author":57,"featured_media":715,"comment_status":"open","ping_status":"open","sticky":false,"template":"","format":"standard","meta":{"footnotes":""},"categories":[2],"tags":[451,452,71,6,26,72,76,14,15,89,13,20,69,73,21,74],"class_list":["post-140","post","type-post","status-publish","format-standard","has-post-thumbnail","hentry","category-notizie-ed-eventi","tag-1000-miglia-2019","tag-1000-miglia-brescia","tag-1000miglia","tag-apartment","tag-apartments","tag-brescia","tag-case-vacanza","tag-desenzanodelgarda","tag-desenzanoloft","tag-holiday","tag-lagodigarda","tag-lakegarda","tag-mille-miglia","tag-roma","tag-sirmione","tag-vacanze"],"yoast_head":"<!-- This site is optimized with the Yoast SEO plugin v27.5 - https:\/\/yoast.com\/product\/yoast-seo-wordpress\/ -->\n<title>1000 Miglia 2019 - Blog<\/title>\n<meta name=\"description\" content=\"1000 Miglia 2019: torna la corsa pi\u00f9 bella del mondo, con tante novit\u00e0. Partenza e arrivo a Brescia da mercoled\u00ec 15 a sabato 18 maggio 2019\" \/>\n<meta name=\"robots\" content=\"index, follow, max-snippet:-1, max-image-preview:large, max-video-preview:-1\" \/>\n<link rel=\"canonical\" href=\"https:\/\/blog.desenzanoloft.com\/pl\/1000-miglia-2019\/\" \/>\n<meta property=\"og:locale\" content=\"pl_PL\" \/>\n<meta property=\"og:type\" content=\"article\" \/>\n<meta property=\"og:title\" content=\"1000 Miglia 2019 - Blog\" \/>\n<meta property=\"og:description\" content=\"1000 Miglia 2019: torna la corsa pi\u00f9 bella del mondo, con tante novit\u00e0. Partenza e arrivo a Brescia da mercoled\u00ec 15 a sabato 18 maggio 2019\" \/>\n<meta property=\"og:url\" content=\"https:\/\/blog.desenzanoloft.com\/pl\/1000-miglia-2019\/\" \/>\n<meta property=\"og:site_name\" content=\"Blog\" \/>\n<meta property=\"article:author\" content=\"https:\/\/www.facebook.com\/CarloClaveriniDESENZANO\" \/>\n<meta property=\"article:published_time\" content=\"2019-03-13T09:00:05+00:00\" \/>\n<meta property=\"article:modified_time\" content=\"2019-05-13T09:07:05+00:00\" \/>\n<meta property=\"og:image\" content=\"https:\/\/blog.desenzanoloft.com\/wp-content\/uploads\/2018\/01\/Everyone-is-welcome.jpg\" \/>\n\t<meta property=\"og:image:width\" content=\"940\" \/>\n\t<meta property=\"og:image:height\" content=\"788\" \/>\n\t<meta property=\"og:image:type\" content=\"image\/jpeg\" \/>\n<meta name=\"author\" content=\"desenzanoloft\" \/>\n<meta name=\"twitter:card\" content=\"summary_large_image\" \/>\n<meta name=\"twitter:label1\" content=\"Napisane przez\" \/>\n\t<meta name=\"twitter:data1\" content=\"desenzanoloft\" \/>\n\t<meta name=\"twitter:label2\" content=\"Szacowany czas czytania\" \/>\n\t<meta name=\"twitter:data2\" content=\"2 minuty\" \/>\n<script type=\"application\/ld+json\" class=\"yoast-schema-graph\">{\"@context\":\"https:\\\/\\\/schema.org\",\"@graph\":[{\"@type\":\"Article\",\"@id\":\"https:\\\/\\\/blog.desenzanoloft.com\\\/pl\\\/1000-miglia-2019\\\/#article\",\"isPartOf\":{\"@id\":\"https:\\\/\\\/blog.desenzanoloft.com\\\/pl\\\/1000-miglia-2019\\\/\"},\"author\":{\"name\":\"desenzanoloft\",\"@id\":\"https:\\\/\\\/blog.desenzanoloft.com\\\/pl\\\/#\\\/schema\\\/person\\\/3363b0dbf0bb9edb036fb68a61d6dd42\"},\"headline\":\"1000 Miglia 2019\",\"datePublished\":\"2019-03-13T09:00:05+00:00\",\"dateModified\":\"2019-05-13T09:07:05+00:00\",\"mainEntityOfPage\":{\"@id\":\"https:\\\/\\\/blog.desenzanoloft.com\\\/pl\\\/1000-miglia-2019\\\/\"},\"wordCount\":429,\"commentCount\":0,\"image\":{\"@id\":\"https:\\\/\\\/blog.desenzanoloft.com\\\/pl\\\/1000-miglia-2019\\\/#primaryimage\"},\"thumbnailUrl\":\"https:\\\/\\\/blog.desenzanoloft.com\\\/wp-content\\\/uploads\\\/2018\\\/01\\\/Everyone-is-welcome.jpg\",\"keywords\":[\"1000 miglia 2019\",\"1000 miglia brescia\",\"1000miglia\",\"apartment\",\"apartments\",\"brescia\",\"case vacanza\",\"desenzanodelgarda\",\"desenzanoloft\",\"holiday\",\"lagodigarda\",\"lakegarda\",\"mille miglia\",\"roma\",\"sirmione\",\"vacanze\"],\"articleSection\":[\"notizie ed eventi\"],\"inLanguage\":\"pl-PL\",\"potentialAction\":[{\"@type\":\"CommentAction\",\"name\":\"Comment\",\"target\":[\"https:\\\/\\\/blog.desenzanoloft.com\\\/pl\\\/1000-miglia-2019\\\/#respond\"]}]},{\"@type\":\"WebPage\",\"@id\":\"https:\\\/\\\/blog.desenzanoloft.com\\\/pl\\\/1000-miglia-2019\\\/\",\"url\":\"https:\\\/\\\/blog.desenzanoloft.com\\\/pl\\\/1000-miglia-2019\\\/\",\"name\":\"1000 Miglia 2019 - Blog\",\"isPartOf\":{\"@id\":\"https:\\\/\\\/blog.desenzanoloft.com\\\/pl\\\/#website\"},\"primaryImageOfPage\":{\"@id\":\"https:\\\/\\\/blog.desenzanoloft.com\\\/pl\\\/1000-miglia-2019\\\/#primaryimage\"},\"image\":{\"@id\":\"https:\\\/\\\/blog.desenzanoloft.com\\\/pl\\\/1000-miglia-2019\\\/#primaryimage\"},\"thumbnailUrl\":\"https:\\\/\\\/blog.desenzanoloft.com\\\/wp-content\\\/uploads\\\/2018\\\/01\\\/Everyone-is-welcome.jpg\",\"datePublished\":\"2019-03-13T09:00:05+00:00\",\"dateModified\":\"2019-05-13T09:07:05+00:00\",\"author\":{\"@id\":\"https:\\\/\\\/blog.desenzanoloft.com\\\/pl\\\/#\\\/schema\\\/person\\\/3363b0dbf0bb9edb036fb68a61d6dd42\"},\"description\":\"1000 Miglia 2019: torna la corsa pi\u00f9 bella del mondo, con tante novit\u00e0. Partenza e arrivo a Brescia da mercoled\u00ec 15 a sabato 18 maggio 2019\",\"breadcrumb\":{\"@id\":\"https:\\\/\\\/blog.desenzanoloft.com\\\/pl\\\/1000-miglia-2019\\\/#breadcrumb\"},\"inLanguage\":\"pl-PL\",\"potentialAction\":[{\"@type\":\"ReadAction\",\"target\":[\"https:\\\/\\\/blog.desenzanoloft.com\\\/pl\\\/1000-miglia-2019\\\/\"]}]},{\"@type\":\"ImageObject\",\"inLanguage\":\"pl-PL\",\"@id\":\"https:\\\/\\\/blog.desenzanoloft.com\\\/pl\\\/1000-miglia-2019\\\/#primaryimage\",\"url\":\"https:\\\/\\\/blog.desenzanoloft.com\\\/wp-content\\\/uploads\\\/2018\\\/01\\\/Everyone-is-welcome.jpg\",\"contentUrl\":\"https:\\\/\\\/blog.desenzanoloft.com\\\/wp-content\\\/uploads\\\/2018\\\/01\\\/Everyone-is-welcome.jpg\",\"width\":940,\"height\":788},{\"@type\":\"BreadcrumbList\",\"@id\":\"https:\\\/\\\/blog.desenzanoloft.com\\\/pl\\\/1000-miglia-2019\\\/#breadcrumb\",\"itemListElement\":[{\"@type\":\"ListItem\",\"position\":1,\"name\":\"Home\",\"item\":\"https:\\\/\\\/blog.desenzanoloft.com\\\/pl\\\/\"},{\"@type\":\"ListItem\",\"position\":2,\"name\":\"1000 Miglia 2019\"}]},{\"@type\":\"WebSite\",\"@id\":\"https:\\\/\\\/blog.desenzanoloft.com\\\/pl\\\/#website\",\"url\":\"https:\\\/\\\/blog.desenzanoloft.com\\\/pl\\\/\",\"name\":\"Blog\",\"description\":\"Desenzanoloft\",\"potentialAction\":[{\"@type\":\"SearchAction\",\"target\":{\"@type\":\"EntryPoint\",\"urlTemplate\":\"https:\\\/\\\/blog.desenzanoloft.com\\\/pl\\\/?s={search_term_string}\"},\"query-input\":{\"@type\":\"PropertyValueSpecification\",\"valueRequired\":true,\"valueName\":\"search_term_string\"}}],\"inLanguage\":\"pl-PL\"},{\"@type\":\"Person\",\"@id\":\"https:\\\/\\\/blog.desenzanoloft.com\\\/pl\\\/#\\\/schema\\\/person\\\/3363b0dbf0bb9edb036fb68a61d6dd42\",\"name\":\"desenzanoloft\",\"image\":{\"@type\":\"ImageObject\",\"inLanguage\":\"pl-PL\",\"@id\":\"https:\\\/\\\/secure.gravatar.com\\\/avatar\\\/f0a7703b30e35f233c4ec0317086f2b943a1586f5929cc61eeceae263a3ac558?s=96&d=mm&r=g\",\"url\":\"https:\\\/\\\/secure.gravatar.com\\\/avatar\\\/f0a7703b30e35f233c4ec0317086f2b943a1586f5929cc61eeceae263a3ac558?s=96&d=mm&r=g\",\"contentUrl\":\"https:\\\/\\\/secure.gravatar.com\\\/avatar\\\/f0a7703b30e35f233c4ec0317086f2b943a1586f5929cc61eeceae263a3ac558?s=96&d=mm&r=g\",\"caption\":\"desenzanoloft\"},\"sameAs\":[\"https:\\\/\\\/www.desenzanoloft.com\\\/\",\"https:\\\/\\\/www.facebook.com\\\/CarloClaveriniDESENZANO\"],\"url\":\"https:\\\/\\\/blog.desenzanoloft.com\\\/pl\\\/author\\\/desenzanoloft\\\/\"}]}<\/script>\n<!-- \/ Yoast SEO plugin. -->","yoast_head_json":{"title":"1000 Miglia 2019 - Blog","description":"1000 Miglia 2019: torna la corsa pi\u00f9 bella del mondo, con tante novit\u00e0. Partenza e arrivo a Brescia da mercoled\u00ec 15 a sabato 18 maggio 2019","robots":{"index":"index","follow":"follow","max-snippet":"max-snippet:-1","max-image-preview":"max-image-preview:large","max-video-preview":"max-video-preview:-1"},"canonical":"https:\/\/blog.desenzanoloft.com\/pl\/1000-miglia-2019\/","og_locale":"pl_PL","og_type":"article","og_title":"1000 Miglia 2019 - Blog","og_description":"1000 Miglia 2019: torna la corsa pi\u00f9 bella del mondo, con tante novit\u00e0. Partenza e arrivo a Brescia da mercoled\u00ec 15 a sabato 18 maggio 2019","og_url":"https:\/\/blog.desenzanoloft.com\/pl\/1000-miglia-2019\/","og_site_name":"Blog","article_author":"https:\/\/www.facebook.com\/CarloClaveriniDESENZANO","article_published_time":"2019-03-13T09:00:05+00:00","article_modified_time":"2019-05-13T09:07:05+00:00","og_image":[{"width":940,"height":788,"url":"https:\/\/blog.desenzanoloft.com\/wp-content\/uploads\/2018\/01\/Everyone-is-welcome.jpg","type":"image\/jpeg"}],"author":"desenzanoloft","twitter_card":"summary_large_image","twitter_misc":{"Napisane przez":"desenzanoloft","Szacowany czas czytania":"2 minuty"},"schema":{"@context":"https:\/\/schema.org","@graph":[{"@type":"Article","@id":"https:\/\/blog.desenzanoloft.com\/pl\/1000-miglia-2019\/#article","isPartOf":{"@id":"https:\/\/blog.desenzanoloft.com\/pl\/1000-miglia-2019\/"},"author":{"name":"desenzanoloft","@id":"https:\/\/blog.desenzanoloft.com\/pl\/#\/schema\/person\/3363b0dbf0bb9edb036fb68a61d6dd42"},"headline":"1000 Miglia 2019","datePublished":"2019-03-13T09:00:05+00:00","dateModified":"2019-05-13T09:07:05+00:00","mainEntityOfPage":{"@id":"https:\/\/blog.desenzanoloft.com\/pl\/1000-miglia-2019\/"},"wordCount":429,"commentCount":0,"image":{"@id":"https:\/\/blog.desenzanoloft.com\/pl\/1000-miglia-2019\/#primaryimage"},"thumbnailUrl":"https:\/\/blog.desenzanoloft.com\/wp-content\/uploads\/2018\/01\/Everyone-is-welcome.jpg","keywords":["1000 miglia 2019","1000 miglia brescia","1000miglia","apartment","apartments","brescia","case vacanza","desenzanodelgarda","desenzanoloft","holiday","lagodigarda","lakegarda","mille miglia","roma","sirmione","vacanze"],"articleSection":["notizie ed eventi"],"inLanguage":"pl-PL","potentialAction":[{"@type":"CommentAction","name":"Comment","target":["https:\/\/blog.desenzanoloft.com\/pl\/1000-miglia-2019\/#respond"]}]},{"@type":"WebPage","@id":"https:\/\/blog.desenzanoloft.com\/pl\/1000-miglia-2019\/","url":"https:\/\/blog.desenzanoloft.com\/pl\/1000-miglia-2019\/","name":"1000 Miglia 2019 - Blog","isPartOf":{"@id":"https:\/\/blog.desenzanoloft.com\/pl\/#website"},"primaryImageOfPage":{"@id":"https:\/\/blog.desenzanoloft.com\/pl\/1000-miglia-2019\/#primaryimage"},"image":{"@id":"https:\/\/blog.desenzanoloft.com\/pl\/1000-miglia-2019\/#primaryimage"},"thumbnailUrl":"https:\/\/blog.desenzanoloft.com\/wp-content\/uploads\/2018\/01\/Everyone-is-welcome.jpg","datePublished":"2019-03-13T09:00:05+00:00","dateModified":"2019-05-13T09:07:05+00:00","author":{"@id":"https:\/\/blog.desenzanoloft.com\/pl\/#\/schema\/person\/3363b0dbf0bb9edb036fb68a61d6dd42"},"description":"1000 Miglia 2019: torna la corsa pi\u00f9 bella del mondo, con tante novit\u00e0. Partenza e arrivo a Brescia da mercoled\u00ec 15 a sabato 18 maggio 2019","breadcrumb":{"@id":"https:\/\/blog.desenzanoloft.com\/pl\/1000-miglia-2019\/#breadcrumb"},"inLanguage":"pl-PL","potentialAction":[{"@type":"ReadAction","target":["https:\/\/blog.desenzanoloft.com\/pl\/1000-miglia-2019\/"]}]},{"@type":"ImageObject","inLanguage":"pl-PL","@id":"https:\/\/blog.desenzanoloft.com\/pl\/1000-miglia-2019\/#primaryimage","url":"https:\/\/blog.desenzanoloft.com\/wp-content\/uploads\/2018\/01\/Everyone-is-welcome.jpg","contentUrl":"https:\/\/blog.desenzanoloft.com\/wp-content\/uploads\/2018\/01\/Everyone-is-welcome.jpg","width":940,"height":788},{"@type":"BreadcrumbList","@id":"https:\/\/blog.desenzanoloft.com\/pl\/1000-miglia-2019\/#breadcrumb","itemListElement":[{"@type":"ListItem","position":1,"name":"Home","item":"https:\/\/blog.desenzanoloft.com\/pl\/"},{"@type":"ListItem","position":2,"name":"1000 Miglia 2019"}]},{"@type":"WebSite","@id":"https:\/\/blog.desenzanoloft.com\/pl\/#website","url":"https:\/\/blog.desenzanoloft.com\/pl\/","name":"Blog","description":"Desenzanoloft","potentialAction":[{"@type":"SearchAction","target":{"@type":"EntryPoint","urlTemplate":"https:\/\/blog.desenzanoloft.com\/pl\/?s={search_term_string}"},"query-input":{"@type":"PropertyValueSpecification","valueRequired":true,"valueName":"search_term_string"}}],"inLanguage":"pl-PL"},{"@type":"Person","@id":"https:\/\/blog.desenzanoloft.com\/pl\/#\/schema\/person\/3363b0dbf0bb9edb036fb68a61d6dd42","name":"desenzanoloft","image":{"@type":"ImageObject","inLanguage":"pl-PL","@id":"https:\/\/secure.gravatar.com\/avatar\/f0a7703b30e35f233c4ec0317086f2b943a1586f5929cc61eeceae263a3ac558?s=96&d=mm&r=g","url":"https:\/\/secure.gravatar.com\/avatar\/f0a7703b30e35f233c4ec0317086f2b943a1586f5929cc61eeceae263a3ac558?s=96&d=mm&r=g","contentUrl":"https:\/\/secure.gravatar.com\/avatar\/f0a7703b30e35f233c4ec0317086f2b943a1586f5929cc61eeceae263a3ac558?s=96&d=mm&r=g","caption":"desenzanoloft"},"sameAs":["https:\/\/www.desenzanoloft.com\/","https:\/\/www.facebook.com\/CarloClaveriniDESENZANO"],"url":"https:\/\/blog.desenzanoloft.com\/pl\/author\/desenzanoloft\/"}]}},"_links":{"self":[{"href":"https:\/\/blog.desenzanoloft.com\/pl\/wp-json\/wp\/v2\/posts\/140","targetHints":{"allow":["GET"]}}],"collection":[{"href":"https:\/\/blog.desenzanoloft.com\/pl\/wp-json\/wp\/v2\/posts"}],"about":[{"href":"https:\/\/blog.desenzanoloft.com\/pl\/wp-json\/wp\/v2\/types\/post"}],"author":[{"embeddable":true,"href":"https:\/\/blog.desenzanoloft.com\/pl\/wp-json\/wp\/v2\/users\/57"}],"replies":[{"embeddable":true,"href":"https:\/\/blog.desenzanoloft.com\/pl\/wp-json\/wp\/v2\/comments?post=140"}],"version-history":[{"count":10,"href":"https:\/\/blog.desenzanoloft.com\/pl\/wp-json\/wp\/v2\/posts\/140\/revisions"}],"predecessor-version":[{"id":827,"href":"https:\/\/blog.desenzanoloft.com\/pl\/wp-json\/wp\/v2\/posts\/140\/revisions\/827"}],"wp:featuredmedia":[{"embeddable":true,"href":"https:\/\/blog.desenzanoloft.com\/pl\/wp-json\/wp\/v2\/media\/715"}],"wp:attachment":[{"href":"https:\/\/blog.desenzanoloft.com\/pl\/wp-json\/wp\/v2\/media?parent=140"}],"wp:term":[{"taxonomy":"category","embeddable":true,"href":"https:\/\/blog.desenzanoloft.com\/pl\/wp-json\/wp\/v2\/categories?post=140"},{"taxonomy":"post_tag","embeddable":true,"href":"https:\/\/blog.desenzanoloft.com\/pl\/wp-json\/wp\/v2\/tags?post=140"}],"curies":[{"name":"wp","href":"https:\/\/api.w.org\/{rel}","templated":true}]}}