{"id":108,"date":"2019-02-01T09:28:12","date_gmt":"2019-02-01T09:28:12","guid":{"rendered":"https:\/\/blog.desenzanoloft.com\/?p=108"},"modified":"2019-02-01T09:42:35","modified_gmt":"2019-02-01T09:42:35","slug":"vinitaly-2019","status":"publish","type":"post","link":"https:\/\/blog.desenzanoloft.com\/pl\/vinitaly-2019\/","title":{"rendered":"VINITALY 2019"},"content":{"rendered":"<h2>VINITALY 2019<\/h2>\n<p>VINITALY 2019: da domenica 7 aprile a mercoled\u00ec 10 aprile 2019, torna la manifestazione pi\u00f9 importante dedicata al vino e i distillati<\/p>\n<p>Vinitaly si tiene presso Veronafiere, viale del Lavoro, 8 a Verona.<\/p>\n<p>Ogni anno produttori, importatori, ristoratori, tecnici, giornalisti e opinion leader si danno appuntamento a Verona per conoscere le tendenze del mercato, scoprire le innovazioni e creare nuove opportunit\u00e0 di business.<\/p>\n<p>Migliaia e migliaia i visitatori che affollano gli stand di Vinitaly per degustare le nuove proposte, intrattenere rapporti di lavoro e collaborazioni, fare acquisti o semplicemente per curiosit\u00e0. Per informazioni riguardanti Vinitaly:<a href=\"http:\/\/www.vinitaly.com\/it\"> www.vinitaly.com\/it<\/a><\/p>\n<p>Da Desenzano e Sirmione, si pu\u00f2 raggiungere la Fiera di Verona:<br \/>\n&#8211; AUTO: autostrada A4 da Desenzano o Sirmione, uscita Verona Sud<br \/>\n&#8211; TRENO: dalla stazione di Desenzano o Peschiera a Verona Porta Nuova<br \/>\n&#8211; PULLMAN DI LINEA: da Desenzano-Sirmione-Peschiera a Verona<br \/>\n&#8211; TAXI<\/p>\n<p>Vi segnaliamo inoltre eventi correlati a VINITALY 2019:<\/p>\n<p>VERONA: In occasione di Vinitaly, la citt\u00e0 di Verona far\u00e0 da cornice allo speciale evento fuori salone \u201cVinitaly and the City.\u201d Degustazioni, concerti, incontri, visite guidate e molte altre iniziative andranno ad animare le aree pi\u00f9 suggestive della citt\u00e0 dall\u20195 all\u20198 aprile. Un appuntamento imperdibile per tutti i wine lover e una piacevole occasione per scoprire e vivere Verona.<\/p>\n<p>BARDOLINO: (5-6-7 aprile 2019)<br \/>\nLa splendida Villa Carrara Bottagisio e il parco antistante, affacciati sul Lago di Garda, ospiteranno i consorzi vinicoli e le aziende produttrici dei vini veronesi in decine di punti degustazione. Un&#8217;area coperta sar\u00e0 dedicata al food con piatti tipici del territorio declinati in men\u00f9 di montagna, di lago e di pianura, mentre il lungolago verr\u00e0 colorato con migliaia di composizioni floreali. Spazio anche alla musica a Parco Carrara Bottagisio, per un dolce accompagnamento nel percorso alla scoperta dei vini e delle specialit\u00e0 scaligere. E poi degustazioni guidate con i sommelier della Fisar, showcooking con famosi chef, laboratori di avvicinamento al vino e decine di altri appuntamenti da non perdere!<\/p>\n<p>DesenzanoLoft rappresenta una scelta importante\u00a0per il pernottamento di espositori e visitatori\u00a0durante questa importante manifestazione, sia per la vicinanze con Verona, sia per l&#8217;ampia scelta degli appartamenti disponibili. Abbiamo appena acquisito anche un appartamento in citt\u00e0 a Verona. (<a href=\"https:\/\/www.desenzanoloft.com\/\u2026\/appartamento-verona-yourban\" target=\"_blank\">https:\/\/www.desenzanoloft.com\/\u2026\/appartamento-verona-yourban<\/a>).<\/p>\n<p>Contattateci direttamente o visitate il nostro sito internet nella sezione\u00a0<a href=\"https:\/\/www.desenzanoloft.com\/affitti\/affitti-affitti-d0\/\">CASE VACANZE<\/a>, per scegliere l\u2019alloggio pi\u00f9 adatto alle vostre esigenze sul lago di Garda a Padenghe del Garda, Desenzano del Garda o Sirmione.<\/p>\n<p>Siamo a disposizione anche per la prenotazione di biglietteria ferroviaria, aerea e di navigazione oltre alla semplice informazione sugli spostamenti con i mezzi pubblici della zona.<\/p>\n<p>Direttamente da noi potrete acquistare biglietti per i parchi di divertimento tra cui Gardaland, di cui siamo biglietteria ufficiale.<\/p>\n<p>Contatti:\u00a0info@desenzanoloft.com \u2013 Tel:\u00a0tel 0307714707 \u2013 Facebook:\u00a0<a href=\"https:\/\/www.facebook.com\/CarloClaveriniDESENZANO\/\">DesenzanoLoft rent vacation Appartament<\/a><\/p>\n<p><a href=\"https:\/\/blog.desenzanoloft.com\/wp-content\/uploads\/sites\/40\/2017\/02\/img-8.jpg\"><img loading=\"lazy\" decoding=\"async\" class=\"alignnone size-medium wp-image-24\" src=\"https:\/\/blog.desenzanoloft.com\/wp-content\/uploads\/sites\/40\/2017\/02\/img-8-360x240.jpg\" alt=\"Vinitaly 2018\" width=\"300\" height=\"200\" \/><\/a><\/p>\n","protected":false},"excerpt":{"rendered":"<p>VINITALY 2019 VINITALY 2019: da domenica 7 aprile a mercoled\u00ec 10 aprile 2019, torna la manifestazione pi\u00f9 importante dedicata al&#8230;<\/p>\n","protected":false},"author":57,"featured_media":684,"comment_status":"open","ping_status":"open","sticky":false,"template":"","format":"standard","meta":{"footnotes":""},"categories":[2],"tags":[30,237,162,95,76,27,14,15,109,433,139,89,40,13,113,22,21,9,28,29,129],"class_list":["post-108","post","type-post","status-publish","format-standard","has-post-thumbnail","hentry","category-notizie-ed-eventi","tag-appartamenti","tag-bardolino","tag-casa-vacanze","tag-casavacanze","tag-case-vacanza","tag-desenzano","tag-desenzanodelgarda","tag-desenzanoloft","tag-eventi","tag-fuori-salone","tag-garda","tag-holiday","tag-lago-di-garda","tag-lagodigarda","tag-manifestazioni","tag-padenghe","tag-sirmione","tag-verona","tag-vinitaly","tag-vinitaly2018","tag-vino"],"yoast_head":"<!-- This site is optimized with the Yoast SEO plugin v27.5 - https:\/\/yoast.com\/product\/yoast-seo-wordpress\/ -->\n<title>VINITALY 2019 - Blog<\/title>\n<meta name=\"description\" content=\"VINITALY 2019 la manifestazione pi\u00f9 importante al mondo dedicata al vino. DesenzanoLoft offre appartamenti per espositori e visitatori sul lago di Garda\" \/>\n<meta name=\"robots\" content=\"index, follow, max-snippet:-1, max-image-preview:large, max-video-preview:-1\" \/>\n<link rel=\"canonical\" href=\"https:\/\/blog.desenzanoloft.com\/pl\/vinitaly-2019\/\" \/>\n<meta property=\"og:locale\" content=\"pl_PL\" \/>\n<meta property=\"og:type\" content=\"article\" \/>\n<meta property=\"og:title\" content=\"VINITALY 2019 - Blog\" \/>\n<meta property=\"og:description\" content=\"VINITALY 2019 la manifestazione pi\u00f9 importante al mondo dedicata al vino. DesenzanoLoft offre appartamenti per espositori e visitatori sul lago di Garda\" \/>\n<meta property=\"og:url\" content=\"https:\/\/blog.desenzanoloft.com\/pl\/vinitaly-2019\/\" \/>\n<meta property=\"og:site_name\" content=\"Blog\" \/>\n<meta property=\"article:author\" content=\"https:\/\/www.facebook.com\/CarloClaveriniDESENZANO\" \/>\n<meta property=\"article:published_time\" content=\"2019-02-01T09:28:12+00:00\" \/>\n<meta property=\"article:modified_time\" content=\"2019-02-01T09:42:35+00:00\" \/>\n<meta property=\"og:image\" content=\"https:\/\/blog.desenzanoloft.com\/wp-content\/uploads\/2019\/02\/Vinitaly-1.jpg\" \/>\n\t<meta property=\"og:image:width\" content=\"1020\" \/>\n\t<meta property=\"og:image:height\" content=\"680\" \/>\n\t<meta property=\"og:image:type\" content=\"image\/jpeg\" \/>\n<meta name=\"author\" content=\"desenzanoloft\" \/>\n<meta name=\"twitter:card\" content=\"summary_large_image\" \/>\n<meta name=\"twitter:label1\" content=\"Napisane przez\" \/>\n\t<meta name=\"twitter:data1\" content=\"desenzanoloft\" \/>\n\t<meta name=\"twitter:label2\" content=\"Szacowany czas czytania\" \/>\n\t<meta name=\"twitter:data2\" content=\"2 minuty\" \/>\n<script type=\"application\/ld+json\" class=\"yoast-schema-graph\">{\"@context\":\"https:\\\/\\\/schema.org\",\"@graph\":[{\"@type\":\"Article\",\"@id\":\"https:\\\/\\\/blog.desenzanoloft.com\\\/pl\\\/vinitaly-2019\\\/#article\",\"isPartOf\":{\"@id\":\"https:\\\/\\\/blog.desenzanoloft.com\\\/pl\\\/vinitaly-2019\\\/\"},\"author\":{\"name\":\"desenzanoloft\",\"@id\":\"https:\\\/\\\/blog.desenzanoloft.com\\\/pl\\\/#\\\/schema\\\/person\\\/3363b0dbf0bb9edb036fb68a61d6dd42\"},\"headline\":\"VINITALY 2019\",\"datePublished\":\"2019-02-01T09:28:12+00:00\",\"dateModified\":\"2019-02-01T09:42:35+00:00\",\"mainEntityOfPage\":{\"@id\":\"https:\\\/\\\/blog.desenzanoloft.com\\\/pl\\\/vinitaly-2019\\\/\"},\"wordCount\":455,\"commentCount\":0,\"image\":{\"@id\":\"https:\\\/\\\/blog.desenzanoloft.com\\\/pl\\\/vinitaly-2019\\\/#primaryimage\"},\"thumbnailUrl\":\"https:\\\/\\\/blog.desenzanoloft.com\\\/wp-content\\\/uploads\\\/2019\\\/02\\\/Vinitaly-1.jpg\",\"keywords\":[\"appartamenti\",\"bardolino\",\"casa vacanze\",\"casavacanze\",\"case vacanza\",\"desenzano\",\"desenzanodelgarda\",\"desenzanoloft\",\"eventi\",\"fuori salone\",\"garda\",\"holiday\",\"lago di garda\",\"lagodigarda\",\"manifestazioni\",\"padenghe\",\"sirmione\",\"verona\",\"vinitaly\",\"vinitaly2018\",\"vino\"],\"articleSection\":[\"notizie ed eventi\"],\"inLanguage\":\"pl-PL\",\"potentialAction\":[{\"@type\":\"CommentAction\",\"name\":\"Comment\",\"target\":[\"https:\\\/\\\/blog.desenzanoloft.com\\\/pl\\\/vinitaly-2019\\\/#respond\"]}]},{\"@type\":\"WebPage\",\"@id\":\"https:\\\/\\\/blog.desenzanoloft.com\\\/pl\\\/vinitaly-2019\\\/\",\"url\":\"https:\\\/\\\/blog.desenzanoloft.com\\\/pl\\\/vinitaly-2019\\\/\",\"name\":\"VINITALY 2019 - Blog\",\"isPartOf\":{\"@id\":\"https:\\\/\\\/blog.desenzanoloft.com\\\/pl\\\/#website\"},\"primaryImageOfPage\":{\"@id\":\"https:\\\/\\\/blog.desenzanoloft.com\\\/pl\\\/vinitaly-2019\\\/#primaryimage\"},\"image\":{\"@id\":\"https:\\\/\\\/blog.desenzanoloft.com\\\/pl\\\/vinitaly-2019\\\/#primaryimage\"},\"thumbnailUrl\":\"https:\\\/\\\/blog.desenzanoloft.com\\\/wp-content\\\/uploads\\\/2019\\\/02\\\/Vinitaly-1.jpg\",\"datePublished\":\"2019-02-01T09:28:12+00:00\",\"dateModified\":\"2019-02-01T09:42:35+00:00\",\"author\":{\"@id\":\"https:\\\/\\\/blog.desenzanoloft.com\\\/pl\\\/#\\\/schema\\\/person\\\/3363b0dbf0bb9edb036fb68a61d6dd42\"},\"description\":\"VINITALY 2019 la manifestazione pi\u00f9 importante al mondo dedicata al vino. DesenzanoLoft offre appartamenti per espositori e visitatori sul lago di Garda\",\"breadcrumb\":{\"@id\":\"https:\\\/\\\/blog.desenzanoloft.com\\\/pl\\\/vinitaly-2019\\\/#breadcrumb\"},\"inLanguage\":\"pl-PL\",\"potentialAction\":[{\"@type\":\"ReadAction\",\"target\":[\"https:\\\/\\\/blog.desenzanoloft.com\\\/pl\\\/vinitaly-2019\\\/\"]}]},{\"@type\":\"ImageObject\",\"inLanguage\":\"pl-PL\",\"@id\":\"https:\\\/\\\/blog.desenzanoloft.com\\\/pl\\\/vinitaly-2019\\\/#primaryimage\",\"url\":\"https:\\\/\\\/blog.desenzanoloft.com\\\/wp-content\\\/uploads\\\/2019\\\/02\\\/Vinitaly-1.jpg\",\"contentUrl\":\"https:\\\/\\\/blog.desenzanoloft.com\\\/wp-content\\\/uploads\\\/2019\\\/02\\\/Vinitaly-1.jpg\",\"width\":1020,\"height\":680},{\"@type\":\"BreadcrumbList\",\"@id\":\"https:\\\/\\\/blog.desenzanoloft.com\\\/pl\\\/vinitaly-2019\\\/#breadcrumb\",\"itemListElement\":[{\"@type\":\"ListItem\",\"position\":1,\"name\":\"Home\",\"item\":\"https:\\\/\\\/blog.desenzanoloft.com\\\/pl\\\/\"},{\"@type\":\"ListItem\",\"position\":2,\"name\":\"VINITALY 2019\"}]},{\"@type\":\"WebSite\",\"@id\":\"https:\\\/\\\/blog.desenzanoloft.com\\\/pl\\\/#website\",\"url\":\"https:\\\/\\\/blog.desenzanoloft.com\\\/pl\\\/\",\"name\":\"Blog\",\"description\":\"Desenzanoloft\",\"potentialAction\":[{\"@type\":\"SearchAction\",\"target\":{\"@type\":\"EntryPoint\",\"urlTemplate\":\"https:\\\/\\\/blog.desenzanoloft.com\\\/pl\\\/?s={search_term_string}\"},\"query-input\":{\"@type\":\"PropertyValueSpecification\",\"valueRequired\":true,\"valueName\":\"search_term_string\"}}],\"inLanguage\":\"pl-PL\"},{\"@type\":\"Person\",\"@id\":\"https:\\\/\\\/blog.desenzanoloft.com\\\/pl\\\/#\\\/schema\\\/person\\\/3363b0dbf0bb9edb036fb68a61d6dd42\",\"name\":\"desenzanoloft\",\"image\":{\"@type\":\"ImageObject\",\"inLanguage\":\"pl-PL\",\"@id\":\"https:\\\/\\\/secure.gravatar.com\\\/avatar\\\/f0a7703b30e35f233c4ec0317086f2b943a1586f5929cc61eeceae263a3ac558?s=96&d=mm&r=g\",\"url\":\"https:\\\/\\\/secure.gravatar.com\\\/avatar\\\/f0a7703b30e35f233c4ec0317086f2b943a1586f5929cc61eeceae263a3ac558?s=96&d=mm&r=g\",\"contentUrl\":\"https:\\\/\\\/secure.gravatar.com\\\/avatar\\\/f0a7703b30e35f233c4ec0317086f2b943a1586f5929cc61eeceae263a3ac558?s=96&d=mm&r=g\",\"caption\":\"desenzanoloft\"},\"sameAs\":[\"https:\\\/\\\/www.desenzanoloft.com\\\/\",\"https:\\\/\\\/www.facebook.com\\\/CarloClaveriniDESENZANO\"],\"url\":\"https:\\\/\\\/blog.desenzanoloft.com\\\/pl\\\/author\\\/desenzanoloft\\\/\"}]}<\/script>\n<!-- \/ Yoast SEO plugin. -->","yoast_head_json":{"title":"VINITALY 2019 - Blog","description":"VINITALY 2019 la manifestazione pi\u00f9 importante al mondo dedicata al vino. DesenzanoLoft offre appartamenti per espositori e visitatori sul lago di Garda","robots":{"index":"index","follow":"follow","max-snippet":"max-snippet:-1","max-image-preview":"max-image-preview:large","max-video-preview":"max-video-preview:-1"},"canonical":"https:\/\/blog.desenzanoloft.com\/pl\/vinitaly-2019\/","og_locale":"pl_PL","og_type":"article","og_title":"VINITALY 2019 - Blog","og_description":"VINITALY 2019 la manifestazione pi\u00f9 importante al mondo dedicata al vino. DesenzanoLoft offre appartamenti per espositori e visitatori sul lago di Garda","og_url":"https:\/\/blog.desenzanoloft.com\/pl\/vinitaly-2019\/","og_site_name":"Blog","article_author":"https:\/\/www.facebook.com\/CarloClaveriniDESENZANO","article_published_time":"2019-02-01T09:28:12+00:00","article_modified_time":"2019-02-01T09:42:35+00:00","og_image":[{"width":1020,"height":680,"url":"https:\/\/blog.desenzanoloft.com\/wp-content\/uploads\/2019\/02\/Vinitaly-1.jpg","type":"image\/jpeg"}],"author":"desenzanoloft","twitter_card":"summary_large_image","twitter_misc":{"Napisane przez":"desenzanoloft","Szacowany czas czytania":"2 minuty"},"schema":{"@context":"https:\/\/schema.org","@graph":[{"@type":"Article","@id":"https:\/\/blog.desenzanoloft.com\/pl\/vinitaly-2019\/#article","isPartOf":{"@id":"https:\/\/blog.desenzanoloft.com\/pl\/vinitaly-2019\/"},"author":{"name":"desenzanoloft","@id":"https:\/\/blog.desenzanoloft.com\/pl\/#\/schema\/person\/3363b0dbf0bb9edb036fb68a61d6dd42"},"headline":"VINITALY 2019","datePublished":"2019-02-01T09:28:12+00:00","dateModified":"2019-02-01T09:42:35+00:00","mainEntityOfPage":{"@id":"https:\/\/blog.desenzanoloft.com\/pl\/vinitaly-2019\/"},"wordCount":455,"commentCount":0,"image":{"@id":"https:\/\/blog.desenzanoloft.com\/pl\/vinitaly-2019\/#primaryimage"},"thumbnailUrl":"https:\/\/blog.desenzanoloft.com\/wp-content\/uploads\/2019\/02\/Vinitaly-1.jpg","keywords":["appartamenti","bardolino","casa vacanze","casavacanze","case vacanza","desenzano","desenzanodelgarda","desenzanoloft","eventi","fuori salone","garda","holiday","lago di garda","lagodigarda","manifestazioni","padenghe","sirmione","verona","vinitaly","vinitaly2018","vino"],"articleSection":["notizie ed eventi"],"inLanguage":"pl-PL","potentialAction":[{"@type":"CommentAction","name":"Comment","target":["https:\/\/blog.desenzanoloft.com\/pl\/vinitaly-2019\/#respond"]}]},{"@type":"WebPage","@id":"https:\/\/blog.desenzanoloft.com\/pl\/vinitaly-2019\/","url":"https:\/\/blog.desenzanoloft.com\/pl\/vinitaly-2019\/","name":"VINITALY 2019 - Blog","isPartOf":{"@id":"https:\/\/blog.desenzanoloft.com\/pl\/#website"},"primaryImageOfPage":{"@id":"https:\/\/blog.desenzanoloft.com\/pl\/vinitaly-2019\/#primaryimage"},"image":{"@id":"https:\/\/blog.desenzanoloft.com\/pl\/vinitaly-2019\/#primaryimage"},"thumbnailUrl":"https:\/\/blog.desenzanoloft.com\/wp-content\/uploads\/2019\/02\/Vinitaly-1.jpg","datePublished":"2019-02-01T09:28:12+00:00","dateModified":"2019-02-01T09:42:35+00:00","author":{"@id":"https:\/\/blog.desenzanoloft.com\/pl\/#\/schema\/person\/3363b0dbf0bb9edb036fb68a61d6dd42"},"description":"VINITALY 2019 la manifestazione pi\u00f9 importante al mondo dedicata al vino. DesenzanoLoft offre appartamenti per espositori e visitatori sul lago di Garda","breadcrumb":{"@id":"https:\/\/blog.desenzanoloft.com\/pl\/vinitaly-2019\/#breadcrumb"},"inLanguage":"pl-PL","potentialAction":[{"@type":"ReadAction","target":["https:\/\/blog.desenzanoloft.com\/pl\/vinitaly-2019\/"]}]},{"@type":"ImageObject","inLanguage":"pl-PL","@id":"https:\/\/blog.desenzanoloft.com\/pl\/vinitaly-2019\/#primaryimage","url":"https:\/\/blog.desenzanoloft.com\/wp-content\/uploads\/2019\/02\/Vinitaly-1.jpg","contentUrl":"https:\/\/blog.desenzanoloft.com\/wp-content\/uploads\/2019\/02\/Vinitaly-1.jpg","width":1020,"height":680},{"@type":"BreadcrumbList","@id":"https:\/\/blog.desenzanoloft.com\/pl\/vinitaly-2019\/#breadcrumb","itemListElement":[{"@type":"ListItem","position":1,"name":"Home","item":"https:\/\/blog.desenzanoloft.com\/pl\/"},{"@type":"ListItem","position":2,"name":"VINITALY 2019"}]},{"@type":"WebSite","@id":"https:\/\/blog.desenzanoloft.com\/pl\/#website","url":"https:\/\/blog.desenzanoloft.com\/pl\/","name":"Blog","description":"Desenzanoloft","potentialAction":[{"@type":"SearchAction","target":{"@type":"EntryPoint","urlTemplate":"https:\/\/blog.desenzanoloft.com\/pl\/?s={search_term_string}"},"query-input":{"@type":"PropertyValueSpecification","valueRequired":true,"valueName":"search_term_string"}}],"inLanguage":"pl-PL"},{"@type":"Person","@id":"https:\/\/blog.desenzanoloft.com\/pl\/#\/schema\/person\/3363b0dbf0bb9edb036fb68a61d6dd42","name":"desenzanoloft","image":{"@type":"ImageObject","inLanguage":"pl-PL","@id":"https:\/\/secure.gravatar.com\/avatar\/f0a7703b30e35f233c4ec0317086f2b943a1586f5929cc61eeceae263a3ac558?s=96&d=mm&r=g","url":"https:\/\/secure.gravatar.com\/avatar\/f0a7703b30e35f233c4ec0317086f2b943a1586f5929cc61eeceae263a3ac558?s=96&d=mm&r=g","contentUrl":"https:\/\/secure.gravatar.com\/avatar\/f0a7703b30e35f233c4ec0317086f2b943a1586f5929cc61eeceae263a3ac558?s=96&d=mm&r=g","caption":"desenzanoloft"},"sameAs":["https:\/\/www.desenzanoloft.com\/","https:\/\/www.facebook.com\/CarloClaveriniDESENZANO"],"url":"https:\/\/blog.desenzanoloft.com\/pl\/author\/desenzanoloft\/"}]}},"_links":{"self":[{"href":"https:\/\/blog.desenzanoloft.com\/pl\/wp-json\/wp\/v2\/posts\/108","targetHints":{"allow":["GET"]}}],"collection":[{"href":"https:\/\/blog.desenzanoloft.com\/pl\/wp-json\/wp\/v2\/posts"}],"about":[{"href":"https:\/\/blog.desenzanoloft.com\/pl\/wp-json\/wp\/v2\/types\/post"}],"author":[{"embeddable":true,"href":"https:\/\/blog.desenzanoloft.com\/pl\/wp-json\/wp\/v2\/users\/57"}],"replies":[{"embeddable":true,"href":"https:\/\/blog.desenzanoloft.com\/pl\/wp-json\/wp\/v2\/comments?post=108"}],"version-history":[{"count":6,"href":"https:\/\/blog.desenzanoloft.com\/pl\/wp-json\/wp\/v2\/posts\/108\/revisions"}],"predecessor-version":[{"id":685,"href":"https:\/\/blog.desenzanoloft.com\/pl\/wp-json\/wp\/v2\/posts\/108\/revisions\/685"}],"wp:featuredmedia":[{"embeddable":true,"href":"https:\/\/blog.desenzanoloft.com\/pl\/wp-json\/wp\/v2\/media\/684"}],"wp:attachment":[{"href":"https:\/\/blog.desenzanoloft.com\/pl\/wp-json\/wp\/v2\/media?parent=108"}],"wp:term":[{"taxonomy":"category","embeddable":true,"href":"https:\/\/blog.desenzanoloft.com\/pl\/wp-json\/wp\/v2\/categories?post=108"},{"taxonomy":"post_tag","embeddable":true,"href":"https:\/\/blog.desenzanoloft.com\/pl\/wp-json\/wp\/v2\/tags?post=108"}],"curies":[{"name":"wp","href":"https:\/\/api.w.org\/{rel}","templated":true}]}}