{"id":952,"date":"2019-06-21T08:04:52","date_gmt":"2019-06-21T08:04:52","guid":{"rendered":"https:\/\/blog.desenzanoloft.com\/?p=952"},"modified":"2019-06-21T08:32:18","modified_gmt":"2019-06-21T08:32:18","slug":"eatinero-lago-di-garda-2019","status":"publish","type":"post","link":"https:\/\/blog.desenzanoloft.com\/en\/eatinero-lago-di-garda-2019\/","title":{"rendered":"Eatinero lago di Garda 2019"},"content":{"rendered":"\n<h2 class=\"wp-block-heading\">Street food Festival<\/h2>\n\n\n\n<p>Eatinero \u00e8 un progetto nato nel 2014 come\u00a0community\u00a0di amanti del cibo di strada itinerante, per condividere esperienze, opinioni e informazioni sullo street food italiano di qualit\u00e0.<\/p>\n\n\n\n<p>Dal 2015 Eatinero si propone di diffondere la cultura del cibo di strada come espressione delle ricchezze del territorio, attraverso eventi e altre iniziative culturali e promozionali<em>. <\/em><\/p>\n\n\n\n<p>In programma sul lago di Garda, diverse tappe del Summer Tour Eatinero.<br>Appena terminato l&#8217;evento di Padenghe, ecco i prossimi appuntamenti:<\/p>\n\n\n\n<h2 class=\"wp-block-heading\">EATINERO MANERBA<\/h2>\n\n\n\n<p>5-6-7 Luglio \u2013 Manerba del Garda<br>Eatinero \u2013 Festival del cibo di strada itinerante ritorna a Manerba del Garda per la seconda volta all\u2019insegna del gusto e del divertimento. <br><br>Con il patrocinio e la collaborazione del\u00a0<strong>Comune di Manerba del Garda<\/strong>\u00a0e della\u00a0<strong>Proloco di Manerba del Garda<\/strong>, le cucine a motore di Eatinero apriranno alle 18 di venerd\u00ec 5 luglio per chiudere alla mezzanotte del 7 luglio. <br>Un weekend dedicato al buon cibo grazie agli <strong>Street Chef <\/strong>provenienti da diverse parti d\u2019Italia, che cucineranno a bordo dei loro colorati\u00a0<strong>Food Truck.<\/strong><br>Inoltre tanto intrattenimento per grandi e piccini con esibizioni di artisti di strada, concerti, truccabimbi e laboratori creativi! <\/p>\n\n\n\n<p>Ci sar\u00e0 anche <strong>Birra di Classe<\/strong>\u00a0con le sue\u00a0<strong>venti di spine<\/strong>\u00a0di ottima\u00a0<strong>birra artigianale<\/strong>, prodotte da birrifici italiani selezionati con cura per farvi degustare al meglio i piatti proposti.<\/p>\n\n\n\n<h2 class=\"wp-block-heading\">IL PROGRAMMA<\/h2>\n\n\n\n<p><strong>VENERD\u00cc 5 LUGLIO<\/strong><br>18:00 Apertura cucine su ruote\u00a0<br>21:00 Concerto live\u00a0The Killbilly\u2019s<\/p>\n\n\n\n<p><strong>SABATO 6 LUGLIO\u00a0<\/strong><br>11:00 Apertura cucine su ruote\u00a0<br>12-18 Truccabimbi con\u00a0Silvia Spagnoli<br>12-18 Laboratorio di scacciapensieri realizzati in carta ed altri materiali semplici da assemblare con creativit\u00e0 a cura de\u00a0La Corte della Carta<br>13 e 19 Spettacolo Lost Goal di e con Andrea Meroni, Francesco Zamboni, Riccardo Marinelli<br>21:00 Concerto live i\u00a0Minor Swing Quintet<br>00:00 Chiusura evento <\/p>\n\n\n\n<p><strong>DOMENICA 7 LUGLIO<\/strong><br>11:00 Apertura cucine su ruote<br>12-18 Truccabimbi con\u00a0Silvia Spagnoli\u00a0<br>12-18 LIBRIBELLI: uno spazio morbido dove rilassarsi accompagnati dalla lettura di albi illustrati, silent book, librigioco, cantastorie, kamishibai a cura de\u00a0La Corte della Carta\u00a0<br>13 e 19 Spettacolo Boys Clown di e con Andrea Meroni<br>20:00 Concerto live: Funk For Your Fingers<br>00:00 Chiusura evento <\/p>\n\n\n\n<p> LOCATION: Via Papa Giovanni Paolo II, Anfiteatro di Solarolo <\/p>\n\n\n\n<h2 class=\"wp-block-heading\"><strong>EATINERO DESENZANO<\/strong><\/h2>\n\n\n\n<p>25-26-27-28 Luglio \u2013 Desenzano del Garda, Spiaggia d\u2019Oro<\/p>\n\n\n\n<p>Con il patrocinio e la collaborazione del&nbsp;<strong>Comune di Desenzano del Garda<\/strong>l\u2019evento targato&nbsp;<strong>Eatinero<\/strong>&nbsp;partir\u00e0&nbsp;<strong>alle 18 di gioved\u00ec 25 luglio e proseguir\u00e0 fino alle 24 di domenica 27 luglio<\/strong>&nbsp;con cucine aperte tutto il giorno, a pranzo e cena.<\/p>\n\n\n\n<p>La Spiaggia d\u2019Oro \u00e8 l\u2019ultima tappa del Summer Tour sul bellissimo Lago di GardA.<br>Ci saranno i migliori <strong>Food Truck<\/strong>\u00a0selezionati da Eatinero che porteranno le loro gustosissime ricette cucinate a bordo di fantastici mezzi.<br>Sar\u00e0 un weekend dedicato allo <strong>street food\u00a0<\/strong>di qualit\u00e0 fatto con materie prime selezionate e prodotti del territorio per esaltare e promuovere le tipicit\u00e0 gastronomiche.<\/p>\n\n\n\n<h2 class=\"wp-block-heading\">IL PROGRAMMA<\/h2>\n\n\n\n<p><strong>GIOVED\u00cc 25 LUGLIO<\/strong><br>18:00 Apertura cucine su ruote\u00a0<br>21:00 Concerto live:\u00a0The Matt Project<\/p>\n\n\n\n<p> <strong>VENERD\u00cc 26 LUGLIO\u00a0<\/strong><br>11:00 Apertura cucine su ruote\u00a0<br>12-18 Truccabimbi con\u00a0Silvia Spagnoli<br>21:00 Concerto live:\u00a0The Killbilly\u2019s\u00a0<br>00:00 Chiusura evento <\/p>\n\n\n\n<p> <strong>SABATO 27 LUGLIO\u00a0<\/strong><br>11:00 Apertura cucine su ruote\u00a0<br>12-18 Truccabimbi con\u00a0Silvia Spagnoli<br>13 e 19 Spettacolo\u00a0Sebastian Burrasca\u00a0di e con Fabio Lucignano<br>21:00 Concerto live:\u00a0Giudi e Quani<br>00:00 Chiusura evento <\/p>\n\n\n\n<p><strong>DOMENICA 7 LUGLIO<\/strong><br>11:00 Apertura cucine su ruote<br>12-18 Truccabimbi con\u00a0Silvia Spagnoli\u00a0<br>12-18 LIBRIBELLI: uno spazio morbido dove rilassarsi accompagnati dalla lettura di albi illustrati, silent book, librigioco, cantastorie, kamishibai a cura de\u00a0La Corte della Carta\u00a0<br>13 e 19 BOATO di e con\u00a0Andrea Mineo<br>20:00 Concerto live i\u00a0Minor Swing Quintet<br>00:00 Chiusura evento <\/p>\n\n\n\n<p>Per maggiori informazioni:  <br><a rel=\"noreferrer noopener\" aria-label=\" (si apre in una nuova scheda)\" href=\"https:\/\/www.eatinero.it\/category\/eatinero-festival-2019\/\" target=\"_blank\">https:\/\/www.eatinero.it\/category\/eatinero-festival-2019\/<\/a> <\/p>\n\n\n\n<h2 class=\"wp-block-heading\">DesenzanoLoft per il tuo soggiorno sul lago di Garda<\/h2>\n\n\n\n<p><strong>DesenzanoLoft<\/strong>&nbsp;rappresenta una scelta importante per il pernottamento sul basso lago di Garda per le vostre vacanze speciali o per brevi week-end.<\/p>\n\n\n\n<p>Contattateci direttamente o visitate il nostro sito internet nella sezione&nbsp;<a href=\"https:\/\/www.desenzanoloft.com\/affitti\/affitti-affitti-d0\/\" target=\"_blank\" rel=\"noreferrer noopener\">CASE VACANZE<\/a>, per scegliere l\u2019alloggio pi\u00f9 adatto alle vostre esigenze sul lago di Garda.<\/p>\n\n\n\n<p>Siamo a disposizione anche per la prenotazione di biglietteria ferroviaria, aerea e di navigazione oltre alla semplice informazione sugli spostamenti con i mezzi pubblici della zona.<\/p>\n\n\n\n<p>Direttamente da noi potrete acquistare biglietti per i parchi di divertimento del lago di Garda e dintorni, tra cui Gardaland, di cui siamo biglietteria ufficiale.<\/p>\n\n\n\n<p>Contatti:&nbsp;info@desenzanoloft.com \u2013 Tel:&nbsp;tel 0307741707 \u2013 Facebook:&nbsp;<a href=\"https:\/\/www.facebook.com\/CarloClaveriniDESENZANO\/\" target=\"_blank\" rel=\"noreferrer noopener\">DesenzanoLoft rent vacation Appartament<\/a><\/p>\n\n\n\n<p><br><br><\/p>\n","protected":false},"excerpt":{"rendered":"<p>Street food Festival Eatinero \u00e8 un progetto nato nel 2014 come\u00a0community\u00a0di amanti del cibo di strada itinerante, per condividere esperienze,&#8230;<\/p>\n","protected":false},"author":57,"featured_media":958,"comment_status":"open","ping_status":"open","sticky":false,"template":"","format":"standard","meta":{"footnotes":""},"categories":[2],"tags":[14,507,271,109,509,508,40,59,317,510],"class_list":["post-952","post","type-post","status-publish","format-standard","has-post-thumbnail","hentry","category-notizie-ed-eventi","tag-desenzanodelgarda","tag-eatinero","tag-estate","tag-eventi","tag-festival-del-cibo-itinerante","tag-food-track","tag-lago-di-garda","tag-lake-garda","tag-manerba","tag-summer-tour"],"yoast_head":"<!-- This site is optimized with the Yoast SEO plugin v27.5 - https:\/\/yoast.com\/product\/yoast-seo-wordpress\/ -->\n<title>Eatinero lago di Garda 2019 - Blog<\/title>\n<meta name=\"description\" content=\"Eatinero lago di Garda 2019: il summer tour di Eatinero sbarca anche sul lago di Garda con tappa a Manerba e Desenzano del Garda. Scopri tutte le date.\" \/>\n<meta name=\"robots\" content=\"index, follow, max-snippet:-1, max-image-preview:large, max-video-preview:-1\" \/>\n<link rel=\"canonical\" href=\"https:\/\/blog.desenzanoloft.com\/en\/eatinero-lago-di-garda-2019\/\" \/>\n<meta property=\"og:locale\" content=\"en_US\" \/>\n<meta property=\"og:type\" content=\"article\" \/>\n<meta property=\"og:title\" content=\"Eatinero lago di Garda 2019 - Blog\" \/>\n<meta property=\"og:description\" content=\"Eatinero lago di Garda 2019: il summer tour di Eatinero sbarca anche sul lago di Garda con tappa a Manerba e Desenzano del Garda. Scopri tutte le date.\" \/>\n<meta property=\"og:url\" content=\"https:\/\/blog.desenzanoloft.com\/en\/eatinero-lago-di-garda-2019\/\" \/>\n<meta property=\"og:site_name\" content=\"Blog\" \/>\n<meta property=\"article:author\" content=\"https:\/\/www.facebook.com\/CarloClaveriniDESENZANO\" \/>\n<meta property=\"article:published_time\" content=\"2019-06-21T08:04:52+00:00\" \/>\n<meta property=\"article:modified_time\" content=\"2019-06-21T08:32:18+00:00\" \/>\n<meta property=\"og:image\" content=\"https:\/\/blog.desenzanoloft.com\/wp-content\/uploads\/2019\/06\/Untitled-collage-min-1.jpg\" \/>\n\t<meta property=\"og:image:width\" content=\"2000\" \/>\n\t<meta property=\"og:image:height\" content=\"2000\" \/>\n\t<meta property=\"og:image:type\" content=\"image\/jpeg\" \/>\n<meta name=\"author\" content=\"desenzanoloft\" \/>\n<meta name=\"twitter:card\" content=\"summary_large_image\" \/>\n<meta name=\"twitter:label1\" content=\"Written by\" \/>\n\t<meta name=\"twitter:data1\" content=\"desenzanoloft\" \/>\n\t<meta name=\"twitter:label2\" content=\"Est. reading time\" \/>\n\t<meta name=\"twitter:data2\" content=\"4 minutes\" \/>\n<script type=\"application\/ld+json\" class=\"yoast-schema-graph\">{\"@context\":\"https:\\\/\\\/schema.org\",\"@graph\":[{\"@type\":\"Article\",\"@id\":\"https:\\\/\\\/blog.desenzanoloft.com\\\/en\\\/eatinero-lago-di-garda-2019\\\/#article\",\"isPartOf\":{\"@id\":\"https:\\\/\\\/blog.desenzanoloft.com\\\/en\\\/eatinero-lago-di-garda-2019\\\/\"},\"author\":{\"name\":\"desenzanoloft\",\"@id\":\"https:\\\/\\\/blog.desenzanoloft.com\\\/en\\\/#\\\/schema\\\/person\\\/3363b0dbf0bb9edb036fb68a61d6dd42\"},\"headline\":\"Eatinero lago di Garda 2019\",\"datePublished\":\"2019-06-21T08:04:52+00:00\",\"dateModified\":\"2019-06-21T08:32:18+00:00\",\"mainEntityOfPage\":{\"@id\":\"https:\\\/\\\/blog.desenzanoloft.com\\\/en\\\/eatinero-lago-di-garda-2019\\\/\"},\"wordCount\":706,\"commentCount\":0,\"image\":{\"@id\":\"https:\\\/\\\/blog.desenzanoloft.com\\\/en\\\/eatinero-lago-di-garda-2019\\\/#primaryimage\"},\"thumbnailUrl\":\"https:\\\/\\\/blog.desenzanoloft.com\\\/wp-content\\\/uploads\\\/2019\\\/06\\\/Untitled-collage-min-1.jpg\",\"keywords\":[\"desenzanodelgarda\",\"eatinero\",\"estate\",\"eventi\",\"festival del cibo itinerante\",\"food track\",\"lago di garda\",\"lake Garda\",\"manerba\",\"summer tour\"],\"articleSection\":[\"notizie ed eventi\"],\"inLanguage\":\"en-US\",\"potentialAction\":[{\"@type\":\"CommentAction\",\"name\":\"Comment\",\"target\":[\"https:\\\/\\\/blog.desenzanoloft.com\\\/en\\\/eatinero-lago-di-garda-2019\\\/#respond\"]}]},{\"@type\":\"WebPage\",\"@id\":\"https:\\\/\\\/blog.desenzanoloft.com\\\/en\\\/eatinero-lago-di-garda-2019\\\/\",\"url\":\"https:\\\/\\\/blog.desenzanoloft.com\\\/en\\\/eatinero-lago-di-garda-2019\\\/\",\"name\":\"Eatinero lago di Garda 2019 - Blog\",\"isPartOf\":{\"@id\":\"https:\\\/\\\/blog.desenzanoloft.com\\\/en\\\/#website\"},\"primaryImageOfPage\":{\"@id\":\"https:\\\/\\\/blog.desenzanoloft.com\\\/en\\\/eatinero-lago-di-garda-2019\\\/#primaryimage\"},\"image\":{\"@id\":\"https:\\\/\\\/blog.desenzanoloft.com\\\/en\\\/eatinero-lago-di-garda-2019\\\/#primaryimage\"},\"thumbnailUrl\":\"https:\\\/\\\/blog.desenzanoloft.com\\\/wp-content\\\/uploads\\\/2019\\\/06\\\/Untitled-collage-min-1.jpg\",\"datePublished\":\"2019-06-21T08:04:52+00:00\",\"dateModified\":\"2019-06-21T08:32:18+00:00\",\"author\":{\"@id\":\"https:\\\/\\\/blog.desenzanoloft.com\\\/en\\\/#\\\/schema\\\/person\\\/3363b0dbf0bb9edb036fb68a61d6dd42\"},\"description\":\"Eatinero lago di Garda 2019: il summer tour di Eatinero sbarca anche sul lago di Garda con tappa a Manerba e Desenzano del Garda. Scopri tutte le date.\",\"breadcrumb\":{\"@id\":\"https:\\\/\\\/blog.desenzanoloft.com\\\/en\\\/eatinero-lago-di-garda-2019\\\/#breadcrumb\"},\"inLanguage\":\"en-US\",\"potentialAction\":[{\"@type\":\"ReadAction\",\"target\":[\"https:\\\/\\\/blog.desenzanoloft.com\\\/en\\\/eatinero-lago-di-garda-2019\\\/\"]}]},{\"@type\":\"ImageObject\",\"inLanguage\":\"en-US\",\"@id\":\"https:\\\/\\\/blog.desenzanoloft.com\\\/en\\\/eatinero-lago-di-garda-2019\\\/#primaryimage\",\"url\":\"https:\\\/\\\/blog.desenzanoloft.com\\\/wp-content\\\/uploads\\\/2019\\\/06\\\/Untitled-collage-min-1.jpg\",\"contentUrl\":\"https:\\\/\\\/blog.desenzanoloft.com\\\/wp-content\\\/uploads\\\/2019\\\/06\\\/Untitled-collage-min-1.jpg\",\"width\":2000,\"height\":2000,\"caption\":\"Eatinero lago di Garda 2019\"},{\"@type\":\"BreadcrumbList\",\"@id\":\"https:\\\/\\\/blog.desenzanoloft.com\\\/en\\\/eatinero-lago-di-garda-2019\\\/#breadcrumb\",\"itemListElement\":[{\"@type\":\"ListItem\",\"position\":1,\"name\":\"Home\",\"item\":\"https:\\\/\\\/blog.desenzanoloft.com\\\/en\\\/\"},{\"@type\":\"ListItem\",\"position\":2,\"name\":\"Eatinero lago di Garda 2019\"}]},{\"@type\":\"WebSite\",\"@id\":\"https:\\\/\\\/blog.desenzanoloft.com\\\/en\\\/#website\",\"url\":\"https:\\\/\\\/blog.desenzanoloft.com\\\/en\\\/\",\"name\":\"Blog\",\"description\":\"Desenzanoloft\",\"potentialAction\":[{\"@type\":\"SearchAction\",\"target\":{\"@type\":\"EntryPoint\",\"urlTemplate\":\"https:\\\/\\\/blog.desenzanoloft.com\\\/en\\\/?s={search_term_string}\"},\"query-input\":{\"@type\":\"PropertyValueSpecification\",\"valueRequired\":true,\"valueName\":\"search_term_string\"}}],\"inLanguage\":\"en-US\"},{\"@type\":\"Person\",\"@id\":\"https:\\\/\\\/blog.desenzanoloft.com\\\/en\\\/#\\\/schema\\\/person\\\/3363b0dbf0bb9edb036fb68a61d6dd42\",\"name\":\"desenzanoloft\",\"image\":{\"@type\":\"ImageObject\",\"inLanguage\":\"en-US\",\"@id\":\"https:\\\/\\\/secure.gravatar.com\\\/avatar\\\/f0a7703b30e35f233c4ec0317086f2b943a1586f5929cc61eeceae263a3ac558?s=96&d=mm&r=g\",\"url\":\"https:\\\/\\\/secure.gravatar.com\\\/avatar\\\/f0a7703b30e35f233c4ec0317086f2b943a1586f5929cc61eeceae263a3ac558?s=96&d=mm&r=g\",\"contentUrl\":\"https:\\\/\\\/secure.gravatar.com\\\/avatar\\\/f0a7703b30e35f233c4ec0317086f2b943a1586f5929cc61eeceae263a3ac558?s=96&d=mm&r=g\",\"caption\":\"desenzanoloft\"},\"sameAs\":[\"https:\\\/\\\/www.desenzanoloft.com\\\/\",\"https:\\\/\\\/www.facebook.com\\\/CarloClaveriniDESENZANO\"],\"url\":\"https:\\\/\\\/blog.desenzanoloft.com\\\/en\\\/author\\\/desenzanoloft\\\/\"}]}<\/script>\n<!-- \/ Yoast SEO plugin. -->","yoast_head_json":{"title":"Eatinero lago di Garda 2019 - Blog","description":"Eatinero lago di Garda 2019: il summer tour di Eatinero sbarca anche sul lago di Garda con tappa a Manerba e Desenzano del Garda. Scopri tutte le date.","robots":{"index":"index","follow":"follow","max-snippet":"max-snippet:-1","max-image-preview":"max-image-preview:large","max-video-preview":"max-video-preview:-1"},"canonical":"https:\/\/blog.desenzanoloft.com\/en\/eatinero-lago-di-garda-2019\/","og_locale":"en_US","og_type":"article","og_title":"Eatinero lago di Garda 2019 - Blog","og_description":"Eatinero lago di Garda 2019: il summer tour di Eatinero sbarca anche sul lago di Garda con tappa a Manerba e Desenzano del Garda. Scopri tutte le date.","og_url":"https:\/\/blog.desenzanoloft.com\/en\/eatinero-lago-di-garda-2019\/","og_site_name":"Blog","article_author":"https:\/\/www.facebook.com\/CarloClaveriniDESENZANO","article_published_time":"2019-06-21T08:04:52+00:00","article_modified_time":"2019-06-21T08:32:18+00:00","og_image":[{"width":2000,"height":2000,"url":"https:\/\/blog.desenzanoloft.com\/wp-content\/uploads\/2019\/06\/Untitled-collage-min-1.jpg","type":"image\/jpeg"}],"author":"desenzanoloft","twitter_card":"summary_large_image","twitter_misc":{"Written by":"desenzanoloft","Est. reading time":"4 minutes"},"schema":{"@context":"https:\/\/schema.org","@graph":[{"@type":"Article","@id":"https:\/\/blog.desenzanoloft.com\/en\/eatinero-lago-di-garda-2019\/#article","isPartOf":{"@id":"https:\/\/blog.desenzanoloft.com\/en\/eatinero-lago-di-garda-2019\/"},"author":{"name":"desenzanoloft","@id":"https:\/\/blog.desenzanoloft.com\/en\/#\/schema\/person\/3363b0dbf0bb9edb036fb68a61d6dd42"},"headline":"Eatinero lago di Garda 2019","datePublished":"2019-06-21T08:04:52+00:00","dateModified":"2019-06-21T08:32:18+00:00","mainEntityOfPage":{"@id":"https:\/\/blog.desenzanoloft.com\/en\/eatinero-lago-di-garda-2019\/"},"wordCount":706,"commentCount":0,"image":{"@id":"https:\/\/blog.desenzanoloft.com\/en\/eatinero-lago-di-garda-2019\/#primaryimage"},"thumbnailUrl":"https:\/\/blog.desenzanoloft.com\/wp-content\/uploads\/2019\/06\/Untitled-collage-min-1.jpg","keywords":["desenzanodelgarda","eatinero","estate","eventi","festival del cibo itinerante","food track","lago di garda","lake Garda","manerba","summer tour"],"articleSection":["notizie ed eventi"],"inLanguage":"en-US","potentialAction":[{"@type":"CommentAction","name":"Comment","target":["https:\/\/blog.desenzanoloft.com\/en\/eatinero-lago-di-garda-2019\/#respond"]}]},{"@type":"WebPage","@id":"https:\/\/blog.desenzanoloft.com\/en\/eatinero-lago-di-garda-2019\/","url":"https:\/\/blog.desenzanoloft.com\/en\/eatinero-lago-di-garda-2019\/","name":"Eatinero lago di Garda 2019 - Blog","isPartOf":{"@id":"https:\/\/blog.desenzanoloft.com\/en\/#website"},"primaryImageOfPage":{"@id":"https:\/\/blog.desenzanoloft.com\/en\/eatinero-lago-di-garda-2019\/#primaryimage"},"image":{"@id":"https:\/\/blog.desenzanoloft.com\/en\/eatinero-lago-di-garda-2019\/#primaryimage"},"thumbnailUrl":"https:\/\/blog.desenzanoloft.com\/wp-content\/uploads\/2019\/06\/Untitled-collage-min-1.jpg","datePublished":"2019-06-21T08:04:52+00:00","dateModified":"2019-06-21T08:32:18+00:00","author":{"@id":"https:\/\/blog.desenzanoloft.com\/en\/#\/schema\/person\/3363b0dbf0bb9edb036fb68a61d6dd42"},"description":"Eatinero lago di Garda 2019: il summer tour di Eatinero sbarca anche sul lago di Garda con tappa a Manerba e Desenzano del Garda. Scopri tutte le date.","breadcrumb":{"@id":"https:\/\/blog.desenzanoloft.com\/en\/eatinero-lago-di-garda-2019\/#breadcrumb"},"inLanguage":"en-US","potentialAction":[{"@type":"ReadAction","target":["https:\/\/blog.desenzanoloft.com\/en\/eatinero-lago-di-garda-2019\/"]}]},{"@type":"ImageObject","inLanguage":"en-US","@id":"https:\/\/blog.desenzanoloft.com\/en\/eatinero-lago-di-garda-2019\/#primaryimage","url":"https:\/\/blog.desenzanoloft.com\/wp-content\/uploads\/2019\/06\/Untitled-collage-min-1.jpg","contentUrl":"https:\/\/blog.desenzanoloft.com\/wp-content\/uploads\/2019\/06\/Untitled-collage-min-1.jpg","width":2000,"height":2000,"caption":"Eatinero lago di Garda 2019"},{"@type":"BreadcrumbList","@id":"https:\/\/blog.desenzanoloft.com\/en\/eatinero-lago-di-garda-2019\/#breadcrumb","itemListElement":[{"@type":"ListItem","position":1,"name":"Home","item":"https:\/\/blog.desenzanoloft.com\/en\/"},{"@type":"ListItem","position":2,"name":"Eatinero lago di Garda 2019"}]},{"@type":"WebSite","@id":"https:\/\/blog.desenzanoloft.com\/en\/#website","url":"https:\/\/blog.desenzanoloft.com\/en\/","name":"Blog","description":"Desenzanoloft","potentialAction":[{"@type":"SearchAction","target":{"@type":"EntryPoint","urlTemplate":"https:\/\/blog.desenzanoloft.com\/en\/?s={search_term_string}"},"query-input":{"@type":"PropertyValueSpecification","valueRequired":true,"valueName":"search_term_string"}}],"inLanguage":"en-US"},{"@type":"Person","@id":"https:\/\/blog.desenzanoloft.com\/en\/#\/schema\/person\/3363b0dbf0bb9edb036fb68a61d6dd42","name":"desenzanoloft","image":{"@type":"ImageObject","inLanguage":"en-US","@id":"https:\/\/secure.gravatar.com\/avatar\/f0a7703b30e35f233c4ec0317086f2b943a1586f5929cc61eeceae263a3ac558?s=96&d=mm&r=g","url":"https:\/\/secure.gravatar.com\/avatar\/f0a7703b30e35f233c4ec0317086f2b943a1586f5929cc61eeceae263a3ac558?s=96&d=mm&r=g","contentUrl":"https:\/\/secure.gravatar.com\/avatar\/f0a7703b30e35f233c4ec0317086f2b943a1586f5929cc61eeceae263a3ac558?s=96&d=mm&r=g","caption":"desenzanoloft"},"sameAs":["https:\/\/www.desenzanoloft.com\/","https:\/\/www.facebook.com\/CarloClaveriniDESENZANO"],"url":"https:\/\/blog.desenzanoloft.com\/en\/author\/desenzanoloft\/"}]}},"_links":{"self":[{"href":"https:\/\/blog.desenzanoloft.com\/en\/wp-json\/wp\/v2\/posts\/952","targetHints":{"allow":["GET"]}}],"collection":[{"href":"https:\/\/blog.desenzanoloft.com\/en\/wp-json\/wp\/v2\/posts"}],"about":[{"href":"https:\/\/blog.desenzanoloft.com\/en\/wp-json\/wp\/v2\/types\/post"}],"author":[{"embeddable":true,"href":"https:\/\/blog.desenzanoloft.com\/en\/wp-json\/wp\/v2\/users\/57"}],"replies":[{"embeddable":true,"href":"https:\/\/blog.desenzanoloft.com\/en\/wp-json\/wp\/v2\/comments?post=952"}],"version-history":[{"count":1,"href":"https:\/\/blog.desenzanoloft.com\/en\/wp-json\/wp\/v2\/posts\/952\/revisions"}],"predecessor-version":[{"id":957,"href":"https:\/\/blog.desenzanoloft.com\/en\/wp-json\/wp\/v2\/posts\/952\/revisions\/957"}],"wp:featuredmedia":[{"embeddable":true,"href":"https:\/\/blog.desenzanoloft.com\/en\/wp-json\/wp\/v2\/media\/958"}],"wp:attachment":[{"href":"https:\/\/blog.desenzanoloft.com\/en\/wp-json\/wp\/v2\/media?parent=952"}],"wp:term":[{"taxonomy":"category","embeddable":true,"href":"https:\/\/blog.desenzanoloft.com\/en\/wp-json\/wp\/v2\/categories?post=952"},{"taxonomy":"post_tag","embeddable":true,"href":"https:\/\/blog.desenzanoloft.com\/en\/wp-json\/wp\/v2\/tags?post=952"}],"curies":[{"name":"wp","href":"https:\/\/api.w.org\/{rel}","templated":true}]}}