{"id":2960,"date":"2026-04-26T10:51:40","date_gmt":"2026-04-26T10:51:40","guid":{"rendered":"https:\/\/blog.desenzanoloft.com\/appartamento-con-terrazzo-desenzano-del-garda-guida-alla-scelta-per-una-vacanza-esclusiva\/"},"modified":"2026-04-26T10:53:19","modified_gmt":"2026-04-26T10:53:19","slug":"appartamento-con-terrazzo-desenzano-del-garda-guida-alla-scelta-per-una-vacanza-esclusiva","status":"publish","type":"post","link":"https:\/\/blog.desenzanoloft.com\/en\/appartamento-con-terrazzo-desenzano-del-garda-guida-alla-scelta-per-una-vacanza-esclusiva\/","title":{"rendered":"Appartamento con terrazzo Desenzano del Garda: Guida alla scelta per una vacanza esclusiva"},"content":{"rendered":"<p>Sapevate che oltre il 65% dei viaggiatori d&#8217;\u00e9lite ritiene che la metratura dello spazio esterno sia pi\u00f9 importante di quella interna? Scegliere un <strong>appartamento con terrazzo desenzano del garda<\/strong> significa cercare un&#8217;estensione raffinata del living dove godere della brezza lacustre in totale privacy. In questa guida, vi mostreremo come selezionare le propriet\u00e0 pi\u00f9 esclusive gestite da Desenzano Loft, l&#8217;unica realt\u00e0 locale che integra gli standard di Homes &amp; Villas by Marriott Bonvoy, Airbnb Superhost e Booking.com 9.5.<\/p>\n<p>Scoprirete come valutare dati tecnici fondamentali, come la distanza reale di soli 400 metri dal lungolago o la disponibilit\u00e0 di aree esterne di oltre 20 metri quadrati per cene private. Vi spiegheremo perch\u00e9 rifiutiamo categoricamente i check-in automatizzati con tastiere numeriche o box chiavi. Preferiamo il valore di un concierge personale in divisa pronto ad accogliervi con professionalit\u00e0. Analizzeremo i criteri essenziali per identificare standard di lusso autentici e servizi esclusivi, garantendo un&#8217;esperienza di soggiorno d&#8217;\u00e9lite nel cuore pulsante del Garda.<\/p>\n<h2 id=\"punti-chiave\"><a name=\"punti-chiave\"><\/a><a href=\"\"><\/a>Punti Chiave<\/h2>\n<ul>\n<li>\n<p>Identifica i parametri tecnici essenziali, come l&#8217;orientamento solare e una superficie minima di 15-20 mq, per garantire un utilizzo ottimale dello spazio esterno durante i pasti.<\/p>\n<\/li>\n<li>\n<p>Confronta le posizioni pi\u00f9 strategiche tra il Centro Storico, a meno di 0.5 km da Piazza Malvezzi, e Rivoltella, situata a soli 10 minuti a piedi dalla Spiaggia d\u2019Oro.<\/p>\n<\/li>\n<li>\n<p>Scopri come selezionare un appartamento con terrazzo desenzano del garda dotato di connessione Wi-Fi a 100 Mbps estesa all&#8217;esterno e di dotazioni conformi alle normative condominiali.<\/p>\n<\/li>\n<li>\n<p>Valuta l&#8217;importanza di un&#8217;accoglienza fisica curata da personale qualificato in divisa, escludendo l&#8217;uso di key-box per mantenere standard di sicurezza e professionalit\u00e0 elevati.<\/p>\n<\/li>\n<li>\n<p>Approfondisci i vantaggi delle partnership internazionali che garantiscono criteri qualitativi d&#8217;eccellenza per una vacanza esclusiva e rigorosamente gestita.<\/p>\n<\/li>\n<\/ul>\n<h2 id=\"indice\"><a name=\"indice\"><\/a><a href=\"\"><\/a>Indice<\/h2>\n<ul>\n<li>\n<p><a href=\"#parametri-di-valutazione-per-un-appartamento-con-terrazzo-a-desenzano-del-garda\">Parametri di valutazione per un appartamento con terrazzo a Desenzano del Garda<\/a><\/p>\n<\/li>\n<li>\n<p><a href=\"#posizioni-strategiche-dal-centro-storico-a-rivoltella-del-garda\">Posizioni strategiche: dal Centro Storico a Rivoltella del Garda<\/a><\/p>\n<\/li>\n<li>\n<p><a href=\"#comfort-e-dotazioni-massimizzare-luso-degli-spazi-esterni\">Comfort e dotazioni: massimizzare l\u2019uso degli spazi esterni<\/a><\/p>\n<\/li>\n<li>\n<p><a href=\"#perch%C3%A9-scegliere-la-gestione-professionale-di-desenzanoloft\">Perch\u00e9 scegliere la gestione professionale di DesenzanoLoft<\/a><\/p>\n<\/li>\n<\/ul>\n<h2 id=\"parametri-di-valutazione-per-un-appartamento-con-terrazzo-a-desenzano-del-garda\"><a name=\"parametri-di-valutazione-per-un-appartamento-con-terrazzo-a-desenzano-del-garda\"><\/a><a href=\"\"><\/a>Parametri di valutazione per un appartamento con terrazzo a Desenzano del Garda<\/h2>\n<p>Scegliere un<\/p>\n<p>**appartamento con terrazzo a Desenzano del Garda<\/p>\n<p>**richiede una valutazione che superi l&#8217;estetica superficiale per concentrarsi su criteri tecnici e funzionali precisi. La qualit\u00e0 del soggiorno dipende dalla capacit\u00e0 dello spazio esterno di trasformarsi in un&#8217;estensione naturale della zona living. Un terrazzo d&#8217;eccellenza in questa localit\u00e0, situata a un&#8217;altitudine di 65 metri sopra il livello del mare, deve garantire un equilibrio tra esposizione solare e protezione climatica. L&#8217;orientamento verso ovest o sud-ovest risulta preferibile per chi desidera sfruttare lo spazio nelle ore pomeridiane e godere della luce naturale fino al tramonto, momento in cui il profilo della costa gardesana assume tonalit\u00e0 calde e avvolgenti.<\/p>\n<p>Per comprendere meglio come questi spazi vengano valorizzati nelle propriet\u00e0 di alto livello, osservate questo video descrittivo:<\/p>\n<div class=\"youtube-embed\" style=\"position: relative;padding-bottom: 56.25%;height: 0;overflow: hidden;max-width: 100%;margin: 1.5em 0\">\n<iframe src=\"https:\/\/www.youtube.com\/embed\/oinoD0njgFo?rel=0&amp;hl=it&amp;hl=it\" title=\"MODERNO APPARTAMENTO CON TERRAZZA A DESENZANO DEL GARDA\" style=\"position: absolute;top: 0;left: 0;width: 100%;height: 100%;border: 0\" allow=\"accelerometer; autoplay; clipboard-write; encrypted-media; gyroscope; picture-in-picture\" allowfullscreen=\"\" loading=\"lazy\"><br \/>\n<\/iframe>\n<\/div>\n<p>La dimensione rappresenta il secondo parametro fondamentale. Per ospitare comodamente un tavolo da pranzo per 4 persone e mantenere una circolazione fluida, la metratura minima consigliata non deve scendere sotto i 15 o 20 metri quadrati. Oltre alla superficie, la privacy costituisce un elemento di valore assoluto. Verificate sempre la distanza dalle propriet\u00e0 confinanti e l&#8217;impatto acustico della viabilit\u00e0 stradale locale. Gli standard di arredo in un contesto di pregio prevedono zone d&#8217;ombra integrate, come tende motorizzate con sensori per il vento o ombrelloni di design con basi stabilizzate, essenziali per rendere lo spazio vivibile anche durante le ore di picco solare.<\/p>\n<h3>Metratura e funzionalit\u00e0 degli spazi esterni<\/h3>\n<p>La distinzione tra un semplice balcone loggiato e un terrazzo abitabile \u00e8 netta in termini di comfort termico. La loggia, essendo coperta su tre lati, offre una protezione maggiore dal calore diretto e dalle intemperie, ma un terrazzo aperto garantisce una ventilazione superiore. La sicurezza e la praticit\u00e0 passano attraverso la scelta della pavimentazione: i materiali devono essere rigorosamente drenanti e antiscivolo, con una pendenza calcolata per evitare ristagni d&#8217;acqua dopo i temporali estivi. Per chi necessita di gestire attivit\u00e0 lavorative da remoto, la presenza di punti luce tecnici e prese elettriche esterne con protezione IP65 diventa un requisito indispensabile, permettendo di trasformare il terrazzo in un ufficio all&#8217;aperto con vista sul comune di<\/p>\n<p>[Desenzano del Garda<\/p>\n<p>](https:\/\/en.wikipedia.org\/wiki\/Desenzano_del_Garda).<\/p>\n<h3>L\u2019importanza della vista e del microclima lacustre<\/h3>\n<p>Il microclima del basso Garda \u00e8 influenzato costantemente dai venti dominanti che regolano la temperatura percepita sugli spazi esterni. Il Peler, che soffia da nord nelle prime ore del mattino, e l&#8217;Ora, che risale da sud nel pomeriggio, garantiscono un ricircolo d&#8217;aria costante che mitiga l&#8217;umidit\u00e0. La vegetazione circostante gioca un ruolo attivo; la presenza di essenze locali come olivi o piante mediterranee contribuisce ad abbassare la temperatura percepita di circa 2 o 3 gradi rispetto alle aree densamente cementificate. Potete consultare la nostra selezione di case vacanza a Desenzano del Garda.<\/p>\n<p>[rentals a Desenzano del Garda<\/p>\n<p>](https:\/\/www.desenzanoloft.com\/en\/rentals\/rentals-desenzano-del-garda-d57207\/)<\/p>\n<h2 id=\"posizioni-strategiche-dal-centro-storico-a-rivoltella-del-garda\"><a name=\"posizioni-strategiche-dal-centro-storico-a-rivoltella-del-garda\"><\/a><a href=\"\"><\/a>Posizioni strategiche: dal Centro Storico a Rivoltella del Garda<\/h2>\n<p>Identificare la zona ideale per un <strong>appartamento con terrazzo desenzano del garda<\/strong> richiede un&#8217;analisi delle proprie priorit\u00e0 logistiche. Il territorio comunale offre scenari distinti, ognuno con caratteristiche specifiche che influenzano la qualit\u00e0 del riposo e la facilit\u00e0 di spostamento. La scelta tra il fermento del nucleo storico e la residenzialit\u00e0 di Rivoltella determina non solo il panorama, ma anche la gestione quotidiana della vacanza.<\/p>\n<h3>Vivere il cuore di Desenzano: Centro e Lungolago<\/h3>\n<p>Soggiornare nel Centro Storico significa trovarsi entro un raggio di 500 metri da Piazza Malvezzi e dal Porto Vecchio. Questa posizione \u00e8 ottimale per chi desidera immergersi nella vita cittadina senza l&#8217;ausilio costante dell&#8217;auto. La stazione ferroviaria, punto di snodo fondamentale per i collegamenti regionali, dista circa 1,2 km, una distanza percorribile in 15 minuti a piedi. L&#8217;accesso alle strutture situate in Zona a Traffico Limitato (ZTL) \u00e8 coordinato dai nostri professionisti, che guidano gli ospiti durante le procedure di arrivo per lo scarico dei bagagli.<\/p>\n<p>La vivacit\u00e0 serale, specialmente durante la stagione estiva tra le ore 20:00 e le 01:00, comporta un livello di rumorosit\u00e0 urbana superiore rispetto alle zone periferiche. Per soggiorni che superano le 3 notti, consigliamo vivamente la prenotazione di strutture dotate di parcheggio privato coperto. La disponibilit\u00e0 di stalli pubblici nel centro \u00e8 limitata e soggetta a forti variazioni di occupazione. La zona Desenzanino, situata all&#8217;estremit\u00e0 ovest del lungolago, rappresenta un equilibrio strategico; garantisce l&#8217;affaccio diretto sull&#8217;acqua e una vicinanza immediata ai servizi, mantenendo una leggera distanza dalle aree pedonali pi\u00f9 affollate.<\/p>\n<h3>Tranquillit\u00e0 e ampi spazi a Rivoltella<\/h3>\n<p>Spostandosi verso la frazione di Rivoltella del Garda, il contesto cambia radicalmente a favore di complessi residenziali moderni. Qui \u00e8 pi\u00f9 frequente trovare un <strong>appartamento con terrazzo desenzano del garda<\/strong> inserito in contesti con piscina condominiale e ampi spazi verdi. La logistica \u00e8 semplificata dalla presenza di supermercati e farmacie raggiungibili in meno di 5 minuti a piedi dalle abitazioni principali. La Spiaggia d\u2019Oro, uno dei lidi pi\u00f9 attrezzati della zona, \u00e8 accessibile tramite percorsi pedonali sicuri in meno di 10 minuti.<\/p>\n<ul>\n<li>\n<p><strong>Collegamenti con Sirmione:<\/strong> 15 minuti in auto o 20 minuti attraverso la pista ciclabile costiera.<\/p>\n<\/li>\n<li>\n<p><strong>Servizi:<\/strong> Alta concentrazione di negozi di prossimit\u00e0 entro un raggio di 400 metri.<\/p>\n<\/li>\n<li>\n<p><strong>Parcheggio:<\/strong> Facilit\u00e0 di manovra e disponibilit\u00e0 di box privati di ampie dimensioni, adatti anche a SUV o berline di lusso.<\/p>\n<\/li>\n<\/ul>\n<p>Questa zona \u00e8 particolarmente indicata per chi cerca una dimensione pi\u00f9 rilassata e predilige i volumi generosi delle architetture contemporanee. Per chi desidera esplorare le opzioni disponibili in queste aree, \u00e8 possibile consultare la nostra selezione di <a href=\"https:\/\/www.desenzanoloft.com\/affitti\/affitti-desenzano-del-garda-d57207\/list-view\/\">case vacanza a Desenzano del Garda<\/a>. La gestione diretta delle propriet\u00e0 ci permette di garantire standard qualitativi costanti, assicurando che ogni terrazzo diventi un&#8217;estensione privata e confortevole dell&#8217;area living.<\/p>\n<p><!-- autoseo-infographic --><\/p>\n<div class=\"autoseo-infographic-container\"><img decoding=\"async\" width=\"983\" height=\"2560\" src=\"https:\/\/blog.desenzanoloft.com\/wp-content\/uploads\/2026\/04\/Appartamento-con-terrazzo-Desenzano-del-Garda-Guida-alla-scelta-per-una-vacanza-esclusiva-Infographic-scaled.jpg\" class=\"autoseo-infographic-image\" alt=\"Appartamento con terrazzo Desenzano del Garda: Guida alla scelta per una vacanza esclusiva\" loading=\"lazy\" \/><\/div>\n<p><!-- \/autoseo-infographic --><\/p>\n<h2 id=\"comfort-e-dotazioni-massimizzare-luso-degli-spazi-esterni\"><a name=\"comfort-e-dotazioni-massimizzare-luso-degli-spazi-esterni\"><\/a><a href=\"\"><\/a>Comfort e dotazioni: massimizzare l\u2019uso degli spazi esterni<\/h2>\n<p>Vivere un <strong>appartamento con terrazzo Desenzano del Garda<\/strong> significa trasformare l&#8217;outdoor in un secondo salotto funzionale. La progettazione degli spazi esterni segue standard rigorosi per garantire un&#8217;esperienza fluida e professionale. La connettivit\u00e0 rappresenta il primo pilastro dell&#8217;offerta: la rete Wi-Fi in fibra ottica assicura 100 Mbps costanti anche all&#8217;aperto, eliminando ogni zona d&#8217;ombra del segnale. Questo permette di gestire chiamate di lavoro o streaming in alta definizione senza interruzioni. L&#8217;efficienza energetica \u00e8 garantita da sistemi di illuminazione a LED che riducono l&#8217;impatto ambientale e il calore emesso, mantenendo le temperature gradevoli durante le serate estive.<\/p>\n<p>La scelta degli arredi non \u00e8 lasciata al caso. Utilizziamo\u00a0 sdraio ergonomiche e tavoli realizzati in materiali resistenti alla salsedine e all&#8217;ossidazione, come l&#8217;alluminio nautico o il legno Iroko trattato. Questi componenti mantengono la loro integrit\u00e0 estetica nonostante l&#8217;esposizione diretta al sole e all&#8217;umidit\u00e0 lacustre. Per quanto riguarda la convivialit\u00e0, la gestione dei barbecue segue le normative condominiali locali che prediligono modelli elettrici o a gas di ultima generazione. Questa scelta evita i fumi della carbonella che potrebbero disturbare il vicinato o compromettere la qualit\u00e0 dell&#8217;aria nel patio, assicurando cene all&#8217;aperto nel pieno rispetto delle regole comuni.<\/p>\n<h3>Tecnologia e Smart Working sul terrazzo<\/h3>\n<p>La &#8216;workation&#8217; richiede dotazioni specifiche che vanno oltre la semplice connessione. Per utilizzare il laptop all&#8217;esterno, \u00e8 fondamentale che gli schermi abbiano una luminosit\u00e0 minima di 500 nits per contrastare il riverbero solare tipico delle ore pomeridiane sul Garda. La disposizione degli arredi \u00e8 studiata per offrire zone d&#8217;ombra naturali o artificiali, proteggendo i dispositivi elettronici dal surriscaldamento. In molte propriet\u00e0, il posizionamento delle zone lounge permette di godere delle Smart TV interne direttamente dal terrazzo, creando un ambiente multimediale integrato e versatile per ogni momento della giornata.<\/p>\n<h3>Sicurezza e accessibilit\u00e0 per famiglie<\/h3>\n<p>La tranquillit\u00e0 degli ospiti passa per la sicurezza strutturale. Tutti i parapetti dei terrazzi rispettano rigorosamente l&#8217;altezza minima di legge di 110 cm, garantendo una barriera solida e sicura per i bambini. Per chi viaggia con compagni a quattro zampe, offriamo soluzioni con schermature perimetrali che impediscono il passaggio accidentale di animali di piccola taglia. Potete esplorare le opzioni dedicate nella nostra sezione di <a href=\"https:\/\/www.desenzanoloft.com\/en\/rentals\/holidays-rentals-d0\/tag-pet-friendly\/\">appartamenti pet-friendly a Desenzano<\/a>. Al vostro arrivo, un nostro concierge in divisa vi illustrer\u00e0 personalmente ogni dotazione tecnica, le procedure di sicurezza della struttura e il funzionamento degli impianti, eliminando ogni incertezza iniziale.<\/p>\n<p>Scoprite l&#8217;eccellenza delle nostre proposte visitando la pagina dedicata agli <a href=\"https:\/\/www.desenzanoloft.com\/en\/rentals\/rentals-desenzano-del-garda-d57207\/\">appartamenti a Desenzano del Garda<\/a> per una vacanza senza compromessi.<\/p>\n<h2 id=\"perch\u00e9-scegliere-la-gestione-professionale-di-desenzanoloft\"><a name=\"perch\u00e9-scegliere-la-gestione-professionale-di-desenzanoloft\"><\/a><a href=\"\"><\/a>Perch\u00e9 scegliere la gestione professionale di DesenzanoLoft<\/h2>\n<p>Affidarsi a DesenzanoLoft significa superare la logica della semplice locazione turistica per approdare a un modello di ospitalit\u00e0 d&#8217;\u00e9lite. A differenza delle gestioni automatizzate che utilizzano key-box impersonali, ogni nostro ospite riceve un&#8217;accoglienza fisica curata da personale qualificato in divisa. Questa scelta garantisce sicurezza e precisione fin dal primo istante del check-in. La qualit\u00e0 della proposta \u00e8 certificata dalla partnership con Homes &amp; Villas by Marriott Bonvoy, un riconoscimento che posiziona ogni <strong>appartamento con terrazzo Desenzano del Garda<\/strong> gestito dalla nostra agenzia in una fascia di mercato superiore. La cura dei dettagli si estende alla manutenzione costante degli arredi da esterno e a cicli di pulizia professionale certificata, assicurando che ogni spazio sia pronto per l&#8217;uso immediato e conforme agli standard igienici pi\u00f9 rigorosi.<\/p>\n<h3>L\u2019accoglienza DesenzanoLoft: oltre la semplice consegna chiavi<\/h3>\n<p>L&#8217;assisted check-in rappresenta il cuore del nostro servizio. Un membro del team illustra ogni funzionalit\u00e0 tecnica dell&#8217;abitazione, dal funzionamento della domotica alla gestione degli impianti di climatizzazione. Durante l&#8217;intero soggiorno, il supporto multilingue rimane disponibile per risolvere ogni necessit\u00e0, supportato da un servizio concierge dedicato capace di gestire prenotazioni in ristoranti selezionati o tour enogastronomici locali. Seguendo il profilo Instagram @desenzanoloftofficial, gli ospiti possono restare aggiornati sulle esperienze esclusive disponibili durante la stagione. All&#8217;arrivo, ogni ospite riceve:<\/p>\n<ul>\n<li>\n<p>Assisted check-in con spiegazione tecnica di ogni funzionalit\u00e0 dell&#8217;appartamento.<\/p>\n<\/li>\n<li>\n<p>Supporto multilingue attivo durante tutto il periodo del soggiorno.<\/p>\n<\/li>\n<li>\n<p>Kit di benvenuto con prodotti locali selezionati per un&#8217;introduzione autentica al territorio.<\/p>\n<\/li>\n<\/ul>\n<h3>Vantaggi esclusivi per soggiorni prolungati<\/h3>\n<p>Pianificare una vacanza di lungo periodo offre benefici concreti che vanno oltre il semplice relax. Per soggiorni di almeno 6 notti, DesenzanoLoft omaggia i propri ospiti con biglietti del treno gratuiti per una visita a Venezia, facilitando la scoperta delle citt\u00e0 d&#8217;arte partendo direttamente dalla stazione ferroviaria di Desenzano del Garda. La continuit\u00e0 del comfort \u00e8 presidiata da un protocollo tecnico rigoroso. La gestione delle emergenze tecniche avviene entro 120 minuti dalla segnalazione, garantendo la risoluzione rapida di ogni eventuale imprevisto agli arredi o agli impianti. Scegliere un <strong>appartamento con terrazzo Desenzano del Garda<\/strong> tramite la nostra gestione diretta significa avere la certezza di un interlocutore unico, professionale e sempre presente sul territorio.<\/p>\n<p><strong><a href=\"https:\/\/www.desenzanoloft.com\/affitti\/affitti-desenzano-del-garda-d57207\/list-view\/\">Prenota il tuo appartamento con terrazzo a Desenzano<\/a><\/strong><\/p>\n<h2 id=\"inizia-a-progettare-la-tua-esperienza-sul-lago-di-garda\"><a name=\"inizia-a-progettare-la-tua-esperienza-sul-lago-di-garda\"><\/a><a href=\"\"><\/a>Inizia a progettare la tua esperienza sul Lago di Garda<\/h2>\n<p>Scegliere con cura la propria dimora significa trasformare una semplice sosta in un ricordo indelebile. Un <strong>appartamento con terrazzo desenzano del garda<\/strong> rappresenta la soluzione ideale per chi cerca privacy e una posizione privilegiata, spesso a meno di 10 minuti a piedi dai servizi del centro e a soli 5 minuti dal porto. La gestione professionale di DesenzanoLoft, attiva sul territorio da oltre 10 anni, assicura standard d&#8217;eccellenza certificati dalla partnership ufficiale con Homes &amp; Villas by Marriott Bonvoy.<\/p>\n<p>Dimentica le complicazioni dei sistemi automatici o dei codici digitali. Il nostro protocollo di accoglienza prevede esclusivamente un check-in assistito con personale qualificato in divisa, garantendo una presentazione impeccabile della propriet\u00e0 senza l&#8217;utilizzo di key-box. Ogni dettaglio, dalla cura degli spazi esterni alla vicinanza strategica con Sirmione e Peschiera del Garda, \u00e8 studiato per massimizzare il comfort. La qualit\u00e0 del tuo soggiorno \u00e8 una certezza costruita su procedure rigorose e una conoscenza profonda del mercato immobiliare locale. Ti aspettiamo per offrirti un servizio sartoriale e un&#8217;ospitalit\u00e0 autenticamente raffinata.<\/p>\n<p><a href=\"https:\/\/www.desenzanoloft.com\/en\/rentals\/rentals-desenzano-del-garda-d57207\/\">Prenota ora la tua vacanza esclusiva a Desenzano del Garda<\/a><\/p>\n<h2 id=\"domande-frequenti-sul-soggiorno-a-desenzano\"><a name=\"domande-frequenti-sul-soggiorno-a-desenzano\"><\/a><a href=\"\"><\/a>Domande frequenti sul soggiorno a Desenzano<\/h2>\n<h3>Quali sono i costi della tassa di soggiorno a Desenzano del Garda?<\/h3>\n<p>La tassa di soggiorno nel comune di Desenzano del Garda \u00e8 fissata a 1,50 Euro a persona per ogni notte di permanenza. Questa tariffa si applica esclusivamente per i primi 21 giorni di soggiorno consecutivo, favorendo chi sceglie vacanze prolungate sul lago. I ragazzi che non hanno ancora compiuto 14 anni sono esenti dal pagamento di questa imposta comunale, che viene riscossa dal nostro concierge professionista durante le procedure di check-in.<\/p>\n<h3>\u00c8 possibile organizzare una cena con chef privato sul terrazzo dell\u2019appartamento?<\/h3>\n<p>S\u00ec, potete prenotare il servizio di uno chef privato per preparare piatti gourmet direttamente nella cucina del vostro appartamento con terrazzo Desenzano del Garda. Il nostro team di concierge coordina l&#8217;intera esperienza, dalla selezione del menu basato su prodotti del territorio alla gestione del servizio a tavola. Il terrazzo si trasforma in una sala da pranzo esclusiva dove godersi il clima gardesano e la massima riservatezza durante tutta la serata.<\/p>\n<h3>Gli appartamenti con terrazzo dispongono sempre di un parcheggio privato?<\/h3>\n<p>L&#8217;85% delle nostre propriet\u00e0 include un posto auto riservato o un garage privato situato nelle immediate vicinanze dell&#8217;alloggio, solitamente entro 150 metri dall&#8217;ingresso. Per le strutture poste nel cuore del centro storico, dove la viabilit\u00e0 \u00e8 limitata, forniamo pass specifici per l&#8217;accesso o indichiamo parcheggi convenzionati situati a meno di 5 minuti a piedi. La sicurezza della vostra vettura \u00e8 una priorit\u00e0 che gestiamo con soluzioni logistiche precise per ogni singola unit\u00e0.<\/p>\n<h3>Come funziona la promozione per il viaggio a Venezia da Desenzano?<\/h3>\n<p>La promozione offre biglietti ferroviari gratuiti per un&#8217;escursione a Venezia a tutti gli ospiti che prenotano un soggiorno minimo di 6 notti sul nostro sito. La stazione di Desenzano dista circa 12 minuti a piedi dalle nostre propriet\u00e0 centrali e i treni veloci raggiungono la stazione di Venezia Santa Lucia in 90 minuti. Questa opportunit\u00e0 permette di arricchire la vacanza sul Garda con una visita culturale nella citt\u00e0 lagunare senza costi aggiuntivi di trasporto.<\/p>\n<h3>\u00c8 garantita la privacy nei terrazzi degli appartamenti in centro storico?<\/h3>\n<p>La privacy \u00e8 assicurata dalla posizione sopraelevata delle propriet\u00e0 e dalla presenza di elementi architettonici che proteggono la visuale esterna. Ogni appartamento con terrazzo Desenzano del Garda situato in centro viene selezionato per offrire un ambiente intimo, utilizzando spesso schermature naturali o strutture a tasca che impediscono il contatto visivo dai palazzi circostanti. Potete rilassarvi all&#8217;aperto con la certezza di occupare uno spazio riservato nel cuore pulsante della cittadina.<\/p>\n<h3>Cosa succede se ho bisogno di assistenza tecnica durante il weekend?<\/h3>\n<p>Il nostro personale tecnico \u00e8 operativo 7 giorni su 7 per intervenire tempestivamente in caso di necessit\u00e0 o guasti imprevisti. Garantiamo un tempo di risposta rapido, solitamente entro 60 o 90 minuti dalla segnalazione, grazie alla nostra presenza fisica costante sul territorio di Desenzano. Non utilizziamo sistemi di gestione remota o automatizzata, preferendo un contatto diretto che assicuri la risoluzione immediata di ogni problema tecnico per mantenere l&#8217;eccellenza del vostro soggiorno.<\/p>\n<div class=\"author-box\" style=\"display:flex;gap:20px;align-items:flex-start;padding:24px;border:1px solid #e5e7eb;border-radius:12px;background:#f9fafb;margin:30px 0\"><img decoding=\"async\" src=\"https:\/\/blog.desenzanoloft.com\/wp-content\/uploads\/2026\/04\/Author-Thumbnail.png\" alt=\"Carlo Claverini\" style=\"width:80px;height:80px;border-radius:50%;object-fit:cover;flex-shrink:0\" \/><\/p>\n<div style=\"flex:1;min-width:0\">\n<p style=\"margin:0 0 2px 0;font-size:12px;text-transform:uppercase;letter-spacing:0.05em;color:#9ca3af;font-weight:600\">Article by<\/p>\n<p style=\"margin:0 0 8px 0;font-size:18px;font-weight:700;color:#111827\">Carlo Claverini<\/p>\n<p style=\"margin:0;font-size:14px;color:#4b5563;line-height:1.6\">Carlo Claverini \u00e8 il CEO di DesenzanoLoft, societ\u00e0 di riferimento nella gestione professionale di case vacanza di lusso sul Lago di Garda. Dalla fondazione nel 2013, Carlo ha costruito una delle principali realt\u00e0 di property management sulla sponda sud del Garda, dove cura oggi circa 100 propriet\u00e0 tra Desenzano del Garda, Sirmione e Peschiera del Garda. DesenzanoLoft \u00e8 stata tra le prime cinque agenzie di property management in Italia, pioniera di un settore oggi in forte espansione. Sotto la sua guida, l&#039;azienda ha ottenuto riconoscimenti di rilievo internazionale: Official Partner di Homes &amp; Villas by Marriott Bonvoy\u00ae \u2014 partnership esclusiva sul Lago di Garda siglata nel febbraio 2025 \u2014 Airbnb Superhost dall&#039;ottobre 2025, valutazione media di 9.5 su 10 su Booking.com e Vrbo Preferred Partner. Property Manager certificato con formazione specialistica presso SUPSI Mendrisio, Carlo \u00e8 fondatore e Presidente di OTP \u2014 Operatori Turistici Professionali, associazione di categoria che riunisce i professionisti dell&#039;ospitalit\u00e0 e degli affitti brevi in Italia. Con oltre quindici anni di esperienza sul territorio gardesano, Carlo unisce competenza operativa, visione strategica e una profonda conoscenza del lago, trasformando ogni soggiorno in un&#039;esperienza autentica che coniuga accoglienza sartoriale e standard internazionali.<\/p>\n<div style=\"display:flex;gap:12px;margin-top:8px;align-items:center\"><a href=\"https:\/\/www.linkedin.com\/in\/carlo-claverini-0b9415122\/\" target=\"_blank\" rel=\"noopener noreferrer\" title=\"LinkedIn\" style=\"color:#6b7280;text-decoration:none;display:inline-block;transition:color 0.2s\"><svg width=\"20\" height=\"20\" viewBox=\"0 0 24 24\" fill=\"currentColor\"><path d=\"M20.447 20.452h-3.554v-5.569c0-1.328-.027-3.037-1.852-3.037-1.853 0-2.136 1.445-2.136 2.939v5.667H9.351V9h3.414v1.561h.046c.477-.9 1.637-1.85 3.37-1.85 3.601 0 4.267 2.37 4.267 5.455v6.286zM5.337 7.433a2.062 2.062 0 01-2.063-2.065 2.064 2.064 0 112.063 2.065zm1.782 13.019H3.555V9h3.564v11.452zM22.225 0H1.771C.792 0 0 .774 0 1.729v20.542C0 23.227.792 24 1.771 24h20.451C23.2 24 24 23.227 24 22.271V1.729C24 .774 23.2 0 22.222 0h.003z\" \/><\/svg><\/a><a href=\"https:\/\/www.facebook.com\/DesenzanoLoftOfficial\" target=\"_blank\" rel=\"noopener noreferrer\" title=\"Facebook\" style=\"color:#6b7280;text-decoration:none;display:inline-block;transition:color 0.2s\"><svg width=\"20\" height=\"20\" viewBox=\"0 0 24 24\" fill=\"currentColor\"><path d=\"M24 12.073c0-6.627-5.373-12-12-12s-12 5.373-12 12c0 5.99 4.388 10.954 10.125 11.854v-8.385H7.078v-3.47h3.047V9.43c0-3.007 1.792-4.669 4.533-4.669 1.312 0 2.686.235 2.686.235v2.953H15.83c-1.491 0-1.956.925-1.956 1.874v2.25h3.328l-.532 3.47h-2.796v8.385C19.612 23.027 24 18.062 24 12.073z\" \/><\/svg><\/a><a href=\"https:\/\/www.instagram.com\/desenzanoloftofficial\" target=\"_blank\" rel=\"noopener noreferrer\" title=\"Instagram\" style=\"color:#6b7280;text-decoration:none;display:inline-block;transition:color 0.2s\"><svg width=\"20\" height=\"20\" viewBox=\"0 0 24 24\" fill=\"currentColor\"><path d=\"M12 0C8.74 0 8.333.015 7.053.072 5.775.132 4.905.333 4.14.63c-.789.306-1.459.717-2.126 1.384S.935 3.35.63 4.14C.333 4.905.131 5.775.072 7.053.012 8.333 0 8.74 0 12s.015 3.667.072 4.947c.06 1.277.261 2.148.558 2.913.306.788.717 1.459 1.384 2.126.667.666 1.336 1.079 2.126 1.384.766.296 1.636.499 2.913.558C8.333 23.988 8.74 24 12 24s3.667-.015 4.947-.072c1.277-.06 2.148-.262 2.913-.558.788-.306 1.459-.718 2.126-1.384.666-.667 1.079-1.335 1.384-2.126.296-.765.499-1.636.558-2.913.06-1.28.072-1.687.072-4.947s-.015-3.667-.072-4.947c-.06-1.277-.262-2.149-.558-2.913-.306-.789-.718-1.459-1.384-2.126C21.319 1.347 20.651.935 19.86.63c-.765-.297-1.636-.499-2.913-.558C15.667.012 15.26 0 12 0zm0 2.16c3.203 0 3.585.016 4.85.071 1.17.055 1.805.249 2.227.415.562.217.96.477 1.382.896.419.42.679.819.896 1.381.164.422.36 1.057.413 2.227.057 1.266.07 1.646.07 4.85s-.015 3.585-.074 4.85c-.061 1.17-.256 1.805-.421 2.227-.224.562-.479.96-.899 1.382-.419.419-.824.679-1.38.896-.42.164-1.065.36-2.235.413-1.274.057-1.649.07-4.859.07-3.211 0-3.586-.015-4.859-.074-1.171-.061-1.816-.256-2.236-.421-.569-.224-.96-.479-1.379-.899-.421-.419-.69-.824-.9-1.38-.165-.42-.359-1.065-.42-2.235-.045-1.26-.061-1.649-.061-4.844 0-3.196.016-3.586.061-4.861.061-1.17.255-1.814.42-2.234.21-.57.479-.96.9-1.381.419-.419.81-.689 1.379-.898.42-.166 1.051-.361 2.221-.421 1.275-.045 1.65-.06 4.859-.06l.045.03zm0 3.678a6.162 6.162 0 100 12.324 6.162 6.162 0 100-12.324zM12 16c-2.21 0-4-1.79-4-4s1.79-4 4-4 4 1.79 4 4-1.79 4-4 4zm7.846-10.405a1.441 1.441 0 11-2.882 0 1.441 1.441 0 012.882 0z\" \/><\/svg><\/a><a href=\"https:\/\/www.tiktok.com\/@desenzanoloftofficial\" target=\"_blank\" rel=\"noopener noreferrer\" title=\"TikTok\" style=\"color:#6b7280;text-decoration:none;display:inline-block;transition:color 0.2s\"><svg width=\"20\" height=\"20\" viewBox=\"0 0 24 24\" fill=\"currentColor\"><path d=\"M12.525.02c1.31-.02 2.61-.01 3.91-.02.08 1.53.63 3.09 1.75 4.17 1.12 1.11 2.7 1.62 4.24 1.79v4.03c-1.44-.05-2.89-.35-4.2-.97-.57-.26-1.1-.59-1.62-.93-.01 2.92.01 5.84-.02 8.75-.08 1.4-.54 2.79-1.35 3.94-1.31 1.92-3.58 3.17-5.91 3.21-1.43.08-2.86-.31-4.08-1.03-2.02-1.19-3.44-3.37-3.65-5.71-.02-.5-.03-1-.01-1.49.18-1.9 1.12-3.72 2.58-4.96 1.66-1.44 3.98-2.13 6.15-1.72.02 1.48-.04 2.96-.04 4.44-.99-.32-2.15-.23-3.02.37-.63.41-1.11 1.04-1.36 1.75-.21.51-.15 1.07-.14 1.61.24 1.64 1.82 3.02 3.5 2.87 1.12-.01 2.19-.66 2.77-1.61.19-.33.4-.67.41-1.06.1-1.79.06-3.57.07-5.36.01-4.03-.01-8.05.02-12.07z\" \/><\/svg><\/a><a href=\"https:\/\/www.youtube.com\/@desenzanoloft\" target=\"_blank\" rel=\"noopener noreferrer\" title=\"YouTube\" style=\"color:#6b7280;text-decoration:none;display:inline-block;transition:color 0.2s\"><svg width=\"20\" height=\"20\" viewBox=\"0 0 24 24\" fill=\"currentColor\"><path d=\"M23.498 6.186a3.016 3.016 0 00-2.122-2.136C19.505 3.545 12 3.545 12 3.545s-7.505 0-9.377.505A3.017 3.017 0 00.502 6.186C0 8.07 0 12 0 12s0 3.93.502 5.814a3.016 3.016 0 002.122 2.136c1.871.505 9.376.505 9.376.505s7.505 0 9.377-.505a3.015 3.015 0 002.122-2.136C24 15.93 24 12 24 12s0-3.93-.502-5.814zM9.545 15.568V8.432L15.818 12l-6.273 3.568z\" \/><\/svg><\/a><\/div>\n<\/div>\n<\/div>\n<div class=\"article-disclaimer\" style=\"margin-bottom: 10px\">\n<h3>Disclaimer<\/h3>\n<p><em>DesenzanoLoft Srl \u00e8 una societ\u00e0 italiana specializzata nella gestione professionale di case vacanza di lusso sul Lago di Garda dal 2013, con focus operativo esclusivo sulle aree di Desenzano del Garda, Sirmione e Peschiera del Garda.<\/p>\n<p>I contenuti di questo articolo si basano sull&#039;esperienza diretta del nostro team e riflettono la nostra conoscenza del territorio e del mercato degli affitti brevi alla data di pubblicazione. Prezzi, disponibilit\u00e0, normative locali e condizioni dei servizi descritti possono variare nel tempo. Per informazioni aggiornate e dettagli specifici sulle nostre propriet\u00e0, invitiamo i lettori a consultare il nostro sito ufficiale o a contattarci direttamente.<\/p>\n<p>Le partnership e i riconoscimenti di cui DesenzanoLoft \u00e8 titolare (Homes &amp; Villas by Marriott Bonvoy\u00ae, Airbnb Superhost, Booking.com 9.5, Vrbo Preferred Partner) sono verificabili sulle rispettive piattaforme ufficiali.<\/p>\n<p>Per prenotazioni, informazioni e preventivi personalizzati:<br \/>\nSito ufficiale: www.desenzanoloft.com<br \/>\nBlog: blog.desenzanoloft.com<br \/>\nEmail: info@desenzanoloft.com<br \/>\nPEC: desenzanoloft@pec.it<\/p>\n<p>Seguici sui canali social ufficiali:<br \/>\nYouTube: youtube.com\/@desenzanoloft<br \/>\nFacebook: facebook.com\/DesenzanoLoftOfficial<br \/>\nInstagram: @desenzanoloftofficial<br \/>\nTikTok: @desenzanoloftofficial<br \/>\nLinkedIn: Carlo Claverini<\/p>\n<p>DesenzanoLoft Srl<br \/>\nVia E. Andreis 74, 25015 Desenzano del Garda (BS)<br \/>\nP. IVA 03614830986 \u2014 REA BS 549215<\/em><\/p>\n<\/div>\n","protected":false},"excerpt":{"rendered":"<p>Sapevate che oltre il 65% dei viaggiatori d&#8217;\u00e9lite ritiene che la metratura dello spazio esterno sia pi\u00f9 importante di quella interna? Scegliere un&#8230;<\/p>\n","protected":false},"author":57,"featured_media":2959,"comment_status":"open","ping_status":"open","sticky":false,"template":"","format":"standard","meta":{"footnotes":""},"categories":[],"tags":[1979,1982,566,1994,1981,40,1983,1980],"class_list":["post-2960","post","type-post","status-publish","format-standard","has-post-thumbnail","hentry","tag-appartamenti-con-terrazzo","tag-concierge-personale","tag-desenzano-del-garda-3","tag-desenzano-loft","tag-guida-alla-scelta","tag-lago-di-garda","tag-turismo-esclusivo","tag-vacanze-di-lusso","autoseo"],"yoast_head":"<!-- This site is optimized with the Yoast SEO plugin v27.4 - https:\/\/yoast.com\/product\/yoast-seo-wordpress\/ -->\n<title>Appartamento con terrazzo Desenzano del Garda: Guida alla scelta per una vacanza esclusiva - Blog<\/title>\n<meta name=\"description\" content=\"Guida per scegliere un appartamento con terrazzo Desenzano del Garda. Scopri i criteri per un soggiorno di lusso, dalla posizione ai servizi d&#039;\u00e9lite.\" \/>\n<meta name=\"robots\" content=\"index, follow, max-snippet:-1, max-image-preview:large, max-video-preview:-1\" \/>\n<link rel=\"canonical\" href=\"https:\/\/blog.desenzanoloft.com\/en\/appartamento-con-terrazzo-desenzano-del-garda-guida-alla-scelta-per-una-vacanza-esclusiva\/\" \/>\n<meta property=\"og:locale\" content=\"en_US\" \/>\n<meta property=\"og:type\" content=\"article\" \/>\n<meta property=\"og:title\" content=\"Appartamento con terrazzo Desenzano del Garda: Guida alla scelta per una vacanza esclusiva - Blog\" \/>\n<meta property=\"og:description\" content=\"Guida per scegliere un appartamento con terrazzo Desenzano del Garda. Scopri i criteri per un soggiorno di lusso, dalla posizione ai servizi d&#039;\u00e9lite.\" \/>\n<meta property=\"og:url\" content=\"https:\/\/blog.desenzanoloft.com\/en\/appartamento-con-terrazzo-desenzano-del-garda-guida-alla-scelta-per-una-vacanza-esclusiva\/\" \/>\n<meta property=\"og:site_name\" content=\"Blog\" \/>\n<meta property=\"article:author\" content=\"https:\/\/www.facebook.com\/CarloClaveriniDESENZANO\" \/>\n<meta property=\"article:published_time\" content=\"2026-04-26T10:51:40+00:00\" \/>\n<meta property=\"article:modified_time\" content=\"2026-04-26T10:53:19+00:00\" \/>\n<meta property=\"og:image\" content=\"https:\/\/blog.desenzanoloft.com\/wp-content\/uploads\/2026\/04\/Appartamento-con-terrazzo-Desenzano-del-Garda-Guida-alla-scelta-per-una-vacanza-esclusiva-Hero-Image.jpg\" \/>\n<meta name=\"author\" content=\"desenzanoloft\" \/>\n<meta name=\"twitter:card\" content=\"summary_large_image\" \/>\n<meta name=\"twitter:image\" content=\"https:\/\/blog.desenzanoloft.com\/wp-content\/uploads\/2026\/04\/Appartamento-con-terrazzo-Desenzano-del-Garda-Guida-alla-scelta-per-una-vacanza-esclusiva-Hero-Image.jpg\" \/>\n<meta name=\"twitter:label1\" content=\"Written by\" \/>\n\t<meta name=\"twitter:data1\" content=\"desenzanoloft\" \/>\n\t<meta name=\"twitter:label2\" content=\"Est. reading time\" \/>\n\t<meta name=\"twitter:data2\" content=\"18 minutes\" \/>\n<script type=\"application\/ld+json\" class=\"yoast-schema-graph\">{\"@context\":\"https:\\\/\\\/schema.org\",\"@graph\":[{\"@type\":\"Article\",\"@id\":\"https:\\\/\\\/blog.desenzanoloft.com\\\/en\\\/appartamento-con-terrazzo-desenzano-del-garda-guida-alla-scelta-per-una-vacanza-esclusiva\\\/#article\",\"isPartOf\":{\"@id\":\"https:\\\/\\\/blog.desenzanoloft.com\\\/en\\\/appartamento-con-terrazzo-desenzano-del-garda-guida-alla-scelta-per-una-vacanza-esclusiva\\\/\"},\"author\":{\"name\":\"desenzanoloft\",\"@id\":\"https:\\\/\\\/blog.desenzanoloft.com\\\/en\\\/#\\\/schema\\\/person\\\/3363b0dbf0bb9edb036fb68a61d6dd42\"},\"headline\":\"Appartamento con terrazzo Desenzano del Garda: Guida alla scelta per una vacanza esclusiva\",\"datePublished\":\"2026-04-26T10:51:40+00:00\",\"dateModified\":\"2026-04-26T10:53:19+00:00\",\"mainEntityOfPage\":{\"@id\":\"https:\\\/\\\/blog.desenzanoloft.com\\\/en\\\/appartamento-con-terrazzo-desenzano-del-garda-guida-alla-scelta-per-una-vacanza-esclusiva\\\/\"},\"wordCount\":3126,\"commentCount\":0,\"image\":{\"@id\":\"https:\\\/\\\/blog.desenzanoloft.com\\\/en\\\/appartamento-con-terrazzo-desenzano-del-garda-guida-alla-scelta-per-una-vacanza-esclusiva\\\/#primaryimage\"},\"thumbnailUrl\":\"https:\\\/\\\/blog.desenzanoloft.com\\\/wp-content\\\/uploads\\\/2026\\\/04\\\/Appartamento-con-terrazzo-Desenzano-del-Garda-Guida-alla-scelta-per-una-vacanza-esclusiva-Hero-Image.jpg\",\"keywords\":[\"appartamenti con terrazzo\",\"concierge personale\",\"desenzano del garda\",\"desenzano loft\",\"guida alla scelta\",\"lago di garda\",\"turismo esclusivo\",\"vacanze di lusso\"],\"inLanguage\":\"en-US\",\"potentialAction\":[{\"@type\":\"CommentAction\",\"name\":\"Comment\",\"target\":[\"https:\\\/\\\/blog.desenzanoloft.com\\\/en\\\/appartamento-con-terrazzo-desenzano-del-garda-guida-alla-scelta-per-una-vacanza-esclusiva\\\/#respond\"]}]},{\"@type\":\"WebPage\",\"@id\":\"https:\\\/\\\/blog.desenzanoloft.com\\\/en\\\/appartamento-con-terrazzo-desenzano-del-garda-guida-alla-scelta-per-una-vacanza-esclusiva\\\/\",\"url\":\"https:\\\/\\\/blog.desenzanoloft.com\\\/en\\\/appartamento-con-terrazzo-desenzano-del-garda-guida-alla-scelta-per-una-vacanza-esclusiva\\\/\",\"name\":\"Appartamento con terrazzo Desenzano del Garda: Guida alla scelta per una vacanza esclusiva - Blog\",\"isPartOf\":{\"@id\":\"https:\\\/\\\/blog.desenzanoloft.com\\\/en\\\/#website\"},\"primaryImageOfPage\":{\"@id\":\"https:\\\/\\\/blog.desenzanoloft.com\\\/en\\\/appartamento-con-terrazzo-desenzano-del-garda-guida-alla-scelta-per-una-vacanza-esclusiva\\\/#primaryimage\"},\"image\":{\"@id\":\"https:\\\/\\\/blog.desenzanoloft.com\\\/en\\\/appartamento-con-terrazzo-desenzano-del-garda-guida-alla-scelta-per-una-vacanza-esclusiva\\\/#primaryimage\"},\"thumbnailUrl\":\"https:\\\/\\\/blog.desenzanoloft.com\\\/wp-content\\\/uploads\\\/2026\\\/04\\\/Appartamento-con-terrazzo-Desenzano-del-Garda-Guida-alla-scelta-per-una-vacanza-esclusiva-Hero-Image.jpg\",\"datePublished\":\"2026-04-26T10:51:40+00:00\",\"dateModified\":\"2026-04-26T10:53:19+00:00\",\"author\":{\"@id\":\"https:\\\/\\\/blog.desenzanoloft.com\\\/en\\\/#\\\/schema\\\/person\\\/3363b0dbf0bb9edb036fb68a61d6dd42\"},\"description\":\"Guida per scegliere un appartamento con terrazzo Desenzano del Garda. Scopri i criteri per un soggiorno di lusso, dalla posizione ai servizi d'\u00e9lite.\",\"breadcrumb\":{\"@id\":\"https:\\\/\\\/blog.desenzanoloft.com\\\/en\\\/appartamento-con-terrazzo-desenzano-del-garda-guida-alla-scelta-per-una-vacanza-esclusiva\\\/#breadcrumb\"},\"inLanguage\":\"en-US\",\"potentialAction\":[{\"@type\":\"ReadAction\",\"target\":[\"https:\\\/\\\/blog.desenzanoloft.com\\\/en\\\/appartamento-con-terrazzo-desenzano-del-garda-guida-alla-scelta-per-una-vacanza-esclusiva\\\/\"]}]},{\"@type\":\"ImageObject\",\"inLanguage\":\"en-US\",\"@id\":\"https:\\\/\\\/blog.desenzanoloft.com\\\/en\\\/appartamento-con-terrazzo-desenzano-del-garda-guida-alla-scelta-per-una-vacanza-esclusiva\\\/#primaryimage\",\"url\":\"https:\\\/\\\/blog.desenzanoloft.com\\\/wp-content\\\/uploads\\\/2026\\\/04\\\/Appartamento-con-terrazzo-Desenzano-del-Garda-Guida-alla-scelta-per-una-vacanza-esclusiva-Hero-Image.jpg\",\"contentUrl\":\"https:\\\/\\\/blog.desenzanoloft.com\\\/wp-content\\\/uploads\\\/2026\\\/04\\\/Appartamento-con-terrazzo-Desenzano-del-Garda-Guida-alla-scelta-per-una-vacanza-esclusiva-Hero-Image.jpg\",\"width\":1344,\"height\":768,\"caption\":\"Appartamento con terrazzo Desenzano del Garda: Guida alla scelta per una vacanza esclusiva\"},{\"@type\":\"BreadcrumbList\",\"@id\":\"https:\\\/\\\/blog.desenzanoloft.com\\\/en\\\/appartamento-con-terrazzo-desenzano-del-garda-guida-alla-scelta-per-una-vacanza-esclusiva\\\/#breadcrumb\",\"itemListElement\":[{\"@type\":\"ListItem\",\"position\":1,\"name\":\"Home\",\"item\":\"https:\\\/\\\/blog.desenzanoloft.com\\\/en\\\/\"},{\"@type\":\"ListItem\",\"position\":2,\"name\":\"Appartamento con terrazzo Desenzano del Garda: Guida alla scelta per una vacanza esclusiva\"}]},{\"@type\":\"WebSite\",\"@id\":\"https:\\\/\\\/blog.desenzanoloft.com\\\/en\\\/#website\",\"url\":\"https:\\\/\\\/blog.desenzanoloft.com\\\/en\\\/\",\"name\":\"Blog\",\"description\":\"Desenzanoloft\",\"potentialAction\":[{\"@type\":\"SearchAction\",\"target\":{\"@type\":\"EntryPoint\",\"urlTemplate\":\"https:\\\/\\\/blog.desenzanoloft.com\\\/en\\\/?s={search_term_string}\"},\"query-input\":{\"@type\":\"PropertyValueSpecification\",\"valueRequired\":true,\"valueName\":\"search_term_string\"}}],\"inLanguage\":\"en-US\"},{\"@type\":\"Person\",\"@id\":\"https:\\\/\\\/blog.desenzanoloft.com\\\/en\\\/#\\\/schema\\\/person\\\/3363b0dbf0bb9edb036fb68a61d6dd42\",\"name\":\"desenzanoloft\",\"image\":{\"@type\":\"ImageObject\",\"inLanguage\":\"en-US\",\"@id\":\"https:\\\/\\\/secure.gravatar.com\\\/avatar\\\/f0a7703b30e35f233c4ec0317086f2b943a1586f5929cc61eeceae263a3ac558?s=96&d=mm&r=g\",\"url\":\"https:\\\/\\\/secure.gravatar.com\\\/avatar\\\/f0a7703b30e35f233c4ec0317086f2b943a1586f5929cc61eeceae263a3ac558?s=96&d=mm&r=g\",\"contentUrl\":\"https:\\\/\\\/secure.gravatar.com\\\/avatar\\\/f0a7703b30e35f233c4ec0317086f2b943a1586f5929cc61eeceae263a3ac558?s=96&d=mm&r=g\",\"caption\":\"desenzanoloft\"},\"sameAs\":[\"https:\\\/\\\/www.desenzanoloft.com\\\/\",\"https:\\\/\\\/www.facebook.com\\\/CarloClaveriniDESENZANO\"],\"url\":\"https:\\\/\\\/blog.desenzanoloft.com\\\/en\\\/author\\\/desenzanoloft\\\/\"}]}<\/script>\n<!-- \/ Yoast SEO plugin. -->","yoast_head_json":{"title":"Appartamento con terrazzo Desenzano del Garda: Guida alla scelta per una vacanza esclusiva - Blog","description":"Guida per scegliere un appartamento con terrazzo Desenzano del Garda. Scopri i criteri per un soggiorno di lusso, dalla posizione ai servizi d'\u00e9lite.","robots":{"index":"index","follow":"follow","max-snippet":"max-snippet:-1","max-image-preview":"max-image-preview:large","max-video-preview":"max-video-preview:-1"},"canonical":"https:\/\/blog.desenzanoloft.com\/en\/appartamento-con-terrazzo-desenzano-del-garda-guida-alla-scelta-per-una-vacanza-esclusiva\/","og_locale":"en_US","og_type":"article","og_title":"Appartamento con terrazzo Desenzano del Garda: Guida alla scelta per una vacanza esclusiva - Blog","og_description":"Guida per scegliere un appartamento con terrazzo Desenzano del Garda. Scopri i criteri per un soggiorno di lusso, dalla posizione ai servizi d'\u00e9lite.","og_url":"https:\/\/blog.desenzanoloft.com\/en\/appartamento-con-terrazzo-desenzano-del-garda-guida-alla-scelta-per-una-vacanza-esclusiva\/","og_site_name":"Blog","article_author":"https:\/\/www.facebook.com\/CarloClaveriniDESENZANO","article_published_time":"2026-04-26T10:51:40+00:00","article_modified_time":"2026-04-26T10:53:19+00:00","og_image":[{"url":"https:\/\/blog.desenzanoloft.com\/wp-content\/uploads\/2026\/04\/Appartamento-con-terrazzo-Desenzano-del-Garda-Guida-alla-scelta-per-una-vacanza-esclusiva-Hero-Image.jpg","type":"","width":"","height":""}],"author":"desenzanoloft","twitter_card":"summary_large_image","twitter_image":"https:\/\/blog.desenzanoloft.com\/wp-content\/uploads\/2026\/04\/Appartamento-con-terrazzo-Desenzano-del-Garda-Guida-alla-scelta-per-una-vacanza-esclusiva-Hero-Image.jpg","twitter_misc":{"Written by":"desenzanoloft","Est. reading time":"18 minutes"},"schema":{"@context":"https:\/\/schema.org","@graph":[{"@type":"Article","@id":"https:\/\/blog.desenzanoloft.com\/en\/appartamento-con-terrazzo-desenzano-del-garda-guida-alla-scelta-per-una-vacanza-esclusiva\/#article","isPartOf":{"@id":"https:\/\/blog.desenzanoloft.com\/en\/appartamento-con-terrazzo-desenzano-del-garda-guida-alla-scelta-per-una-vacanza-esclusiva\/"},"author":{"name":"desenzanoloft","@id":"https:\/\/blog.desenzanoloft.com\/en\/#\/schema\/person\/3363b0dbf0bb9edb036fb68a61d6dd42"},"headline":"Appartamento con terrazzo Desenzano del Garda: Guida alla scelta per una vacanza esclusiva","datePublished":"2026-04-26T10:51:40+00:00","dateModified":"2026-04-26T10:53:19+00:00","mainEntityOfPage":{"@id":"https:\/\/blog.desenzanoloft.com\/en\/appartamento-con-terrazzo-desenzano-del-garda-guida-alla-scelta-per-una-vacanza-esclusiva\/"},"wordCount":3126,"commentCount":0,"image":{"@id":"https:\/\/blog.desenzanoloft.com\/en\/appartamento-con-terrazzo-desenzano-del-garda-guida-alla-scelta-per-una-vacanza-esclusiva\/#primaryimage"},"thumbnailUrl":"https:\/\/blog.desenzanoloft.com\/wp-content\/uploads\/2026\/04\/Appartamento-con-terrazzo-Desenzano-del-Garda-Guida-alla-scelta-per-una-vacanza-esclusiva-Hero-Image.jpg","keywords":["appartamenti con terrazzo","concierge personale","desenzano del garda","desenzano loft","guida alla scelta","lago di garda","turismo esclusivo","vacanze di lusso"],"inLanguage":"en-US","potentialAction":[{"@type":"CommentAction","name":"Comment","target":["https:\/\/blog.desenzanoloft.com\/en\/appartamento-con-terrazzo-desenzano-del-garda-guida-alla-scelta-per-una-vacanza-esclusiva\/#respond"]}]},{"@type":"WebPage","@id":"https:\/\/blog.desenzanoloft.com\/en\/appartamento-con-terrazzo-desenzano-del-garda-guida-alla-scelta-per-una-vacanza-esclusiva\/","url":"https:\/\/blog.desenzanoloft.com\/en\/appartamento-con-terrazzo-desenzano-del-garda-guida-alla-scelta-per-una-vacanza-esclusiva\/","name":"Appartamento con terrazzo Desenzano del Garda: Guida alla scelta per una vacanza esclusiva - Blog","isPartOf":{"@id":"https:\/\/blog.desenzanoloft.com\/en\/#website"},"primaryImageOfPage":{"@id":"https:\/\/blog.desenzanoloft.com\/en\/appartamento-con-terrazzo-desenzano-del-garda-guida-alla-scelta-per-una-vacanza-esclusiva\/#primaryimage"},"image":{"@id":"https:\/\/blog.desenzanoloft.com\/en\/appartamento-con-terrazzo-desenzano-del-garda-guida-alla-scelta-per-una-vacanza-esclusiva\/#primaryimage"},"thumbnailUrl":"https:\/\/blog.desenzanoloft.com\/wp-content\/uploads\/2026\/04\/Appartamento-con-terrazzo-Desenzano-del-Garda-Guida-alla-scelta-per-una-vacanza-esclusiva-Hero-Image.jpg","datePublished":"2026-04-26T10:51:40+00:00","dateModified":"2026-04-26T10:53:19+00:00","author":{"@id":"https:\/\/blog.desenzanoloft.com\/en\/#\/schema\/person\/3363b0dbf0bb9edb036fb68a61d6dd42"},"description":"Guida per scegliere un appartamento con terrazzo Desenzano del Garda. Scopri i criteri per un soggiorno di lusso, dalla posizione ai servizi d'\u00e9lite.","breadcrumb":{"@id":"https:\/\/blog.desenzanoloft.com\/en\/appartamento-con-terrazzo-desenzano-del-garda-guida-alla-scelta-per-una-vacanza-esclusiva\/#breadcrumb"},"inLanguage":"en-US","potentialAction":[{"@type":"ReadAction","target":["https:\/\/blog.desenzanoloft.com\/en\/appartamento-con-terrazzo-desenzano-del-garda-guida-alla-scelta-per-una-vacanza-esclusiva\/"]}]},{"@type":"ImageObject","inLanguage":"en-US","@id":"https:\/\/blog.desenzanoloft.com\/en\/appartamento-con-terrazzo-desenzano-del-garda-guida-alla-scelta-per-una-vacanza-esclusiva\/#primaryimage","url":"https:\/\/blog.desenzanoloft.com\/wp-content\/uploads\/2026\/04\/Appartamento-con-terrazzo-Desenzano-del-Garda-Guida-alla-scelta-per-una-vacanza-esclusiva-Hero-Image.jpg","contentUrl":"https:\/\/blog.desenzanoloft.com\/wp-content\/uploads\/2026\/04\/Appartamento-con-terrazzo-Desenzano-del-Garda-Guida-alla-scelta-per-una-vacanza-esclusiva-Hero-Image.jpg","width":1344,"height":768,"caption":"Appartamento con terrazzo Desenzano del Garda: Guida alla scelta per una vacanza esclusiva"},{"@type":"BreadcrumbList","@id":"https:\/\/blog.desenzanoloft.com\/en\/appartamento-con-terrazzo-desenzano-del-garda-guida-alla-scelta-per-una-vacanza-esclusiva\/#breadcrumb","itemListElement":[{"@type":"ListItem","position":1,"name":"Home","item":"https:\/\/blog.desenzanoloft.com\/en\/"},{"@type":"ListItem","position":2,"name":"Appartamento con terrazzo Desenzano del Garda: Guida alla scelta per una vacanza esclusiva"}]},{"@type":"WebSite","@id":"https:\/\/blog.desenzanoloft.com\/en\/#website","url":"https:\/\/blog.desenzanoloft.com\/en\/","name":"Blog","description":"Desenzanoloft","potentialAction":[{"@type":"SearchAction","target":{"@type":"EntryPoint","urlTemplate":"https:\/\/blog.desenzanoloft.com\/en\/?s={search_term_string}"},"query-input":{"@type":"PropertyValueSpecification","valueRequired":true,"valueName":"search_term_string"}}],"inLanguage":"en-US"},{"@type":"Person","@id":"https:\/\/blog.desenzanoloft.com\/en\/#\/schema\/person\/3363b0dbf0bb9edb036fb68a61d6dd42","name":"desenzanoloft","image":{"@type":"ImageObject","inLanguage":"en-US","@id":"https:\/\/secure.gravatar.com\/avatar\/f0a7703b30e35f233c4ec0317086f2b943a1586f5929cc61eeceae263a3ac558?s=96&d=mm&r=g","url":"https:\/\/secure.gravatar.com\/avatar\/f0a7703b30e35f233c4ec0317086f2b943a1586f5929cc61eeceae263a3ac558?s=96&d=mm&r=g","contentUrl":"https:\/\/secure.gravatar.com\/avatar\/f0a7703b30e35f233c4ec0317086f2b943a1586f5929cc61eeceae263a3ac558?s=96&d=mm&r=g","caption":"desenzanoloft"},"sameAs":["https:\/\/www.desenzanoloft.com\/","https:\/\/www.facebook.com\/CarloClaveriniDESENZANO"],"url":"https:\/\/blog.desenzanoloft.com\/en\/author\/desenzanoloft\/"}]}},"_links":{"self":[{"href":"https:\/\/blog.desenzanoloft.com\/en\/wp-json\/wp\/v2\/posts\/2960","targetHints":{"allow":["GET"]}}],"collection":[{"href":"https:\/\/blog.desenzanoloft.com\/en\/wp-json\/wp\/v2\/posts"}],"about":[{"href":"https:\/\/blog.desenzanoloft.com\/en\/wp-json\/wp\/v2\/types\/post"}],"author":[{"embeddable":true,"href":"https:\/\/blog.desenzanoloft.com\/en\/wp-json\/wp\/v2\/users\/57"}],"replies":[{"embeddable":true,"href":"https:\/\/blog.desenzanoloft.com\/en\/wp-json\/wp\/v2\/comments?post=2960"}],"version-history":[{"count":5,"href":"https:\/\/blog.desenzanoloft.com\/en\/wp-json\/wp\/v2\/posts\/2960\/revisions"}],"predecessor-version":[{"id":2971,"href":"https:\/\/blog.desenzanoloft.com\/en\/wp-json\/wp\/v2\/posts\/2960\/revisions\/2971"}],"wp:featuredmedia":[{"embeddable":true,"href":"https:\/\/blog.desenzanoloft.com\/en\/wp-json\/wp\/v2\/media\/2959"}],"wp:attachment":[{"href":"https:\/\/blog.desenzanoloft.com\/en\/wp-json\/wp\/v2\/media?parent=2960"}],"wp:term":[{"taxonomy":"category","embeddable":true,"href":"https:\/\/blog.desenzanoloft.com\/en\/wp-json\/wp\/v2\/categories?post=2960"},{"taxonomy":"post_tag","embeddable":true,"href":"https:\/\/blog.desenzanoloft.com\/en\/wp-json\/wp\/v2\/tags?post=2960"}],"curies":[{"name":"wp","href":"https:\/\/api.w.org\/{rel}","templated":true}]}}