{"id":2973,"date":"2026-04-26T10:51:45","date_gmt":"2026-04-26T10:51:45","guid":{"rendered":"https:\/\/blog.desenzanoloft.com\/wohnung-mit-terrasse-desenzano-del-garda-leitfaden-zur-auswahl-fur-einen-exklusiven-urlaub\/"},"modified":"2026-04-26T11:19:19","modified_gmt":"2026-04-26T11:19:19","slug":"wohnung-mit-terrasse-desenzano-del-garda-leitfaden-zur-auswahl-fur-einen-exklusiven-urlaub","status":"publish","type":"post","link":"https:\/\/blog.desenzanoloft.com\/de\/wohnung-mit-terrasse-desenzano-del-garda-leitfaden-zur-auswahl-fur-einen-exklusiven-urlaub\/","title":{"rendered":"Wohnung mit Terrasse Desenzano del Garda: Leitfaden zur Auswahl f\u00fcr einen exklusiven Urlaub"},"content":{"rendered":"<p>Wussten Sie, dass \u00fcber 65 % der Elite-Reisenden die Gr\u00f6\u00dfe des Au\u00dfenbereichs f\u00fcr wichtiger halten als die des Innenbereichs? Die Wahl einer <strong>Wohnung mit Terrasse Desenzano del Garda<\/strong> bedeutet, eine raffinierte Erweiterung des Wohnraums zu suchen, wo Sie die Seebrise in v\u00f6lliger Privatsph\u00e4re genie\u00dfen k\u00f6nnen. In diesem Leitfaden zeigen wir Ihnen, wie Sie die exklusivsten, von Desenzano Loft verwalteten Immobilien ausw\u00e4hlen, dem einzigen lokalen Unternehmen, das die Standards von Homes &amp; Villas by Marriott Bonvoy, Airbnb Superhost und Booking.com 9.5 integriert.<\/p>\n<p>Sie erfahren, wie Sie grundlegende technische Daten bewerten, wie den tats\u00e4chlichen Abstand von nur 400 Metern zur Seepromenade oder die Verf\u00fcgbarkeit von Au\u00dfenbereichen von \u00fcber 20 Quadratmetern f\u00fcr private Abendessen. Wir erkl\u00e4ren Ihnen, warum wir automatisierte Check-ins mit Zahlentastaturen oder Schl\u00fcsselboxen kategorisch ablehnen. Wir bevorzugen den Wert eines pers\u00f6nlichen Concierge in Uniform, der Sie professionell empf\u00e4ngt. Wir analysieren die wesentlichen Kriterien zur Identifizierung authentischer Luxusstandards und exklusiver Dienstleistungen, um ein erstklassiges Aufenthaltserlebnis im pulsierenden Herzen des Gardasees zu gew\u00e4hrleisten.<\/p>\n<h2 id=\"wichtige-punkte\"><a name=\"wichtige-punkte\"><\/a><a href=\"\"><\/a>Wichtige Punkte<\/h2>\n<ul>\n<li>Identifizieren Sie die wesentlichen technischen Parameter, wie die Sonnenausrichtung und eine Mindestfl\u00e4che von 15-20 m\u00b2, um eine optimale Nutzung des Au\u00dfenbereichs w\u00e4hrend der Mahlzeiten zu gew\u00e4hrleisten.<\/li>\n<li>Vergleichen Sie die strategischsten Lagen zwischen dem historischen Zentrum, weniger als 0,5 km von der Piazza Malvezzi entfernt, und Rivoltella, nur 10 Gehminuten vom Spiaggia d\u2019Oro entfernt.<\/li>\n<li>Entdecken Sie, wie Sie eine Wohnung mit Terrasse Desenzano del Garda ausw\u00e4hlen, die \u00fcber eine 100-Mbit\/s-WLAN-Verbindung verf\u00fcgt, die auch im Au\u00dfenbereich verf\u00fcgbar ist, und \u00fcber Ausstattungen, die den Eigentumswohnungsbestimmungen entsprechen.<\/li>\n<li>Bewerten Sie die Bedeutung eines pers\u00f6nlichen Empfangs durch qualifiziertes Personal in Uniform, wobei die Verwendung von Schl\u00fcsselboxen ausgeschlossen wird, um hohe Sicherheits- und Professionalit\u00e4tsstandards aufrechtzuerhalten.<\/li>\n<li>Erfahren Sie mehr \u00fcber die Vorteile internationaler Partnerschaften, die exzellente Qualit\u00e4tskriterien f\u00fcr einen exklusiven und streng verwalteten Urlaub garantieren.<\/li>\n<\/ul>\n<h2 id=\"inhaltsverzeichnis\"><a name=\"inhaltsverzeichnis\"><\/a><a href=\"\"><\/a>Inhaltsverzeichnis<\/h2>\n<ul>\n<li><a href=\"#parametri-di-valutazione-per-un-appartamento-con-terrazzo-a-desenzano-del-garda\">Bewertungsparameter f\u00fcr eine Wohnung mit Terrasse in Desenzano del Garda<\/a><\/li>\n<li><a href=\"#posizioni-strategiche-dal-centro-storico-a-rivoltella-del-garda\">Strategische Lagen: vom historischen Zentrum bis Rivoltella del Garda<\/a><\/li>\n<li><a href=\"#comfort-e-dotazioni-massimizzare-luso-degli-spazi-esterni\">Komfort und Ausstattung: Maximale Nutzung der Au\u00dfenbereiche<\/a><\/li>\n<li><a href=\"#perch%C3%A9-scegliere-la-gestione-professionale-di-desenzanoloft\">Warum die professionelle Verwaltung von DesenzanoLoft w\u00e4hlen?<\/a><\/li>\n<\/ul>\n<h2 id=\"bewertungsparameter-f\u00fcr-eine-wohnung-mit-terrasse-in-desenzano-del-garda\"><a name=\"bewertungsparameter-f\u00fcr-eine-wohnung-mit-terrasse-in-desenzano-del-garda\"><\/a><a href=\"\"><\/a>Bewertungsparameter f\u00fcr eine Wohnung mit Terrasse in Desenzano del Garda<\/h2>\n<p>Eine <strong>Wohnung mit Terrasse in Desenzano del Garda<\/strong> zu w\u00e4hlen, erfordert eine Bewertung, die \u00fcber die oberfl\u00e4chliche \u00c4sthetik hinausgeht und sich auf pr\u00e4zise technische und funktionale Kriterien konzentriert. Die Qualit\u00e4t des Aufenthalts h\u00e4ngt von der F\u00e4higkeit des Au\u00dfenbereichs ab, sich in eine nat\u00fcrliche Erweiterung des Wohnbereichs zu verwandeln. Eine exzellente Terrasse an diesem Ort, auf einer H\u00f6he von 65 Metern \u00fcber dem Meeresspiegel gelegen, muss ein Gleichgewicht zwischen Sonneneinstrahlung und Klimaschutz gew\u00e4hrleisten. Die Ausrichtung nach Westen oder S\u00fcdwesten ist vorzuziehen f\u00fcr diejenigen, die den Raum in den Nachmittagsstunden nutzen und das nat\u00fcrliche Licht bis zum Sonnenuntergang genie\u00dfen m\u00f6chten, wenn das Profil der Gardaseek\u00fcste warme und umh\u00fcllende Farbt\u00f6ne annimmt.Um besser zu verstehen, wie diese R\u00e4ume in hochwertigen Immobilien aufgewertet werden, sehen Sie sich dieses beschreibende Video an:<\/p>\n<div class=\"youtube-embed\" style=\"position: relative;padding-bottom: 56.25%;height: 0;overflow: hidden;max-width: 100%;margin: 1.5em 0\"><iframe src=\"https:\/\/www.youtube.com\/embed\/Gear4bIthLk?rel=0&amp;hl=de\" title=\"YouTube video\" style=\"position: absolute;top: 0;left: 0;width: 100%;height: 100%;border: 0\" allow=\"accelerometer; autoplay; clipboard-write; encrypted-media; gyroscope; picture-in-picture\" allowfullscreen=\"\" loading=\"lazy\"><br \/>\n<\/iframe><\/div>\n<p>Die Gr\u00f6\u00dfe stellt den zweiten grundlegenden Parameter dar. Um bequem einen Esstisch f\u00fcr 4 Personen unterzubringen und eine fl\u00fcssige Zirkulation zu gew\u00e4hrleisten, sollte die empfohlene Mindestfl\u00e4che nicht unter 15 oder 20 Quadratmetern liegen. Neben der Fl\u00e4che ist die Privatsph\u00e4re ein absoluter Wert. \u00dcberpr\u00fcfen Sie immer den Abstand zu benachbarten Grundst\u00fccken und die L\u00e4rmbelastung durch den lokalen Stra\u00dfenverkehr. Die Einrichtungsstandards in einem hochwertigen Kontext sehen integrierte Schattenbereiche vor, wie motorisierte Markisen mit Windsensoren oder Design-Sonnenschirme mit stabilisierten Basen, die unerl\u00e4sslich sind, um den Raum auch w\u00e4hrend der Spitzenzeiten der Sonne bewohnbar zu machen.<\/p>\n<h3>Fl\u00e4che und Funktionalit\u00e4t der Au\u00dfenbereiche<\/h3>\n<p>Der Unterschied zwischen einem einfachen Loggia-Balkon und einer bewohnbaren Terrasse ist in Bezug auf den thermischen Komfort deutlich. Die Loggia, die auf drei Seiten \u00fcberdacht ist, bietet einen besseren Schutz vor direkter Hitze und Witterungseinfl\u00fcssen, aber eine offene Terrasse gew\u00e4hrleistet eine bessere Bel\u00fcftung. Sicherheit und Praktikabilit\u00e4t ergeben sich aus der Wahl des Bodenbelags: Die Materialien m\u00fcssen streng wasserdurchl\u00e4ssig und rutschfest sein, mit einem berechneten Gef\u00e4lle, um Wasseransammlungen nach sommerlichen Gewittern zu vermeiden. F\u00fcr diejenigen, die Remote-Arbeiten erledigen m\u00fcssen, ist die Anwesenheit von technischen Lichtpunkten und externen Steckdosen mit IP65-Schutz eine unverzichtbare Voraussetzung, die es erm\u00f6glicht, die Terrasse in ein Open-Air-B\u00fcro mit Blick auf die Gemeinde <a href=\"https:\/\/en.wikipedia.org\/wiki\/Desenzano_del_Garda\">Desenzano del Garda<\/a> zu verwandeln.<\/p>\n<h3>Die Bedeutung der Aussicht und des Seeklimas<\/h3>\n<p>Das Mikroklima des unteren Gardasees wird st\u00e4ndig von den vorherrschenden Winden beeinflusst, die die gef\u00fchlte Temperatur in den Au\u00dfenbereichen regulieren. Der Peler, der in den fr\u00fchen Morgenstunden aus dem Norden weht, und die Ora, die am Nachmittag aus dem S\u00fcden aufsteigt, sorgen f\u00fcr eine konstante Luftzirkulation, die die Luftfeuchtigkeit mildert. Die umgebende Vegetation spielt eine aktive Rolle; die Pr\u00e4senz lokaler Pflanzen wie Olivenb\u00e4ume oder mediterraner Pflanzen tr\u00e4gt dazu bei, die gef\u00fchlte Temperatur um etwa 2 oder 3 Grad im Vergleich zu dicht bebauten Gebieten zu senken. Sie k\u00f6nnen unsere Auswahl an <a href=\"https:\/\/www.desenzanoloft.com\/de\/rentals\/rentals-desenzano-del-garda-d57207\/\">Mietobjekten in Desenzano del Garda<\/a> konsultieren<\/p>\n<h2 id=\"strategische-lagen-vom-historischen-zentrum-bis-rivoltella-del-garda\"><a name=\"strategische-lagen-vom-historischen-zentrum-bis-rivoltella-del-garda\"><\/a><a href=\"\"><\/a>Strategische Lagen: vom historischen Zentrum bis Rivoltella del Garda<\/h2>\n<p>Die Identifizierung der idealen Gegend f\u00fcr eine <strong>Wohnung mit Terrasse Desenzano del Garda<\/strong> erfordert eine Analyse der eigenen logistischen Priorit\u00e4ten. Das Gemeindegebiet bietet unterschiedliche Szenarien, jedes mit spezifischen Merkmalen, die die Qualit\u00e4t der Erholung und die Leichtigkeit der Fortbewegung beeinflussen. Die Wahl zwischen dem Trubel des historischen Kerns und der Wohngegend von Rivoltella bestimmt nicht nur das Panorama, sondern auch die t\u00e4gliche Gestaltung des Urlaubs.<\/p>\n<h3>Das Herz von Desenzano erleben: Zentrum und Seepromenade<\/h3>\n<p>Ein Aufenthalt im historischen Zentrum bedeutet, sich im Umkreis von 500 Metern von der Piazza Malvezzi und dem Alten Hafen zu befinden. Diese Lage ist optimal f\u00fcr diejenigen, die in das Stadtleben eintauchen m\u00f6chten, ohne st\u00e4ndig auf das Auto angewiesen zu sein. Der Bahnhof, ein wichtiger Knotenpunkt f\u00fcr regionale Verbindungen, ist etwa 1,2 km entfernt, eine Strecke, die in 15 Minuten zu Fu\u00df zur\u00fcckgelegt werden kann. Der Zugang zu Einrichtungen in der verkehrsberuhigten Zone (ZTL) wird von unseren Fachleuten koordiniert, die die G\u00e4ste w\u00e4hrend der Anreise zum Entladen des Gep\u00e4cks begleiten.<\/p>\n<p>Die abendliche Lebendigkeit, insbesondere w\u00e4hrend der Sommersaison zwischen 20:00 und 01:00 Uhr, f\u00fchrt zu einem h\u00f6heren urbanen Ger\u00e4uschpegel im Vergleich zu den Randgebieten. F\u00fcr Aufenthalte von mehr als 3 N\u00e4chten empfehlen wir dringend die Buchung von Unterk\u00fcnften mit privatem \u00fcberdachtem Parkplatz. Die Verf\u00fcgbarkeit \u00f6ffentlicher Parkpl\u00e4tze im Zentrum ist begrenzt und unterliegt starken Belegungsschwankungen. Die Gegend Desenzanino, am westlichen Ende der Seepromenade gelegen, stellt ein strategisches Gleichgewicht dar; sie garantiert direkten Blick auf das Wasser und unmittelbare N\u00e4he zu Dienstleistungen, w\u00e4hrend sie einen leichten Abstand zu den belebteren Fu\u00dfg\u00e4ngerzonen h\u00e4lt.<\/p>\n<h3>Ruhe und gro\u00dfz\u00fcgige R\u00e4ume in Rivoltella<\/h3>\n<p>In Richtung des Ortsteils Rivoltella del Garda \u00e4ndert sich der Kontext radikal zugunsten moderner Wohnanlagen. Hier findet man h\u00e4ufiger eine <strong>Wohnung mit Terrasse Desenzano del Garda<\/strong> in Kontexten mit Gemeinschaftspool und gro\u00dfz\u00fcgigen Gr\u00fcnfl\u00e4chen. Die Logistik wird durch die Pr\u00e4senz von Superm\u00e4rkten und Apotheken vereinfacht, die von den Hauptwohnungen aus in weniger als 5 Minuten zu Fu\u00df erreichbar sind. Der Spiaggia d\u2019Oro, einer der am besten ausgestatteten Str\u00e4nde der Gegend, ist \u00fcber sichere Fu\u00dfwege in weniger als 10 Minuten zug\u00e4nglich.<\/p>\n<ul>\n<li><strong>Verbindungen nach Sirmione:<\/strong> 15 Minuten mit dem Auto oder 20 Minuten \u00fcber den K\u00fcstenradweg.<\/li>\n<li><strong>Dienstleistungen:<\/strong> Hohe Konzentration von Nahversorgern im Umkreis von 400 Metern.<\/li>\n<li><strong>Parken:<\/strong> Einfaches Man\u00f6vrieren und Verf\u00fcgbarkeit gro\u00dfer privater Garagen, auch f\u00fcr SUVs oder Luxuslimousinen geeignet.<\/li>\n<\/ul>\n<p>Diese Gegend ist besonders geeignet f\u00fcr diejenigen, die eine entspanntere Dimension suchen und die gro\u00dfz\u00fcgigen Volumen zeitgen\u00f6ssischer Architekturen bevorzugen. Wer die verf\u00fcgbaren Optionen in diesen Gebieten erkunden m\u00f6chte, kann unsere Auswahl an <a href=\"https:\/\/www.desenzanoloft.com\/de\/affitti\/affitti-desenzano-del-garda-d57207\/list-view\/\">Ferienh\u00e4usern in Desenzano del Garda<\/a> konsultieren. Die direkte Verwaltung der Immobilien erm\u00f6glicht es uns, konstante Qualit\u00e4tsstandards zu gew\u00e4hrleisten und sicherzustellen, dass jede Terrasse zu einer privaten und komfortablen Erweiterung des Wohnbereichs wird.<\/p>\n<p><!-- autoseo-infographic --><\/p>\n<div class=\"autoseo-infographic-container\"><img decoding=\"async\" width=\"1182\" height=\"2560\" src=\"https:\/\/blog.desenzanoloft.com\/wp-content\/uploads\/2026\/04\/Wohnung-mit-Terrasse-Desenzano-del-Garda-Leitfaden-zur-Auswahl-fur-einen-exklusiven-Urlaub-Infographic-scaled.jpg\" class=\"autoseo-infographic-image\" alt=\"Wohnung mit Terrasse Desenzano del Garda: Leitfaden zur Auswahl f\u00fcr einen exklusiven Urlaub\" loading=\"lazy\" \/><\/div>\n<p><!-- \/autoseo-infographic --><\/p>\n<h2 id=\"komfort-und-ausstattung-maximale-nutzung-der-au\u00dfenbereiche\"><a name=\"komfort-und-ausstattung-maximale-nutzung-der-au\u00dfenbereiche\"><\/a><a href=\"\"><\/a>Komfort und Ausstattung: Maximale Nutzung der Au\u00dfenbereiche<\/h2>\n<p>Eine <strong>Wohnung mit Terrasse Desenzano del Garda<\/strong> zu bewohnen bedeutet, den Au\u00dfenbereich in ein zweites funktionales Wohnzimmer zu verwandeln. Die Gestaltung der Au\u00dfenbereiche folgt strengen Standards, um ein reibungsloses und professionelles Erlebnis zu gew\u00e4hrleisten. Konnektivit\u00e4t ist die erste S\u00e4ule des Angebots: Das Glasfaser-WLAN sorgt f\u00fcr konstante 100 Mbit\/s auch im Freien und eliminiert jede Signal-Schattenzone. Dies erm\u00f6glicht es, Arbeitsanrufe oder Streaming in High Definition ohne Unterbrechungen zu verwalten. Die Energieeffizienz wird durch LED-Beleuchtungssysteme gew\u00e4hrleistet, die die Umweltbelastung und die abgegebene W\u00e4rme reduzieren und die Temperaturen an Sommerabenden angenehm halten.<\/p>\n<p>Die Wahl der M\u00f6bel ist kein Zufall. Wir verwenden ergonomische Liegest\u00fchle und Tische aus salz- und oxidationsbest\u00e4ndigen Materialien wie nautischem Aluminium oder behandeltem Iroko-Holz. Diese Komponenten behalten ihre \u00e4sthetische Integrit\u00e4t trotz direkter Sonneneinstrahlung und Seefeuchtigkeit. Was die Geselligkeit betrifft, so folgt die Verwaltung von Grills den lokalen Eigentumswohnungsbestimmungen, die elektrische oder Gasmodelle der neuesten Generation bevorzugen. Diese Wahl vermeidet Holzkohlerauch, der die Nachbarschaft st\u00f6ren oder die Luftqualit\u00e4t auf der Terrasse beeintr\u00e4chtigen k\u00f6nnte, und gew\u00e4hrleistet Abendessen im Freien unter voller Einhaltung der gemeinsamen Regeln.<\/p>\n<h3>Technologie und Smart Working auf der Terrasse<\/h3>\n<p>Die &#8218;Workation&#8216; erfordert spezifische Ausstattungen, die \u00fcber eine einfache Verbindung hinausgehen. Um den Laptop im Freien zu nutzen, ist es unerl\u00e4sslich, dass die Bildschirme eine Mindesthelligkeit von 500 Nits aufweisen, um die typische Sonnenreflexion der Nachmittagsstunden am Gardasee zu kontrastieren. Die Anordnung der M\u00f6bel ist so konzipiert, dass sie nat\u00fcrliche oder k\u00fcnstliche Schattenbereiche bietet und elektronische Ger\u00e4te vor \u00dcberhitzung sch\u00fctzt. In vielen Immobilien erm\u00f6glicht die Positionierung der Lounge-Bereiche, die internen Smart-TVs direkt von der Terrasse aus zu genie\u00dfen, wodurch eine integrierte und vielseitige Multimedia-Umgebung f\u00fcr jede Tageszeit geschaffen wird.<\/p>\n<h3>Sicherheit und Zug\u00e4nglichkeit f\u00fcr Familien<\/h3>\n<p>Die Ruhe der G\u00e4ste wird durch die strukturelle Sicherheit gew\u00e4hrleistet. Alle Terrassenbr\u00fcstungen halten sich streng an die gesetzliche Mindesth\u00f6he von 110 cm und bieten eine solide und sichere Barriere f\u00fcr Kinder. F\u00fcr Reisende mit vierbeinigen Begleitern bieten wir L\u00f6sungen mit umlaufenden Abschirmungen, die das versehentliche Durchschl\u00fcpfen kleiner Tiere verhindern. Sie k\u00f6nnen die speziellen Optionen in unserem Bereich f\u00fcr <a href=\"https:\/\/www.desenzanoloft.com\/de\/rentals\/holidays-rentals-d0\/tag-pet-friendly\/\">haustierfreundliche Apartments in Desenzano<\/a> erkunden. Bei Ihrer Ankunft wird Ihnen unser Concierge in Uniform pers\u00f6nlich jede technische Ausstattung, die Sicherheitsverfahren der Struktur und die Funktionsweise der Anlagen erl\u00e4utern, um jede anf\u00e4ngliche Unsicherheit zu beseitigen.<\/p>\n<p>Entdecken Sie die Exzellenz unserer Angebote, indem Sie die Seite f\u00fcr <a href=\"https:\/\/www.desenzanoloft.com\/de\/rentals\/rentals-desenzano-del-garda-d57207\/\">Apartments in Desenzano del Garda<\/a> f\u00fcr einen kompromisslosen Urlaub besuchen.<\/p>\n<h2 id=\"warum-die-professionelle-verwaltung-von-desenzanoloft-w\u00e4hlen\"><a name=\"warum-die-professionelle-verwaltung-von-desenzanoloft-w\u00e4hlen\"><\/a><a href=\"\"><\/a>Warum die professionelle Verwaltung von DesenzanoLoft w\u00e4hlen?<\/h2>\n<p>Sich auf DesenzanoLoft zu verlassen bedeutet, die Logik der einfachen touristischen Vermietung zu \u00fcberwinden und zu einem Modell der Elite-Gastfreundschaft zu gelangen. Im Gegensatz zu automatisierten Verwaltungen, die unpers\u00f6nliche Schl\u00fcsselboxen verwenden, erh\u00e4lt jeder unserer G\u00e4ste einen pers\u00f6nlichen Empfang durch qualifiziertes Personal in Uniform. Diese Wahl garantiert Sicherheit und Pr\u00e4zision vom ersten Moment des Check-ins an. Die Qualit\u00e4t des Angebots ist durch die Partnerschaft mit Homes &amp; Villas by Marriott Bonvoy zertifiziert, eine Anerkennung, die jede <strong>Wohnung mit Terrasse Desenzano del Garda<\/strong>, die von unserer Agentur verwaltet wird, in ein h\u00f6heres Marktsegment positioniert. Die Liebe zum Detail erstreckt sich auf die st\u00e4ndige Wartung der Au\u00dfenm\u00f6bel und zertifizierte professionelle Reinigungszyklen, die sicherstellen, dass jeder Raum sofort einsatzbereit ist und den strengsten Hygienestandards entspricht.<\/p>\n<h3>Der DesenzanoLoft-Empfang: mehr als nur die Schl\u00fcssel\u00fcbergabe<\/h3>\n<p>Der assistierte Check-in ist das Herzst\u00fcck unseres Services. Ein Mitglied des Teams erl\u00e4utert jede technische Funktion der Wohnung, von der Funktionsweise der Hausautomation bis zur Verwaltung der Klimaanlagen. W\u00e4hrend des gesamten Aufenthalts steht mehrsprachiger Support zur Verf\u00fcgung, um alle Bed\u00fcrfnisse zu l\u00f6sen, unterst\u00fctzt von einem engagierten Concierge-Service, der Reservierungen in ausgew\u00e4hlten Restaurants oder lokale Wein- und Gastronomietouren verwalten kann. \u00dcber das Instagram-Profil @desenzanoloftofficial k\u00f6nnen G\u00e4ste \u00fcber exklusive Erlebnisse w\u00e4hrend der Saison auf dem Laufenden bleiben. Bei der Ankunft erh\u00e4lt jeder Gast:<\/p>\n<ul>\n<li>Assistierter Check-in mit technischer Erkl\u00e4rung jeder Funktion der Wohnung.<\/li>\n<li>Mehrsprachiger Support w\u00e4hrend des gesamten Aufenthalts.<\/li>\n<li>Willkommenspaket mit ausgew\u00e4hlten lokalen Produkten f\u00fcr eine authentische Einf\u00fchrung in die Region.<\/li>\n<\/ul>\n<h3>Exklusive Vorteile f\u00fcr l\u00e4ngere Aufenthalte<\/h3>\n<p>Die Planung eines Langzeiturlaubs bietet konkrete Vorteile, die \u00fcber die blo\u00dfe Entspannung hinausgehen. F\u00fcr Aufenthalte von mindestens 6 N\u00e4chten schenkt DesenzanoLoft seinen G\u00e4sten kostenlose Bahntickets f\u00fcr einen Besuch in Venedig, was die Entdeckung der Kunstst\u00e4dte direkt vom Bahnhof Desenzano del Garda aus erleichtert. Die Kontinuit\u00e4t des Komforts wird durch ein strenges technisches Protokoll gew\u00e4hrleistet. Die Bearbeitung technischer Notf\u00e4lle erfolgt innerhalb von 120 Minuten nach Meldung, wodurch eine schnelle L\u00f6sung aller unvorhergesehenen Probleme mit M\u00f6beln oder Anlagen gew\u00e4hrleistet wird. Die Wahl einer <strong>Wohnung mit Terrasse Desenzano del Garda<\/strong> \u00fcber unsere direkte Verwaltung bedeutet die Gewissheit eines einzigen, professionellen und stets vor Ort pr\u00e4senten Ansprechpartners.<\/p>\n<p><strong><a href=\"https:\/\/www.desenzanoloft.com\/de\/affitti\/affitti-desenzano-del-garda-d57207\/list-view\/\">Buchen Sie Ihre Wohnung mit Terrasse in Desenzano<\/a><\/strong><\/p>\n<h2 id=\"beginnen-sie-mit-der-planung-ihres-erlebnisses-am-gardasee\"><a name=\"beginnen-sie-mit-der-planung-ihres-erlebnisses-am-gardasee\"><\/a><a href=\"\"><\/a>Beginnen Sie mit der Planung Ihres Erlebnisses am Gardasee<\/h2>\n<p>Die sorgf\u00e4ltige Auswahl Ihrer Unterkunft verwandelt einen einfachen Aufenthalt in eine unvergessliche Erinnerung. Eine <strong>Wohnung mit Terrasse Desenzano del Garda<\/strong> ist die ideale L\u00f6sung f\u00fcr alle, die Privatsph\u00e4re und eine privilegierte Lage suchen, oft weniger als 10 Gehminuten von den Dienstleistungen des Zentrums und nur 5 Minuten vom Hafen entfernt. Die professionelle Verwaltung von DesenzanoLoft, seit \u00fcber 10 Jahren in der Region t\u00e4tig, gew\u00e4hrleistet Exzellenzstandards, die durch die offizielle Partnerschaft mit Homes &amp; Villas by Marriott Bonvoy zertifiziert sind.<\/p>\n<p>Vergessen Sie die Komplikationen automatischer Systeme oder digitaler Codes. Unser Empfangsprotokoll sieht ausschlie\u00dflich einen assistierten Check-in mit qualifiziertem Personal in Uniform vor, der eine tadellose Pr\u00e4sentation der Immobilie ohne Verwendung von Schl\u00fcsselboxen garantiert. Jedes Detail, von der Pflege der Au\u00dfenbereiche bis zur strategischen N\u00e4he zu Sirmione und Peschiera del Garda, ist darauf ausgelegt, den Komfort zu maximieren. Die Qualit\u00e4t Ihres Aufenthalts ist eine Gewissheit, die auf strengen Verfahren und einer tiefen Kenntnis des lokalen Immobilienmarktes beruht. Wir erwarten Sie, um Ihnen einen ma\u00dfgeschneiderten Service und eine authentisch raffinierte Gastfreundschaft zu bieten.<\/p>\n<p><a href=\"https:\/\/www.desenzanoloft.com\/de\/rentals\/rentals-desenzano-del-garda-d57207\/\">Buchen Sie jetzt Ihren exklusiven Urlaub in Desenzano del Garda<\/a><\/p>\n<h2 id=\"h\u00e4ufig-gestellte-fragen-zum-aufenthalt-in-desenzano\"><a name=\"h\u00e4ufig-gestellte-fragen-zum-aufenthalt-in-desenzano\"><\/a><a href=\"\"><\/a>H\u00e4ufig gestellte Fragen zum Aufenthalt in Desenzano<\/h2>\n<h3>Wie hoch sind die Kosten der Kurtaxe in Desenzano del Garda?<\/h3>\n<p>Die Kurtaxe in der Gemeinde Desenzano del Garda betr\u00e4gt 1,50 Euro pro Person und Nacht. Dieser Tarif gilt ausschlie\u00dflich f\u00fcr die ersten 21 aufeinanderfolgenden Aufenthaltstage, was l\u00e4ngere Urlaube am See beg\u00fcnstigt. Kinder unter 14 Jahren sind von der Zahlung dieser Gemeindeabgabe befreit, die von unserem professionellen Concierge w\u00e4hrend des Check-in-Vorgangs erhoben wird.<\/p>\n<h3>Ist es m\u00f6glich, ein Abendessen mit einem Privatkoch auf der Terrasse der Wohnung zu organisieren?<\/h3>\n<p>Ja, Sie k\u00f6nnen den Service eines Privatkochs buchen, um Gourmetgerichte direkt in der K\u00fcche Ihrer Wohnung mit Terrasse Desenzano del Garda zuzubereiten. Unser Concierge-Team koordiniert das gesamte Erlebnis, von der Men\u00fcauswahl basierend auf lokalen Produkten bis zur Verwaltung des Tischservices. Die Terrasse verwandelt sich in einen exklusiven Speisesaal, wo Sie das Gardaseeklima und h\u00f6chste Privatsph\u00e4re den ganzen Abend \u00fcber genie\u00dfen k\u00f6nnen.<\/p>\n<h3>Verf\u00fcgen die Wohnungen mit Terrasse immer \u00fcber einen privaten Parkplatz?<\/h3>\n<p>85 % unserer Immobilien verf\u00fcgen \u00fcber einen reservierten Parkplatz oder eine private Garage in unmittelbarer N\u00e4he der Unterkunft, normalerweise innerhalb von 150 Metern vom Eingang. F\u00fcr Objekte im Herzen des historischen Zentrums, wo der Verkehr begrenzt ist, stellen wir spezielle Zugangsp\u00e4sse zur Verf\u00fcgung oder weisen auf Partnerparkpl\u00e4tze hin, die weniger als 5 Gehminuten entfernt liegen. Die Sicherheit Ihres Fahrzeugs ist eine Priorit\u00e4t, die wir mit pr\u00e4zisen logistischen L\u00f6sungen f\u00fcr jede einzelne Einheit verwalten.<\/p>\n<h3>Wie funktioniert die Aktion f\u00fcr die Reise nach Venedig von Desenzano aus?<\/h3>\n<p>Die Aktion bietet kostenlose Bahntickets f\u00fcr einen Ausflug nach Venedig an alle G\u00e4ste, die einen Mindestaufenthalt von 6 N\u00e4chten auf unserer Website buchen. Der Bahnhof Desenzano ist etwa 12 Gehminuten von unseren zentralen Immobilien entfernt, und die Schnellz\u00fcge erreichen den Bahnhof Venezia Santa Lucia in 90 Minuten. Diese Gelegenheit erm\u00f6glicht es, den Urlaub am Gardasee mit einem kulturellen Besuch in der Lagunenstadt ohne zus\u00e4tzliche Transportkosten zu bereichern.<\/p>\n<h3>Ist die Privatsph\u00e4re auf den Terrassen der Wohnungen im historischen Zentrum gew\u00e4hrleistet?<\/h3>\n<p>Die Privatsph\u00e4re wird durch die erh\u00f6hte Lage der Immobilien und die Pr\u00e4senz architektonischer Elemente, die die \u00e4u\u00dfere Sicht sch\u00fctzen, gew\u00e4hrleistet. Jede Wohnung mit Terrasse Desenzano del Garda im Zentrum wird so ausgew\u00e4hlt, dass sie eine intime Umgebung bietet, oft unter Verwendung nat\u00fcrlicher Abschirmungen oder Taschenstrukturen, die den Sichtkontakt von den umliegenden Geb\u00e4uden verhindern. Sie k\u00f6nnen sich im Freien entspannen, mit der Gewissheit, einen privaten Raum im pulsierenden Herzen der Stadt zu bewohnen.<\/p>\n<h3>Was passiert, wenn ich am Wochenende technische Unterst\u00fctzung ben\u00f6tige?<\/h3>\n<p>Unser technisches Personal ist 7 Tage die Woche im Einsatz, um bei Bedarf oder unvorhergesehenen St\u00f6rungen umgehend einzugreifen. Wir garantieren eine schnelle Reaktionszeit, normalerweise innerhalb von 60 bis 90 Minuten nach der Meldung, dank unserer st\u00e4ndigen physischen Pr\u00e4senz im Gebiet von Desenzano. Wir verwenden keine Fern- oder automatisierten Verwaltungssysteme, sondern bevorzugen einen direkten Kontakt, der die sofortige L\u00f6sung jedes technischen Problems gew\u00e4hrleistet, um die Exzellenz Ihres Aufenthalts aufrechtzuerhalten.<\/p>\n<p><img decoding=\"async\" src=\"https:\/\/blog.desenzanoloft.com\/wp-content\/uploads\/2026\/04\/Author-Thumbnail.png\" alt=\"Carlo Claverini\" style=\"width: 80px;max-width: 100%;height: auto\" \/>Artikel von<\/p>\n<p>Carlo Claverini<\/p>\n<p>Carlo Claverini ist der CEO von DesenzanoLoft, einem f\u00fchrenden Unternehmen in der professionellen Verwaltung von Luxus-Ferienh\u00e4usern am Gardasee. Seit der Gr\u00fcndung im Jahr 2013 hat Carlo eines der wichtigsten Property-Management-Unternehmen am S\u00fcdufer des Gardasees aufgebaut, wo er heute rund 100 Immobilien in Desenzano del Garda, Sirmione und Peschiera del Garda betreut. DesenzanoLoft geh\u00f6rte zu den ersten f\u00fcnf Property-Management-Agenturen in Italien und war ein Pionier in einem heute stark expandierenden Sektor. Unter seiner F\u00fchrung hat das Unternehmen bedeutende internationale Auszeichnungen erhalten: Offizieller Partner von Homes &amp; Villas by Marriott Bonvoy\u00ae \u2013 eine exklusive Partnerschaft am Gardasee, die im Februar 2025 unterzeichnet wurde \u2013 Airbnb Superhost seit Oktober 2025, eine durchschnittliche Bewertung von 9,5 von 10 auf Booking.com und Vrbo Preferred Partner. Als zertifizierter Property Manager mit spezialisierter Ausbildung an der SUPSI Mendrisio ist Carlo Gr\u00fcnder und Pr\u00e4sident von OTP \u2013 Operatori Turistici Professionali, einem Berufsverband, der Fachleute der Gastfreundschaft und Kurzzeitvermietung in Italien vereint. Mit \u00fcber f\u00fcnfzehn Jahren Erfahrung in der Gardasee-Region verbindet Carlo operative Kompetenz, strategische Vision und eine tiefe Kenntnis des Sees, wodurch jeder Aufenthalt zu einem authentischen Erlebnis wird, das ma\u00dfgeschneiderte Gastfreundschaft und internationale Standards vereint.<\/p>\n<p><a href=\"https:\/\/www.linkedin.com\/in\/carlo-claverini-0b9415122\/\"><\/a><a href=\"https:\/\/www.facebook.com\/DesenzanoLoftOfficial\"><\/a><a href=\"https:\/\/www.instagram.com\/desenzanoloftofficial\"><\/a><a href=\"https:\/\/www.tiktok.com\/@desenzanoloftofficial\"><\/a><a href=\"https:\/\/www.youtube.com\/@desenzanoloft\"><\/a><\/p>\n<h3>Haftungsausschluss<\/h3>\n<p><em>DesenzanoLoft Srl ist ein italienisches Unternehmen, das sich seit 2013 auf die professionelle Verwaltung von Luxus-Ferienh\u00e4usern am Gardasee spezialisiert hat, mit einem exklusiven operativen Fokus auf die Gebiete Desenzano del Garda, Sirmione und Peschiera del Garda.<\/p>\n<p>Die Inhalte dieses Artikels basieren auf der direkten Erfahrung unseres Teams und spiegeln unser Wissen \u00fcber die Region und den Markt f\u00fcr Kurzzeitmieten zum Zeitpunkt der Ver\u00f6ffentlichung wider. Preise, Verf\u00fcgbarkeit, lokale Vorschriften und Bedingungen der beschriebenen Dienstleistungen k\u00f6nnen sich im Laufe der Zeit \u00e4ndern. F\u00fcr aktuelle Informationen und spezifische Details zu unseren Immobilien laden wir die Leser ein, unsere offizielle Website zu konsultieren oder uns direkt zu kontaktieren.<\/p>\n<p>Die Partnerschaften und Auszeichnungen, die DesenzanoLoft besitzt (Homes &amp; Villas by Marriott Bonvoy\u00ae, Airbnb Superhost, Booking.com 9.5, Vrbo Preferred Partner), sind auf den jeweiligen offiziellen Plattformen \u00fcberpr\u00fcfbar.<\/p>\n<p>F\u00fcr Buchungen, Informationen und personalisierte Angebote:<br \/>Offizielle Website: www.desenzanoloft.com<br \/>Blog: blog.desenzanoloft.com<br \/>E-Mail: info@desenzanoloft.com<br \/>PEC: desenzanoloft@pec.it<\/p>\n<p>Folgen Sie uns auf den offiziellen sozialen Kan\u00e4len:<br \/>YouTube: youtube.com\/@desenzanoloft<br \/>Facebook: facebook.com\/DesenzanoLoftOfficial<br \/>Instagram: @desenzanoloftofficial<br \/>TikTok: @desenzanoloftofficial<br \/>LinkedIn: Carlo Claverini<\/p>\n<p>DesenzanoLoft Srl<br \/>Via E. Andreis 74, 25015 Desenzano del Garda (BS)<br \/>P. IVA 03614830986 \u2014 REA BS 549215<\/p>\n<p><\/em><\/p>\n<div class=\"author-box\" style=\"display:flex;gap:20px;align-items:flex-start;padding:24px;border:1px solid #e5e7eb;border-radius:12px;background:#f9fafb;margin:30px 0\"><img decoding=\"async\" src=\"https:\/\/blog.desenzanoloft.com\/wp-content\/uploads\/2026\/04\/Author-Thumbnail.png\" alt=\"Carlo Claverini\" style=\"width:80px;height:80px;border-radius:50%;object-fit:cover;flex-shrink:0\" \/><\/p>\n<div style=\"flex:1;min-width:0\">\n<p style=\"margin:0 0 2px 0;font-size:12px;text-transform:uppercase;letter-spacing:0.05em;color:#9ca3af;font-weight:600\">Artikel von<\/p>\n<p style=\"margin:0 0 8px 0;font-size:18px;font-weight:700;color:#111827\">Carlo Claverini<\/p>\n<p style=\"margin:0;font-size:14px;color:#4b5563;line-height:1.6\">Carlo Claverini ist der CEO von DesenzanoLoft, einem f\u00fchrenden Unternehmen in der professionellen Verwaltung von Luxus-Ferienh\u00e4usern am Gardasee. Seit der Gr\u00fcndung im Jahr 2013 hat Carlo eines der wichtigsten Property-Management-Unternehmen am S\u00fcdufer des Gardasees aufgebaut, wo er heute rund 100 Immobilien in Desenzano del Garda, Sirmione und Peschiera del Garda betreut. DesenzanoLoft geh\u00f6rte zu den ersten f\u00fcnf Property-Management-Agenturen in Italien und war ein Pionier in einem heute stark expandierenden Sektor. Unter seiner F\u00fchrung hat das Unternehmen bedeutende internationale Auszeichnungen erhalten: Offizieller Partner von Homes &amp; Villas by Marriott Bonvoy\u00ae \u2013 eine exklusive Partnerschaft am Gardasee, die im Februar 2025 unterzeichnet wurde \u2013 Airbnb Superhost seit Oktober 2025, eine durchschnittliche Bewertung von 9,5 von 10 auf Booking.com und Vrbo Preferred Partner. Als zertifizierter Property Manager mit spezialisierter Ausbildung an der SUPSI Mendrisio ist Carlo Gr\u00fcnder und Pr\u00e4sident von OTP \u2013 Operatori Turistici Professionali, einem Berufsverband, der Fachleute der Gastfreundschaft und Kurzzeitvermietung in Italien vereint. Mit \u00fcber f\u00fcnfzehn Jahren Erfahrung in der Gardasee-Region verbindet Carlo operative Kompetenz, strategische Vision und eine tiefe Kenntnis des Sees, wodurch jeder Aufenthalt zu einem authentischen Erlebnis wird, das ma\u00dfgeschneiderte Gastfreundschaft und internationale Standards vereint.<\/p>\n<div style=\"display:flex;gap:12px;margin-top:8px;align-items:center\"><a href=\"https:\/\/www.linkedin.com\/in\/carlo-claverini-0b9415122\/\" target=\"_blank\" rel=\"noopener noreferrer\" title=\"LinkedIn\" style=\"color:#6b7280;text-decoration:none;display:inline-block;transition:color 0.2s\"><svg width=\"20\" height=\"20\" viewBox=\"0 0 24 24\" fill=\"currentColor\"><path d=\"M20.447 20.452h-3.554v-5.569c0-1.328-.027-3.037-1.852-3.037-1.853 0-2.136 1.445-2.136 2.939v5.667H9.351V9h3.414v1.561h.046c.477-.9 1.637-1.85 3.37-1.85 3.601 0 4.267 2.37 4.267 5.455v6.286zM5.337 7.433a2.062 2.062 0 01-2.063-2.065 2.064 2.064 0 112.063 2.065zm1.782 13.019H3.555V9h3.564v11.452zM22.225 0H1.771C.792 0 0 .774 0 1.729v20.542C0 23.227.792 24 1.771 24h20.451C23.2 24 24 23.227 24 22.271V1.729C24 .774 23.2 0 22.222 0h.003z\" \/><\/svg><\/a><a href=\"https:\/\/www.facebook.com\/DesenzanoLoftOfficial\" target=\"_blank\" rel=\"noopener noreferrer\" title=\"Facebook\" style=\"color:#6b7280;text-decoration:none;display:inline-block;transition:color 0.2s\"><svg width=\"20\" height=\"20\" viewBox=\"0 0 24 24\" fill=\"currentColor\"><path d=\"M24 12.073c0-6.627-5.373-12-12-12s-12 5.373-12 12c0 5.99 4.388 10.954 10.125 11.854v-8.385H7.078v-3.47h3.047V9.43c0-3.007 1.792-4.669 4.533-4.669 1.312 0 2.686.235 2.686.235v2.953H15.83c-1.491 0-1.956.925-1.956 1.874v2.25h3.328l-.532 3.47h-2.796v8.385C19.612 23.027 24 18.062 24 12.073z\" \/><\/svg><\/a><a href=\"https:\/\/www.instagram.com\/desenzanoloftofficial\" target=\"_blank\" rel=\"noopener noreferrer\" title=\"Instagram\" style=\"color:#6b7280;text-decoration:none;display:inline-block;transition:color 0.2s\"><svg width=\"20\" height=\"20\" viewBox=\"0 0 24 24\" fill=\"currentColor\"><path d=\"M12 0C8.74 0 8.333.015 7.053.072 5.775.132 4.905.333 4.14.63c-.789.306-1.459.717-2.126 1.384S.935 3.35.63 4.14C.333 4.905.131 5.775.072 7.053.012 8.333 0 8.74 0 12s.015 3.667.072 4.947c.06 1.277.261 2.148.558 2.913.306.788.717 1.459 1.384 2.126.667.666 1.336 1.079 2.126 1.384.766.296 1.636.499 2.913.558C8.333 23.988 8.74 24 12 24s3.667-.015 4.947-.072c1.277-.06 2.148-.262 2.913-.558.788-.306 1.459-.718 2.126-1.384.666-.667 1.079-1.335 1.384-2.126.296-.765.499-1.636.558-2.913.06-1.28.072-1.687.072-4.947s-.015-3.667-.072-4.947c-.06-1.277-.262-2.149-.558-2.913-.306-.789-.718-1.459-1.384-2.126C21.319 1.347 20.651.935 19.86.63c-.765-.297-1.636-.499-2.913-.558C15.667.012 15.26 0 12 0zm0 2.16c3.203 0 3.585.016 4.85.071 1.17.055 1.805.249 2.227.415.562.217.96.477 1.382.896.419.42.679.819.896 1.381.164.422.36 1.057.413 2.227.057 1.266.07 1.646.07 4.85s-.015 3.585-.074 4.85c-.061 1.17-.256 1.805-.421 2.227-.224.562-.479.96-.899 1.382-.419.419-.824.679-1.38.896-.42.164-1.065.36-2.235.413-1.274.057-1.649.07-4.859.07-3.211 0-3.586-.015-4.859-.074-1.171-.061-1.816-.256-2.236-.421-.569-.224-.96-.479-1.379-.899-.421-.419-.69-.824-.9-1.38-.165-.42-.359-1.065-.42-2.235-.045-1.26-.061-1.649-.061-4.844 0-3.196.016-3.586.061-4.861.061-1.17.255-1.814.42-2.234.21-.57.479-.96.9-1.381.419-.419.81-.689 1.379-.898.42-.166 1.051-.361 2.221-.421 1.275-.045 1.65-.06 4.859-.06l.045.03zm0 3.678a6.162 6.162 0 100 12.324 6.162 6.162 0 100-12.324zM12 16c-2.21 0-4-1.79-4-4s1.79-4 4-4 4 1.79 4 4-1.79 4-4 4zm7.846-10.405a1.441 1.441 0 11-2.882 0 1.441 1.441 0 012.882 0z\" \/><\/svg><\/a><a href=\"https:\/\/www.tiktok.com\/@desenzanoloftofficial\" target=\"_blank\" rel=\"noopener noreferrer\" title=\"TikTok\" style=\"color:#6b7280;text-decoration:none;display:inline-block;transition:color 0.2s\"><svg width=\"20\" height=\"20\" viewBox=\"0 0 24 24\" fill=\"currentColor\"><path d=\"M12.525.02c1.31-.02 2.61-.01 3.91-.02.08 1.53.63 3.09 1.75 4.17 1.12 1.11 2.7 1.62 4.24 1.79v4.03c-1.44-.05-2.89-.35-4.2-.97-.57-.26-1.1-.59-1.62-.93-.01 2.92.01 5.84-.02 8.75-.08 1.4-.54 2.79-1.35 3.94-1.31 1.92-3.58 3.17-5.91 3.21-1.43.08-2.86-.31-4.08-1.03-2.02-1.19-3.44-3.37-3.65-5.71-.02-.5-.03-1-.01-1.49.18-1.9 1.12-3.72 2.58-4.96 1.66-1.44 3.98-2.13 6.15-1.72.02 1.48-.04 2.96-.04 4.44-.99-.32-2.15-.23-3.02.37-.63.41-1.11 1.04-1.36 1.75-.21.51-.15 1.07-.14 1.61.24 1.64 1.82 3.02 3.5 2.87 1.12-.01 2.19-.66 2.77-1.61.19-.33.4-.67.41-1.06.1-1.79.06-3.57.07-5.36.01-4.03-.01-8.05.02-12.07z\" \/><\/svg><\/a><a href=\"https:\/\/www.youtube.com\/@desenzanoloft\" target=\"_blank\" rel=\"noopener noreferrer\" title=\"YouTube\" style=\"color:#6b7280;text-decoration:none;display:inline-block;transition:color 0.2s\"><svg width=\"20\" height=\"20\" viewBox=\"0 0 24 24\" fill=\"currentColor\"><path d=\"M23.498 6.186a3.016 3.016 0 00-2.122-2.136C19.505 3.545 12 3.545 12 3.545s-7.505 0-9.377.505A3.017 3.017 0 00.502 6.186C0 8.07 0 12 0 12s0 3.93.502 5.814a3.016 3.016 0 002.122 2.136c1.871.505 9.376.505 9.376.505s7.505 0 9.377-.505a3.015 3.015 0 002.122-2.136C24 15.93 24 12 24 12s0-3.93-.502-5.814zM9.545 15.568V8.432L15.818 12l-6.273 3.568z\" \/><\/svg><\/a><\/div>\n<\/div>\n<\/div>\n<div class=\"article-disclaimer\" style=\"margin-bottom: 10px\">\n<h3>Haftungsausschluss<\/h3>\n<p><em>DesenzanoLoft Srl ist ein italienisches Unternehmen, das sich seit 2013 auf die professionelle Verwaltung von Luxus-Ferienh\u00e4usern am Gardasee spezialisiert hat, mit einem exklusiven operativen Fokus auf die Gebiete Desenzano del Garda, Sirmione und Peschiera del Garda.&lt;p&gt;Die Inhalte dieses Artikels basieren auf der direkten Erfahrung unseres Teams und spiegeln unser Wissen \u00fcber die Region und den Markt f\u00fcr Kurzzeitmieten zum Zeitpunkt der Ver\u00f6ffentlichung wider. Preise, Verf\u00fcgbarkeit, lokale Vorschriften und Bedingungen der beschriebenen Dienstleistungen k\u00f6nnen sich im Laufe der Zeit \u00e4ndern. F\u00fcr aktuelle Informationen und spezifische Details zu unseren Immobilien laden wir die Leser ein, unsere offizielle Website zu konsultieren oder uns direkt zu kontaktieren.&lt;\/p&gt;&lt;p&gt;Die Partnerschaften und Auszeichnungen, die DesenzanoLoft besitzt (Homes &amp; Villas by Marriott Bonvoy\u00ae, Airbnb Superhost, Booking.com 9.5, Vrbo Preferred Partner), sind auf den jeweiligen offiziellen Plattformen \u00fcberpr\u00fcfbar.&lt;\/p&gt;&lt;p&gt;F\u00fcr Buchungen, Informationen und personalisierte Angebote:&lt;br&gt;Offizielle Website: www.desenzanoloft.com&lt;br&gt;Blog: blog.desenzanoloft.com&lt;br&gt;E-Mail: info@desenzanoloft.com&lt;br&gt;PEC: desenzanoloft@pec.it&lt;\/p&gt;&lt;p&gt;Folgen Sie uns auf den offiziellen sozialen Kan\u00e4len:&lt;br&gt;YouTube: youtube.com\/@desenzanoloft&lt;br&gt;Facebook: facebook.com\/DesenzanoLoftOfficial&lt;br&gt;Instagram: @desenzanoloftofficial&lt;br&gt;TikTok: @desenzanoloftofficial&lt;br&gt;LinkedIn: Carlo Claverini&lt;\/p&gt;&lt;p&gt;DesenzanoLoft Srl&lt;br&gt;Via E. Andreis 74, 25015 Desenzano del Garda (BS)&lt;br&gt;P. IVA 03614830986 \u2014 REA BS 549215&lt;\/p&gt;<\/em><\/p>\n<\/div>\n","protected":false},"excerpt":{"rendered":"<p>Wussten Sie, dass \u00fcber 65 % der Elite-Reisenden die Gr\u00f6\u00dfe des Au\u00dfenbereichs f\u00fcr wichtiger halten als die des Innenbereichs? Die Wahl einer Wohnung&#8230;<\/p>\n","protected":false},"author":57,"featured_media":2972,"comment_status":"open","ping_status":"open","sticky":true,"template":"","format":"standard","meta":{"footnotes":""},"categories":[1318,1319],"tags":[15,621,1993,1995,1996,1991,1799,1800,1992,1997,1806,1998,1990],"class_list":{"0":"post-2973","1":"post","2":"type-post","3":"status-publish","4":"format-standard","5":"has-post-thumbnail","6":"hentry","7":"category-gardasee-reisefuehrer","8":"category-uncategorized","9":"tag-desenzanoloft","10":"tag-desenzanoloft-de","11":"tag-exklusiver-aufenthalt-gardasee","13":"tag-ferienwohnung-desenzano","15":"tag-gardasee-urlaub","16":"tag-italien-urlaub","17":"tag-kurzzeitmiete-desenzano","19":"tag-luxusurlaub-gardasee","20":"tag-wohnung-mit-terrasse-desenzano-del-garda","22":"autoseo"},"yoast_head":"<!-- This site is optimized with the Yoast SEO plugin v27.5 - https:\/\/yoast.com\/product\/yoast-seo-wordpress\/ -->\n<title>Wohnung mit Terrasse Desenzano del Garda: Leitfaden zur Auswahl f\u00fcr einen exklusiven Urlaub - Blog<\/title>\n<meta name=\"description\" content=\"Leitfaden zur Auswahl einer Wohnung mit Terrasse in Desenzano del Garda. Entdecken Sie die Kriterien f\u00fcr einen Luxusaufenthalt, von der Lage bis zu den Elite-Dienstleistungen.\" \/>\n<meta name=\"robots\" content=\"index, follow, max-snippet:-1, max-image-preview:large, max-video-preview:-1\" \/>\n<link rel=\"canonical\" href=\"https:\/\/blog.desenzanoloft.com\/de\/wohnung-mit-terrasse-desenzano-del-garda-leitfaden-zur-auswahl-fur-einen-exklusiven-urlaub\/\" \/>\n<meta property=\"og:locale\" content=\"de_DE\" \/>\n<meta property=\"og:type\" content=\"article\" \/>\n<meta property=\"og:title\" content=\"Wohnung mit Terrasse Desenzano del Garda: Leitfaden zur Auswahl f\u00fcr einen exklusiven Urlaub - Blog\" \/>\n<meta property=\"og:description\" content=\"Leitfaden zur Auswahl einer Wohnung mit Terrasse in Desenzano del Garda. Entdecken Sie die Kriterien f\u00fcr einen Luxusaufenthalt, von der Lage bis zu den Elite-Dienstleistungen.\" \/>\n<meta property=\"og:url\" content=\"https:\/\/blog.desenzanoloft.com\/de\/wohnung-mit-terrasse-desenzano-del-garda-leitfaden-zur-auswahl-fur-einen-exklusiven-urlaub\/\" \/>\n<meta property=\"og:site_name\" content=\"Blog\" \/>\n<meta property=\"article:author\" content=\"https:\/\/www.facebook.com\/CarloClaveriniDESENZANO\" \/>\n<meta property=\"article:published_time\" content=\"2026-04-26T10:51:45+00:00\" \/>\n<meta property=\"article:modified_time\" content=\"2026-04-26T11:19:19+00:00\" \/>\n<meta property=\"og:image\" content=\"https:\/\/blog.desenzanoloft.com\/wp-content\/uploads\/2026\/04\/Wohnung-mit-Terrasse-Desenzano-del-Garda-Leitfaden-zur-Auswahl-fur-einen-exklusiven-Urlaub-Hero-Image.jpg\" \/>\n<meta name=\"author\" content=\"desenzanoloft\" \/>\n<meta name=\"twitter:card\" content=\"summary_large_image\" \/>\n<meta name=\"twitter:image\" content=\"https:\/\/blog.desenzanoloft.com\/wp-content\/uploads\/2026\/04\/Wohnung-mit-Terrasse-Desenzano-del-Garda-Leitfaden-zur-Auswahl-fur-einen-exklusiven-Urlaub-Hero-Image.jpg\" \/>\n<meta name=\"twitter:label1\" content=\"Verfasst von\" \/>\n\t<meta name=\"twitter:data1\" content=\"desenzanoloft\" \/>\n\t<meta name=\"twitter:label2\" content=\"Gesch\u00e4tzte Lesezeit\" \/>\n\t<meta name=\"twitter:data2\" content=\"19\u00a0Minuten\" \/>\n<script type=\"application\/ld+json\" class=\"yoast-schema-graph\">{\"@context\":\"https:\\\/\\\/schema.org\",\"@graph\":[{\"@type\":\"Article\",\"@id\":\"https:\\\/\\\/blog.desenzanoloft.com\\\/de\\\/wohnung-mit-terrasse-desenzano-del-garda-leitfaden-zur-auswahl-fur-einen-exklusiven-urlaub\\\/#article\",\"isPartOf\":{\"@id\":\"https:\\\/\\\/blog.desenzanoloft.com\\\/de\\\/wohnung-mit-terrasse-desenzano-del-garda-leitfaden-zur-auswahl-fur-einen-exklusiven-urlaub\\\/\"},\"author\":{\"name\":\"desenzanoloft\",\"@id\":\"https:\\\/\\\/blog.desenzanoloft.com\\\/de\\\/#\\\/schema\\\/person\\\/3363b0dbf0bb9edb036fb68a61d6dd42\"},\"headline\":\"Wohnung mit Terrasse Desenzano del Garda: Leitfaden zur Auswahl f\u00fcr einen exklusiven Urlaub\",\"datePublished\":\"2026-04-26T10:51:45+00:00\",\"dateModified\":\"2026-04-26T11:19:19+00:00\",\"mainEntityOfPage\":{\"@id\":\"https:\\\/\\\/blog.desenzanoloft.com\\\/de\\\/wohnung-mit-terrasse-desenzano-del-garda-leitfaden-zur-auswahl-fur-einen-exklusiven-urlaub\\\/\"},\"wordCount\":3749,\"commentCount\":0,\"image\":{\"@id\":\"https:\\\/\\\/blog.desenzanoloft.com\\\/de\\\/wohnung-mit-terrasse-desenzano-del-garda-leitfaden-zur-auswahl-fur-einen-exklusiven-urlaub\\\/#primaryimage\"},\"thumbnailUrl\":\"https:\\\/\\\/blog.desenzanoloft.com\\\/wp-content\\\/uploads\\\/2026\\\/04\\\/Wohnung-mit-Terrasse-Desenzano-del-Garda-Leitfaden-zur-Auswahl-fur-einen-exklusiven-Urlaub-Hero-Image.jpg\",\"keywords\":[\"desenzanoloft\",\"desenzanoloft\",\"Exklusiver Aufenthalt Gardasee\",\"Exklusiver Aufenthalt Gardasee\",\"Ferienwohnung Desenzano\",\"Ferienwohnung Desenzano\",\"Gardasee Urlaub\",\"Italien Urlaub\",\"Kurzzeitmiete Desenzano\",\"Kurzzeitmiete Desenzano\",\"Luxusurlaub Gardasee\",\"Wohnung mit Terrasse Desenzano del Garda\",\"Wohnung mit Terrasse Desenzano del Garda\"],\"articleSection\":[\"Gardasee Reisef\u00fchrer\",\"Uncategorized\"],\"inLanguage\":\"de\",\"potentialAction\":[{\"@type\":\"CommentAction\",\"name\":\"Comment\",\"target\":[\"https:\\\/\\\/blog.desenzanoloft.com\\\/de\\\/wohnung-mit-terrasse-desenzano-del-garda-leitfaden-zur-auswahl-fur-einen-exklusiven-urlaub\\\/#respond\"]}]},{\"@type\":\"WebPage\",\"@id\":\"https:\\\/\\\/blog.desenzanoloft.com\\\/de\\\/wohnung-mit-terrasse-desenzano-del-garda-leitfaden-zur-auswahl-fur-einen-exklusiven-urlaub\\\/\",\"url\":\"https:\\\/\\\/blog.desenzanoloft.com\\\/de\\\/wohnung-mit-terrasse-desenzano-del-garda-leitfaden-zur-auswahl-fur-einen-exklusiven-urlaub\\\/\",\"name\":\"Wohnung mit Terrasse Desenzano del Garda: Leitfaden zur Auswahl f\u00fcr einen exklusiven Urlaub - Blog\",\"isPartOf\":{\"@id\":\"https:\\\/\\\/blog.desenzanoloft.com\\\/de\\\/#website\"},\"primaryImageOfPage\":{\"@id\":\"https:\\\/\\\/blog.desenzanoloft.com\\\/de\\\/wohnung-mit-terrasse-desenzano-del-garda-leitfaden-zur-auswahl-fur-einen-exklusiven-urlaub\\\/#primaryimage\"},\"image\":{\"@id\":\"https:\\\/\\\/blog.desenzanoloft.com\\\/de\\\/wohnung-mit-terrasse-desenzano-del-garda-leitfaden-zur-auswahl-fur-einen-exklusiven-urlaub\\\/#primaryimage\"},\"thumbnailUrl\":\"https:\\\/\\\/blog.desenzanoloft.com\\\/wp-content\\\/uploads\\\/2026\\\/04\\\/Wohnung-mit-Terrasse-Desenzano-del-Garda-Leitfaden-zur-Auswahl-fur-einen-exklusiven-Urlaub-Hero-Image.jpg\",\"datePublished\":\"2026-04-26T10:51:45+00:00\",\"dateModified\":\"2026-04-26T11:19:19+00:00\",\"author\":{\"@id\":\"https:\\\/\\\/blog.desenzanoloft.com\\\/de\\\/#\\\/schema\\\/person\\\/3363b0dbf0bb9edb036fb68a61d6dd42\"},\"description\":\"Leitfaden zur Auswahl einer Wohnung mit Terrasse in Desenzano del Garda. Entdecken Sie die Kriterien f\u00fcr einen Luxusaufenthalt, von der Lage bis zu den Elite-Dienstleistungen.\",\"breadcrumb\":{\"@id\":\"https:\\\/\\\/blog.desenzanoloft.com\\\/de\\\/wohnung-mit-terrasse-desenzano-del-garda-leitfaden-zur-auswahl-fur-einen-exklusiven-urlaub\\\/#breadcrumb\"},\"inLanguage\":\"de\",\"potentialAction\":[{\"@type\":\"ReadAction\",\"target\":[\"https:\\\/\\\/blog.desenzanoloft.com\\\/de\\\/wohnung-mit-terrasse-desenzano-del-garda-leitfaden-zur-auswahl-fur-einen-exklusiven-urlaub\\\/\"]}]},{\"@type\":\"ImageObject\",\"inLanguage\":\"de\",\"@id\":\"https:\\\/\\\/blog.desenzanoloft.com\\\/de\\\/wohnung-mit-terrasse-desenzano-del-garda-leitfaden-zur-auswahl-fur-einen-exklusiven-urlaub\\\/#primaryimage\",\"url\":\"https:\\\/\\\/blog.desenzanoloft.com\\\/wp-content\\\/uploads\\\/2026\\\/04\\\/Wohnung-mit-Terrasse-Desenzano-del-Garda-Leitfaden-zur-Auswahl-fur-einen-exklusiven-Urlaub-Hero-Image.jpg\",\"contentUrl\":\"https:\\\/\\\/blog.desenzanoloft.com\\\/wp-content\\\/uploads\\\/2026\\\/04\\\/Wohnung-mit-Terrasse-Desenzano-del-Garda-Leitfaden-zur-Auswahl-fur-einen-exklusiven-Urlaub-Hero-Image.jpg\",\"width\":1344,\"height\":768,\"caption\":\"Appartamento con terrazzo Desenzano del Garda: Guida alla scelta per una vacanza esclusiva\"},{\"@type\":\"BreadcrumbList\",\"@id\":\"https:\\\/\\\/blog.desenzanoloft.com\\\/de\\\/wohnung-mit-terrasse-desenzano-del-garda-leitfaden-zur-auswahl-fur-einen-exklusiven-urlaub\\\/#breadcrumb\",\"itemListElement\":[{\"@type\":\"ListItem\",\"position\":1,\"name\":\"Home\",\"item\":\"https:\\\/\\\/blog.desenzanoloft.com\\\/de\\\/\"},{\"@type\":\"ListItem\",\"position\":2,\"name\":\"Wohnung mit Terrasse Desenzano del Garda: Leitfaden zur Auswahl f\u00fcr einen exklusiven Urlaub\"}]},{\"@type\":\"WebSite\",\"@id\":\"https:\\\/\\\/blog.desenzanoloft.com\\\/de\\\/#website\",\"url\":\"https:\\\/\\\/blog.desenzanoloft.com\\\/de\\\/\",\"name\":\"Blog\",\"description\":\"Desenzanoloft\",\"potentialAction\":[{\"@type\":\"SearchAction\",\"target\":{\"@type\":\"EntryPoint\",\"urlTemplate\":\"https:\\\/\\\/blog.desenzanoloft.com\\\/de\\\/?s={search_term_string}\"},\"query-input\":{\"@type\":\"PropertyValueSpecification\",\"valueRequired\":true,\"valueName\":\"search_term_string\"}}],\"inLanguage\":\"de\"},{\"@type\":\"Person\",\"@id\":\"https:\\\/\\\/blog.desenzanoloft.com\\\/de\\\/#\\\/schema\\\/person\\\/3363b0dbf0bb9edb036fb68a61d6dd42\",\"name\":\"desenzanoloft\",\"image\":{\"@type\":\"ImageObject\",\"inLanguage\":\"de\",\"@id\":\"https:\\\/\\\/secure.gravatar.com\\\/avatar\\\/f0a7703b30e35f233c4ec0317086f2b943a1586f5929cc61eeceae263a3ac558?s=96&d=mm&r=g\",\"url\":\"https:\\\/\\\/secure.gravatar.com\\\/avatar\\\/f0a7703b30e35f233c4ec0317086f2b943a1586f5929cc61eeceae263a3ac558?s=96&d=mm&r=g\",\"contentUrl\":\"https:\\\/\\\/secure.gravatar.com\\\/avatar\\\/f0a7703b30e35f233c4ec0317086f2b943a1586f5929cc61eeceae263a3ac558?s=96&d=mm&r=g\",\"caption\":\"desenzanoloft\"},\"sameAs\":[\"https:\\\/\\\/www.desenzanoloft.com\\\/\",\"https:\\\/\\\/www.facebook.com\\\/CarloClaveriniDESENZANO\"],\"url\":\"https:\\\/\\\/blog.desenzanoloft.com\\\/de\\\/author\\\/desenzanoloft\\\/\"}]}<\/script>\n<!-- \/ Yoast SEO plugin. -->","yoast_head_json":{"title":"Wohnung mit Terrasse Desenzano del Garda: Leitfaden zur Auswahl f\u00fcr einen exklusiven Urlaub - Blog","description":"Leitfaden zur Auswahl einer Wohnung mit Terrasse in Desenzano del Garda. Entdecken Sie die Kriterien f\u00fcr einen Luxusaufenthalt, von der Lage bis zu den Elite-Dienstleistungen.","robots":{"index":"index","follow":"follow","max-snippet":"max-snippet:-1","max-image-preview":"max-image-preview:large","max-video-preview":"max-video-preview:-1"},"canonical":"https:\/\/blog.desenzanoloft.com\/de\/wohnung-mit-terrasse-desenzano-del-garda-leitfaden-zur-auswahl-fur-einen-exklusiven-urlaub\/","og_locale":"de_DE","og_type":"article","og_title":"Wohnung mit Terrasse Desenzano del Garda: Leitfaden zur Auswahl f\u00fcr einen exklusiven Urlaub - Blog","og_description":"Leitfaden zur Auswahl einer Wohnung mit Terrasse in Desenzano del Garda. Entdecken Sie die Kriterien f\u00fcr einen Luxusaufenthalt, von der Lage bis zu den Elite-Dienstleistungen.","og_url":"https:\/\/blog.desenzanoloft.com\/de\/wohnung-mit-terrasse-desenzano-del-garda-leitfaden-zur-auswahl-fur-einen-exklusiven-urlaub\/","og_site_name":"Blog","article_author":"https:\/\/www.facebook.com\/CarloClaveriniDESENZANO","article_published_time":"2026-04-26T10:51:45+00:00","article_modified_time":"2026-04-26T11:19:19+00:00","og_image":[{"url":"https:\/\/blog.desenzanoloft.com\/wp-content\/uploads\/2026\/04\/Wohnung-mit-Terrasse-Desenzano-del-Garda-Leitfaden-zur-Auswahl-fur-einen-exklusiven-Urlaub-Hero-Image.jpg","type":"","width":"","height":""}],"author":"desenzanoloft","twitter_card":"summary_large_image","twitter_image":"https:\/\/blog.desenzanoloft.com\/wp-content\/uploads\/2026\/04\/Wohnung-mit-Terrasse-Desenzano-del-Garda-Leitfaden-zur-Auswahl-fur-einen-exklusiven-Urlaub-Hero-Image.jpg","twitter_misc":{"Verfasst von":"desenzanoloft","Gesch\u00e4tzte Lesezeit":"19\u00a0Minuten"},"schema":{"@context":"https:\/\/schema.org","@graph":[{"@type":"Article","@id":"https:\/\/blog.desenzanoloft.com\/de\/wohnung-mit-terrasse-desenzano-del-garda-leitfaden-zur-auswahl-fur-einen-exklusiven-urlaub\/#article","isPartOf":{"@id":"https:\/\/blog.desenzanoloft.com\/de\/wohnung-mit-terrasse-desenzano-del-garda-leitfaden-zur-auswahl-fur-einen-exklusiven-urlaub\/"},"author":{"name":"desenzanoloft","@id":"https:\/\/blog.desenzanoloft.com\/de\/#\/schema\/person\/3363b0dbf0bb9edb036fb68a61d6dd42"},"headline":"Wohnung mit Terrasse Desenzano del Garda: Leitfaden zur Auswahl f\u00fcr einen exklusiven Urlaub","datePublished":"2026-04-26T10:51:45+00:00","dateModified":"2026-04-26T11:19:19+00:00","mainEntityOfPage":{"@id":"https:\/\/blog.desenzanoloft.com\/de\/wohnung-mit-terrasse-desenzano-del-garda-leitfaden-zur-auswahl-fur-einen-exklusiven-urlaub\/"},"wordCount":3749,"commentCount":0,"image":{"@id":"https:\/\/blog.desenzanoloft.com\/de\/wohnung-mit-terrasse-desenzano-del-garda-leitfaden-zur-auswahl-fur-einen-exklusiven-urlaub\/#primaryimage"},"thumbnailUrl":"https:\/\/blog.desenzanoloft.com\/wp-content\/uploads\/2026\/04\/Wohnung-mit-Terrasse-Desenzano-del-Garda-Leitfaden-zur-Auswahl-fur-einen-exklusiven-Urlaub-Hero-Image.jpg","keywords":["desenzanoloft","desenzanoloft","Exklusiver Aufenthalt Gardasee","Exklusiver Aufenthalt Gardasee","Ferienwohnung Desenzano","Ferienwohnung Desenzano","Gardasee Urlaub","Italien Urlaub","Kurzzeitmiete Desenzano","Kurzzeitmiete Desenzano","Luxusurlaub Gardasee","Wohnung mit Terrasse Desenzano del Garda","Wohnung mit Terrasse Desenzano del Garda"],"articleSection":["Gardasee Reisef\u00fchrer","Uncategorized"],"inLanguage":"de","potentialAction":[{"@type":"CommentAction","name":"Comment","target":["https:\/\/blog.desenzanoloft.com\/de\/wohnung-mit-terrasse-desenzano-del-garda-leitfaden-zur-auswahl-fur-einen-exklusiven-urlaub\/#respond"]}]},{"@type":"WebPage","@id":"https:\/\/blog.desenzanoloft.com\/de\/wohnung-mit-terrasse-desenzano-del-garda-leitfaden-zur-auswahl-fur-einen-exklusiven-urlaub\/","url":"https:\/\/blog.desenzanoloft.com\/de\/wohnung-mit-terrasse-desenzano-del-garda-leitfaden-zur-auswahl-fur-einen-exklusiven-urlaub\/","name":"Wohnung mit Terrasse Desenzano del Garda: Leitfaden zur Auswahl f\u00fcr einen exklusiven Urlaub - Blog","isPartOf":{"@id":"https:\/\/blog.desenzanoloft.com\/de\/#website"},"primaryImageOfPage":{"@id":"https:\/\/blog.desenzanoloft.com\/de\/wohnung-mit-terrasse-desenzano-del-garda-leitfaden-zur-auswahl-fur-einen-exklusiven-urlaub\/#primaryimage"},"image":{"@id":"https:\/\/blog.desenzanoloft.com\/de\/wohnung-mit-terrasse-desenzano-del-garda-leitfaden-zur-auswahl-fur-einen-exklusiven-urlaub\/#primaryimage"},"thumbnailUrl":"https:\/\/blog.desenzanoloft.com\/wp-content\/uploads\/2026\/04\/Wohnung-mit-Terrasse-Desenzano-del-Garda-Leitfaden-zur-Auswahl-fur-einen-exklusiven-Urlaub-Hero-Image.jpg","datePublished":"2026-04-26T10:51:45+00:00","dateModified":"2026-04-26T11:19:19+00:00","author":{"@id":"https:\/\/blog.desenzanoloft.com\/de\/#\/schema\/person\/3363b0dbf0bb9edb036fb68a61d6dd42"},"description":"Leitfaden zur Auswahl einer Wohnung mit Terrasse in Desenzano del Garda. Entdecken Sie die Kriterien f\u00fcr einen Luxusaufenthalt, von der Lage bis zu den Elite-Dienstleistungen.","breadcrumb":{"@id":"https:\/\/blog.desenzanoloft.com\/de\/wohnung-mit-terrasse-desenzano-del-garda-leitfaden-zur-auswahl-fur-einen-exklusiven-urlaub\/#breadcrumb"},"inLanguage":"de","potentialAction":[{"@type":"ReadAction","target":["https:\/\/blog.desenzanoloft.com\/de\/wohnung-mit-terrasse-desenzano-del-garda-leitfaden-zur-auswahl-fur-einen-exklusiven-urlaub\/"]}]},{"@type":"ImageObject","inLanguage":"de","@id":"https:\/\/blog.desenzanoloft.com\/de\/wohnung-mit-terrasse-desenzano-del-garda-leitfaden-zur-auswahl-fur-einen-exklusiven-urlaub\/#primaryimage","url":"https:\/\/blog.desenzanoloft.com\/wp-content\/uploads\/2026\/04\/Wohnung-mit-Terrasse-Desenzano-del-Garda-Leitfaden-zur-Auswahl-fur-einen-exklusiven-Urlaub-Hero-Image.jpg","contentUrl":"https:\/\/blog.desenzanoloft.com\/wp-content\/uploads\/2026\/04\/Wohnung-mit-Terrasse-Desenzano-del-Garda-Leitfaden-zur-Auswahl-fur-einen-exklusiven-Urlaub-Hero-Image.jpg","width":1344,"height":768,"caption":"Appartamento con terrazzo Desenzano del Garda: Guida alla scelta per una vacanza esclusiva"},{"@type":"BreadcrumbList","@id":"https:\/\/blog.desenzanoloft.com\/de\/wohnung-mit-terrasse-desenzano-del-garda-leitfaden-zur-auswahl-fur-einen-exklusiven-urlaub\/#breadcrumb","itemListElement":[{"@type":"ListItem","position":1,"name":"Home","item":"https:\/\/blog.desenzanoloft.com\/de\/"},{"@type":"ListItem","position":2,"name":"Wohnung mit Terrasse Desenzano del Garda: Leitfaden zur Auswahl f\u00fcr einen exklusiven Urlaub"}]},{"@type":"WebSite","@id":"https:\/\/blog.desenzanoloft.com\/de\/#website","url":"https:\/\/blog.desenzanoloft.com\/de\/","name":"Blog","description":"Desenzanoloft","potentialAction":[{"@type":"SearchAction","target":{"@type":"EntryPoint","urlTemplate":"https:\/\/blog.desenzanoloft.com\/de\/?s={search_term_string}"},"query-input":{"@type":"PropertyValueSpecification","valueRequired":true,"valueName":"search_term_string"}}],"inLanguage":"de"},{"@type":"Person","@id":"https:\/\/blog.desenzanoloft.com\/de\/#\/schema\/person\/3363b0dbf0bb9edb036fb68a61d6dd42","name":"desenzanoloft","image":{"@type":"ImageObject","inLanguage":"de","@id":"https:\/\/secure.gravatar.com\/avatar\/f0a7703b30e35f233c4ec0317086f2b943a1586f5929cc61eeceae263a3ac558?s=96&d=mm&r=g","url":"https:\/\/secure.gravatar.com\/avatar\/f0a7703b30e35f233c4ec0317086f2b943a1586f5929cc61eeceae263a3ac558?s=96&d=mm&r=g","contentUrl":"https:\/\/secure.gravatar.com\/avatar\/f0a7703b30e35f233c4ec0317086f2b943a1586f5929cc61eeceae263a3ac558?s=96&d=mm&r=g","caption":"desenzanoloft"},"sameAs":["https:\/\/www.desenzanoloft.com\/","https:\/\/www.facebook.com\/CarloClaveriniDESENZANO"],"url":"https:\/\/blog.desenzanoloft.com\/de\/author\/desenzanoloft\/"}]}},"_links":{"self":[{"href":"https:\/\/blog.desenzanoloft.com\/de\/wp-json\/wp\/v2\/posts\/2973","targetHints":{"allow":["GET"]}}],"collection":[{"href":"https:\/\/blog.desenzanoloft.com\/de\/wp-json\/wp\/v2\/posts"}],"about":[{"href":"https:\/\/blog.desenzanoloft.com\/de\/wp-json\/wp\/v2\/types\/post"}],"author":[{"embeddable":true,"href":"https:\/\/blog.desenzanoloft.com\/de\/wp-json\/wp\/v2\/users\/57"}],"replies":[{"embeddable":true,"href":"https:\/\/blog.desenzanoloft.com\/de\/wp-json\/wp\/v2\/comments?post=2973"}],"version-history":[{"count":5,"href":"https:\/\/blog.desenzanoloft.com\/de\/wp-json\/wp\/v2\/posts\/2973\/revisions"}],"predecessor-version":[{"id":2996,"href":"https:\/\/blog.desenzanoloft.com\/de\/wp-json\/wp\/v2\/posts\/2973\/revisions\/2996"}],"wp:featuredmedia":[{"embeddable":true,"href":"https:\/\/blog.desenzanoloft.com\/de\/wp-json\/wp\/v2\/media\/2972"}],"wp:attachment":[{"href":"https:\/\/blog.desenzanoloft.com\/de\/wp-json\/wp\/v2\/media?parent=2973"}],"wp:term":[{"taxonomy":"category","embeddable":true,"href":"https:\/\/blog.desenzanoloft.com\/de\/wp-json\/wp\/v2\/categories?post=2973"},{"taxonomy":"post_tag","embeddable":true,"href":"https:\/\/blog.desenzanoloft.com\/de\/wp-json\/wp\/v2\/tags?post=2973"}],"curies":[{"name":"wp","href":"https:\/\/api.w.org\/{rel}","templated":true}]}}